{"id":1285,"date":"2016-08-04T18:56:05","date_gmt":"2016-08-04T21:56:05","guid":{"rendered":"https:\/\/blogs.correiobraziliense.com.br\/consumidor\/?p=1285"},"modified":"2016-08-04T18:56:05","modified_gmt":"2016-08-04T21:56:05","slug":"uber-elogia-lei-aprovada-no-distrito-federal-e-diz-que-brasilia-saiu-na-frente","status":"publish","type":"post","link":"https:\/\/blogs.correiobraziliense.com.br\/consumidor\/uber-elogia-lei-aprovada-no-distrito-federal-e-diz-que-brasilia-saiu-na-frente\/","title":{"rendered":"Uber elogia lei aprovada no Distrito Federal e diz que &#8216;Bras\u00edlia saiu na frente&#8217;"},"content":{"rendered":"<p>A Uber elogiou a nova regula\u00e7\u00e3o que autoriza o funcionamento do servi\u00e7o de transporte por aplicativo. Segundo a empresa, &#8220;A Uber abra\u00e7a essa nova regula\u00e7\u00e3o que celebra Bras\u00edlia e reflete o desejo da popula\u00e7\u00e3o do DF&#8221;. A companhia ressaltou ainda que &#8220;Bras\u00edlia saiu na frente&#8221;.<\/p>\n<p>A multinacional lembrou que o processo regulat\u00f3rio \u00e9 cont\u00ednuo e que itens da lei ser\u00e3o regulados por decretos e portarias publicadas posteriormente.<\/p>\n<p>Atualmente s\u00e3o duas cidades com regula\u00e7\u00f5es sobre o servi\u00e7o no Brasil: Bras\u00edlia e S\u00e3o Paulo.<\/p>\n<p>&nbsp;<\/p>\n<p>&nbsp;<\/p>\n","protected":false},"excerpt":{"rendered":"<p>A Uber elogiou a nova regula\u00e7\u00e3o que autoriza o funcionamento do servi\u00e7o de transporte por aplicativo. Segundo a empresa, &#8220;A Uber abra\u00e7a essa nova regula\u00e7\u00e3o que celebra Bras\u00edlia e reflete o desejo da popula\u00e7\u00e3o do DF&#8221;. A companhia ressaltou ainda que &#8220;Bras\u00edlia saiu na frente&#8221;. A multinacional lembrou que o processo regulat\u00f3rio \u00e9 cont\u00ednuo e que itens da lei ser\u00e3o [&hellip;]<\/p>\n","protected":false},"author":28,"featured_media":0,"comment_status":"open","ping_status":"closed","sticky":false,"template":"","format":"standard","meta":{"footnotes":""},"categories":[144],"tags":[],"class_list":["post-1285","post","type-post","status-publish","format-standard","hentry","category-consumidor"],"_links":{"self":[{"href":"https:\/\/blogs.correiobraziliense.com.br\/consumidor\/wp-json\/wp\/v2\/posts\/1285","targetHints":{"allow":["GET"]}}],"collection":[{"href":"https:\/\/blogs.correiobraziliense.com.br\/consumidor\/wp-json\/wp\/v2\/posts"}],"about":[{"href":"https:\/\/blogs.correiobraziliense.com.br\/consumidor\/wp-json\/wp\/v2\/types\/post"}],"author":[{"embeddable":true,"href":"https:\/\/blogs.correiobraziliense.com.br\/consumidor\/wp-json\/wp\/v2\/users\/28"}],"replies":[{"embeddable":true,"href":"https:\/\/blogs.correiobraziliense.com.br\/consumidor\/wp-json\/wp\/v2\/comments?post=1285"}],"version-history":[{"count":1,"href":"https:\/\/blogs.correiobraziliense.com.br\/consumidor\/wp-json\/wp\/v2\/posts\/1285\/revisions"}],"predecessor-version":[{"id":1286,"href":"https:\/\/blogs.correiobraziliense.com.br\/consumidor\/wp-json\/wp\/v2\/posts\/1285\/revisions\/1286"}],"wp:attachment":[{"href":"https:\/\/blogs.correiobraziliense.com.br\/consumidor\/wp-json\/wp\/v2\/media?parent=1285"}],"wp:term":[{"taxonomy":"category","embeddable":true,"href":"https:\/\/blogs.correiobraziliense.com.br\/consumidor\/wp-json\/wp\/v2\/categories?post=1285"},{"taxonomy":"post_tag","embeddable":true,"href":"https:\/\/blogs.correiobraziliense.com.br\/consumidor\/wp-json\/wp\/v2\/tags?post=1285"}],"curies":[{"name":"wp","href":"https:\/\/api.w.org\/{rel}","templated":true}]}}