{"id":1282,"date":"2016-08-02T15:02:00","date_gmt":"2016-08-02T18:02:00","guid":{"rendered":"https:\/\/blogs.correiobraziliense.com.br\/consumidor\/?p=1282"},"modified":"2016-08-02T15:02:00","modified_gmt":"2016-08-02T18:02:00","slug":"confira-os-pontos-da-lei-do-uber-que-foram-vetados-pelo-executivo","status":"publish","type":"post","link":"https:\/\/blogs.correiobraziliense.com.br\/consumidor\/confira-os-pontos-da-lei-do-uber-que-foram-vetados-pelo-executivo\/","title":{"rendered":"Confira os pontos da Lei do Uber que foram vetados pelo Executivo"},"content":{"rendered":"<p>Veja o que o Executivo cortou do projeto de lei enviado pela C\u00e2mara Legislativa do Distrito Federal e que foi sancionado nesta ter\u00e7a-feira (2\/8) pelo governador Rodrigo Rollemberg:<\/p>\n<p><strong>1-<\/strong> A defini\u00e7\u00e3o do que \u00e9 Servi\u00e7o de Transporte Individual Privado de Passageiros Baseado em Tecnologia e a obrigatoriedade de propriedade do ve\u00edculo pelo operador do Uber<\/p>\n<p><strong>2-<\/strong> A necessidade de apresentar comprovante de resid\u00eancia no Distrito Federal nos \u00faltimos tr\u00eas meses<\/p>\n<p><strong>3-<\/strong> A prioridade de autoriza\u00e7\u00e3o para taxistas que operam no sistema sem autoriza\u00e7\u00e3o do Estado, como, por exemplo, dividindo uma licen\u00e7a<\/p>\n<p><strong>4-<\/strong> A proibi\u00e7\u00e3o de forma\u00e7\u00e3o de frota<\/p>\n<p><strong>5-<\/strong> A obrigatoriedade de fixa\u00e7\u00e3o da identifica\u00e7\u00e3o do operador do servi\u00e7o em local vis\u00edvel aos passageiros<\/p>\n<p><strong>6-<\/strong> A obrigatoriedade de forma\u00e7\u00e3o de um banco de informa\u00e7\u00f5es para a fiscaliza\u00e7\u00e3o da opera\u00e7\u00e3o pela Secretaria de Mobilidade<\/p>\n<p><strong>7-<\/strong> A proibi\u00e7\u00e3o de usar ve\u00edculos de terceiros para operar o servi\u00e7o<\/p>\n<p><strong>8-<\/strong> A obrigatoriedade de enviar nota fiscal eletr\u00f4nica ao consumidor<\/p>\n<p><strong>9-<\/strong> A obrigatoriedade de residir no DF h\u00e1, no m\u00ednimo, tr\u00eas anos<\/p>\n<p><strong>10-<\/strong> A obrigatoriedade de disponibilizar \u00e0 Secretaria de Mobilidade perfil com informa\u00e7\u00f5es necess\u00e1rias para a fiscaliza\u00e7\u00e3o<\/p>\n<p><strong>11-<\/strong> O cadastro de, no m\u00e1ximo, duas pessoas naturais por ve\u00edculo<\/p>\n<p><strong>12-<\/strong> A libera\u00e7\u00e3o de taxista fazer ponto ou permanecer em local n\u00e3o reservado para t\u00e1xi &#8211; como parada de transporte p\u00fablico.<\/p>\n<p>&nbsp;<\/p>\n","protected":false},"excerpt":{"rendered":"<p>Veja o que o Executivo cortou do projeto de lei enviado pela C\u00e2mara Legislativa do Distrito Federal e que foi sancionado nesta ter\u00e7a-feira (2\/8) pelo governador Rodrigo Rollemberg: 1- A defini\u00e7\u00e3o do que \u00e9 Servi\u00e7o de Transporte Individual Privado de Passageiros Baseado em Tecnologia e a obrigatoriedade de propriedade do ve\u00edculo pelo operador do Uber 2- A necessidade de apresentar [&hellip;]<\/p>\n","protected":false},"author":28,"featured_media":1283,"comment_status":"open","ping_status":"closed","sticky":false,"template":"","format":"standard","meta":{"footnotes":""},"categories":[144],"tags":[147,148,124],"class_list":["post-1282","post","type-post","status-publish","format-standard","has-post-thumbnail","hentry","category-consumidor","tag-sancao","tag-taxi","tag-uber"],"_links":{"self":[{"href":"https:\/\/blogs.correiobraziliense.com.br\/consumidor\/wp-json\/wp\/v2\/posts\/1282","targetHints":{"allow":["GET"]}}],"collection":[{"href":"https:\/\/blogs.correiobraziliense.com.br\/consumidor\/wp-json\/wp\/v2\/posts"}],"about":[{"href":"https:\/\/blogs.correiobraziliense.com.br\/consumidor\/wp-json\/wp\/v2\/types\/post"}],"author":[{"embeddable":true,"href":"https:\/\/blogs.correiobraziliense.com.br\/consumidor\/wp-json\/wp\/v2\/users\/28"}],"replies":[{"embeddable":true,"href":"https:\/\/blogs.correiobraziliense.com.br\/consumidor\/wp-json\/wp\/v2\/comments?post=1282"}],"version-history":[{"count":1,"href":"https:\/\/blogs.correiobraziliense.com.br\/consumidor\/wp-json\/wp\/v2\/posts\/1282\/revisions"}],"predecessor-version":[{"id":1284,"href":"https:\/\/blogs.correiobraziliense.com.br\/consumidor\/wp-json\/wp\/v2\/posts\/1282\/revisions\/1284"}],"wp:featuredmedia":[{"embeddable":true,"href":"https:\/\/blogs.correiobraziliense.com.br\/consumidor\/wp-json\/wp\/v2\/media\/1283"}],"wp:attachment":[{"href":"https:\/\/blogs.correiobraziliense.com.br\/consumidor\/wp-json\/wp\/v2\/media?parent=1282"}],"wp:term":[{"taxonomy":"category","embeddable":true,"href":"https:\/\/blogs.correiobraziliense.com.br\/consumidor\/wp-json\/wp\/v2\/categories?post=1282"},{"taxonomy":"post_tag","embeddable":true,"href":"https:\/\/blogs.correiobraziliense.com.br\/consumidor\/wp-json\/wp\/v2\/tags?post=1282"}],"curies":[{"name":"wp","href":"https:\/\/api.w.org\/{rel}","templated":true}]}}