{"id":1278,"date":"2016-08-01T18:03:36","date_gmt":"2016-08-01T21:03:36","guid":{"rendered":"https:\/\/blogs.correiobraziliense.com.br\/consumidor\/?p=1278"},"modified":"2016-08-01T18:05:25","modified_gmt":"2016-08-01T21:05:25","slug":"executivo-pretende-rever-r-1-bilhao-com-multas-administrativas-nao-pagas","status":"publish","type":"post","link":"https:\/\/blogs.correiobraziliense.com.br\/consumidor\/executivo-pretende-rever-r-1-bilhao-com-multas-administrativas-nao-pagas\/","title":{"rendered":"Executivo pretende rever R$ 1 bilh\u00e3o com multas administrativas n\u00e3o pagas"},"content":{"rendered":"<p>A Secretaria de Fazenda do Distrito Federal correu contra o tempo e lan\u00e7ou os requisitos para o\u00a0Programa de Incentivo de Regulariza\u00e7\u00e3o de D\u00e9bitos N\u00e3o Tribut\u00e1rios (Refis-N). No \u00faltimo dia de vota\u00e7\u00e3o na C\u00e2mara Legislativa antes do recesso parlamentar, o Executivo conseguiu a autoriza\u00e7\u00e3o da Casa para a cobran\u00e7a com desconto. A ideia \u00e9 fortalecer o caixa do governo local com as d\u00edvidas n\u00e3o tribut\u00e1rias, isto \u00e9, multas e puni\u00e7\u00f5es n\u00e3o pagas aplicadas por \u00f3rg\u00e3os como o Procon-DF,\u00a0o Instituto Bras\u00edlia Ambiental (Ibram), a Vigil\u00e2ncia Sanit\u00e1ria, a Secretaria de Sa\u00fade, o DFTrans e as administra\u00e7\u00f5es regionais. Os d\u00e9bitos com o Detran, CEB e Caesb n\u00e3o entram no programa.<\/p>\n<p>De acordo com a pasta, o Executivo tem R$ 1,031 bilh\u00e3o para receber de 18 mil pessoas f\u00edsicas e 10 mil pessoas jur\u00eddicas, inscritas no cadastro da d\u00edvida ativa, porque n\u00e3o pagaram as multas administrativas. Contribuintes que n\u00e3o est\u00e3o em dia com o governo n\u00e3o podem tomar posse em cargo p\u00fablico nem assinar contratos com o Estado, por exemplo.<\/p>\n<p>O Refis-N vai dar descontos de at\u00e9 99% sobre juros de mora e multas em atraso com o governo local. Desta segunda-feira (1\/8) at\u00e9 31 de agosto, os inadimplentes poder\u00e3o parcelar as d\u00edvidas em at\u00e9 120 vezes.\u00a0Para visualizar os d\u00e9bitos e escolher como quit\u00e1-los, os interessados devem acessar a p\u00e1gina do Refis-N, no site da Secretaria de Fazenda.<\/p>\n<p>O programa da Fazenda oferece dez prazos, incluindo a op\u00e7\u00e3o \u00e0 vista. Quanto menor o tempo para saldar a d\u00edvida, maior ser\u00e1 o desconto. O valor a ser pago mensalmente n\u00e3o pode ser inferior a R$ 50, para pessoas f\u00edsicas, e de R$ 200, para pessoas jur\u00eddicas.<\/p>\n<p><em>Com informa\u00e7\u00f5es da Ag\u00eancia Bras\u00edlia<\/em><\/p>\n","protected":false},"excerpt":{"rendered":"<p>A Secretaria de Fazenda do Distrito Federal correu contra o tempo e lan\u00e7ou os requisitos para o\u00a0Programa de Incentivo de Regulariza\u00e7\u00e3o de D\u00e9bitos N\u00e3o Tribut\u00e1rios (Refis-N). No \u00faltimo dia de vota\u00e7\u00e3o na C\u00e2mara Legislativa antes do recesso parlamentar, o Executivo conseguiu a autoriza\u00e7\u00e3o da Casa para a cobran\u00e7a com desconto. A ideia \u00e9 fortalecer o caixa do governo local com [&hellip;]<\/p>\n","protected":false},"author":28,"featured_media":0,"comment_status":"open","ping_status":"closed","sticky":false,"template":"","format":"standard","meta":{"footnotes":""},"categories":[144],"tags":[],"class_list":["post-1278","post","type-post","status-publish","format-standard","hentry","category-consumidor"],"_links":{"self":[{"href":"https:\/\/blogs.correiobraziliense.com.br\/consumidor\/wp-json\/wp\/v2\/posts\/1278","targetHints":{"allow":["GET"]}}],"collection":[{"href":"https:\/\/blogs.correiobraziliense.com.br\/consumidor\/wp-json\/wp\/v2\/posts"}],"about":[{"href":"https:\/\/blogs.correiobraziliense.com.br\/consumidor\/wp-json\/wp\/v2\/types\/post"}],"author":[{"embeddable":true,"href":"https:\/\/blogs.correiobraziliense.com.br\/consumidor\/wp-json\/wp\/v2\/users\/28"}],"replies":[{"embeddable":true,"href":"https:\/\/blogs.correiobraziliense.com.br\/consumidor\/wp-json\/wp\/v2\/comments?post=1278"}],"version-history":[{"count":3,"href":"https:\/\/blogs.correiobraziliense.com.br\/consumidor\/wp-json\/wp\/v2\/posts\/1278\/revisions"}],"predecessor-version":[{"id":1281,"href":"https:\/\/blogs.correiobraziliense.com.br\/consumidor\/wp-json\/wp\/v2\/posts\/1278\/revisions\/1281"}],"wp:attachment":[{"href":"https:\/\/blogs.correiobraziliense.com.br\/consumidor\/wp-json\/wp\/v2\/media?parent=1278"}],"wp:term":[{"taxonomy":"category","embeddable":true,"href":"https:\/\/blogs.correiobraziliense.com.br\/consumidor\/wp-json\/wp\/v2\/categories?post=1278"},{"taxonomy":"post_tag","embeddable":true,"href":"https:\/\/blogs.correiobraziliense.com.br\/consumidor\/wp-json\/wp\/v2\/tags?post=1278"}],"curies":[{"name":"wp","href":"https:\/\/api.w.org\/{rel}","templated":true}]}}