{"id":1266,"date":"2016-07-05T12:02:50","date_gmt":"2016-07-05T15:02:50","guid":{"rendered":"https:\/\/blogs.correiobraziliense.com.br\/consumidor\/?p=1266"},"modified":"2016-07-08T09:31:43","modified_gmt":"2016-07-08T12:31:43","slug":"justica-considera-greve-dos-metroviarios-legal-categoria-segue-paralisada","status":"publish","type":"post","link":"https:\/\/blogs.correiobraziliense.com.br\/consumidor\/justica-considera-greve-dos-metroviarios-legal-categoria-segue-paralisada\/","title":{"rendered":"Justi\u00e7a considera greve dos metrovi\u00e1rios legal; categoria segue paralisada"},"content":{"rendered":"<p>O Tribunal Regional do Trabalho (TRT) da 10\u00aa Regi\u00e3o considerou a greve dos metrovi\u00e1rios legal em audi\u00eancia realizada na manh\u00e3 desta ter\u00e7a-feira (5\/7). Dessa forma, os trabalhadores permanecem com a paralisa\u00e7\u00e3o que j\u00e1 dura 22 dias. \u00a0\u00c0s 21h, a categoria se re\u00fane na Pra\u00e7a do Rel\u00f3gio, em Taguatinga, para os representantes do Sindicato dos Trabalhadores em Empresas de Transporte Metrovi\u00e1rios (SindiMetr\u00f4-DF) informarem os desdobramentos do julgamento da corte trabalhista. De acordo com o diretor da entidade J\u00falio C\u00e9sar Lima, a suspens\u00e3o da greve s\u00f3 entra na pauta da reuni\u00e3o noturna se houver alguma proposta favor\u00e1vel da empresa. &#8220;O TRT afastou a abusividade. A Justi\u00e7a entendeu que o pleito \u00e9 justo e que os trabalhadores podem permanecer em greve&#8221;, explicou.<\/p>\n<p>O Metr\u00f4-DF questionou na Justi\u00e7a a legalidade da greve. A empresa alegou que o movimento n\u00e3o cumpriu as formalidades legais &#8211; como an\u00fancio 72 horas antes do in\u00edcio da paralisa\u00e7\u00e3o e manuten\u00e7\u00e3o da porcentagem m\u00ednima de funcionamento do servi\u00e7o. Al\u00e9m disso, a companhia informou \u00e0 Justi\u00e7a que os pleitos n\u00e3o poderiam ser atendidos por causa dos limites dos gastos p\u00fablicos impostos pela Lei de Responsabilidade Fiscal (LRF). &#8220;A Justi\u00e7a entendeu que a LRF n\u00e3o pode ser escudo para o GDF n\u00e3o atender as reivindica\u00e7\u00f5es da categoria&#8221;, afirmou J\u00falio C\u00e9sar.<\/p>\n<p>Os hor\u00e1rios de funcionamento do Metr\u00f4 permanecem os mesmos determinados pela Justi\u00e7a (segunda a s\u00e1bado, das 6h \u00e0s 9h, e das 17h \u00e0s 20h30). No domingo, o sistema n\u00e3o funciona.<\/p>\n<p>Por nota, o Metr\u00f4-DF lamentou\u00a0os transtornos causados com a paralisa\u00e7\u00e3o e explicou que o governo de Bras\u00edlia est\u00e1 impedido de reajustar os sal\u00e1rios e de contratar os aprovados no \u00faltimo concurso em raz\u00e3o do limite prudencial da Lei de Responsabilidade Fiscal (LRF). Afirmou ainda que &#8220;A dire\u00e7\u00e3o do Metr\u00f4 continua aberta para negociar com os metrovi\u00e1rios e evitar que a popula\u00e7\u00e3o seja ainda mais prejudicada com a greve, que j\u00e1 dura 22 dias&#8221;.<\/p>\n<p>&nbsp;<\/p>\n<p>&nbsp;<\/p>\n","protected":false},"excerpt":{"rendered":"<p>O Tribunal Regional do Trabalho (TRT) da 10\u00aa Regi\u00e3o considerou a greve dos metrovi\u00e1rios legal em audi\u00eancia realizada na manh\u00e3 desta ter\u00e7a-feira (5\/7). Dessa forma, os trabalhadores permanecem com a paralisa\u00e7\u00e3o que j\u00e1 dura 22 dias. \u00a0\u00c0s 21h, a categoria se re\u00fane na Pra\u00e7a do Rel\u00f3gio, em Taguatinga, para os representantes do Sindicato dos Trabalhadores em Empresas de Transporte Metrovi\u00e1rios [&hellip;]<\/p>\n","protected":false},"author":28,"featured_media":1268,"comment_status":"open","ping_status":"closed","sticky":false,"template":"","format":"standard","meta":{"footnotes":""},"categories":[144,1],"tags":[82,139,138,140],"class_list":["post-1266","post","type-post","status-publish","format-standard","has-post-thumbnail","hentry","category-consumidor","category-sem-categoria","tag-df","tag-greve","tag-metro","tag-mobilidade"],"_links":{"self":[{"href":"https:\/\/blogs.correiobraziliense.com.br\/consumidor\/wp-json\/wp\/v2\/posts\/1266","targetHints":{"allow":["GET"]}}],"collection":[{"href":"https:\/\/blogs.correiobraziliense.com.br\/consumidor\/wp-json\/wp\/v2\/posts"}],"about":[{"href":"https:\/\/blogs.correiobraziliense.com.br\/consumidor\/wp-json\/wp\/v2\/types\/post"}],"author":[{"embeddable":true,"href":"https:\/\/blogs.correiobraziliense.com.br\/consumidor\/wp-json\/wp\/v2\/users\/28"}],"replies":[{"embeddable":true,"href":"https:\/\/blogs.correiobraziliense.com.br\/consumidor\/wp-json\/wp\/v2\/comments?post=1266"}],"version-history":[{"count":1,"href":"https:\/\/blogs.correiobraziliense.com.br\/consumidor\/wp-json\/wp\/v2\/posts\/1266\/revisions"}],"predecessor-version":[{"id":1267,"href":"https:\/\/blogs.correiobraziliense.com.br\/consumidor\/wp-json\/wp\/v2\/posts\/1266\/revisions\/1267"}],"wp:featuredmedia":[{"embeddable":true,"href":"https:\/\/blogs.correiobraziliense.com.br\/consumidor\/wp-json\/wp\/v2\/media\/1268"}],"wp:attachment":[{"href":"https:\/\/blogs.correiobraziliense.com.br\/consumidor\/wp-json\/wp\/v2\/media?parent=1266"}],"wp:term":[{"taxonomy":"category","embeddable":true,"href":"https:\/\/blogs.correiobraziliense.com.br\/consumidor\/wp-json\/wp\/v2\/categories?post=1266"},{"taxonomy":"post_tag","embeddable":true,"href":"https:\/\/blogs.correiobraziliense.com.br\/consumidor\/wp-json\/wp\/v2\/tags?post=1266"}],"curies":[{"name":"wp","href":"https:\/\/api.w.org\/{rel}","templated":true}]}}