{"id":1259,"date":"2016-07-01T19:47:12","date_gmt":"2016-07-01T22:47:12","guid":{"rendered":"https:\/\/blogs.correiobraziliense.com.br\/consumidor\/?p=1259"},"modified":"2016-07-08T09:31:47","modified_gmt":"2016-07-08T12:31:47","slug":"planos-de-saude-passam-oferecer-exames-para-diagnostico-de-zika-virus","status":"publish","type":"post","link":"https:\/\/blogs.correiobraziliense.com.br\/consumidor\/planos-de-saude-passam-oferecer-exames-para-diagnostico-de-zika-virus\/","title":{"rendered":"Planos de sa\u00fade passam a oferecer exames para diagn\u00f3stico de zika v\u00edrus"},"content":{"rendered":"<p>A partir da pr\u00f3xima quarta-feira (6\/7), as operadoras de plano de sa\u00fade devem oferecer testes para diagn\u00f3stico de zika v\u00edrus. A cobertura \u00e9 obrigat\u00f3ria e foi estabelecida pela Ag\u00eancia Nacional de Sa\u00fade Suplementar (ANS).<\/p>\n<p>Os planos de sa\u00fade devem cobrir tr\u00eas tipos de exames:\u00a0o PCR (Polymerase Chain Reaction), indicado para a detec\u00e7\u00e3o do v\u00edrus nos primeiros dias da doen\u00e7a; o teste sorol\u00f3gico IgM, que identifica anticorpos na corrente sangu\u00ednea; e o IgG para verificar se a pessoa teve contato com zika em algum momento da vida.<\/p>\n<p>De acordo com a ANS, os exames devem ser assegurados para grupos priorit\u00e1rios. S\u00e3o eles:\u00a0gestantes, beb\u00eas filhos de m\u00e3es com diagn\u00f3stico de infec\u00e7\u00e3o pelo v\u00edrus e rec\u00e9m-nascidos com malforma\u00e7\u00e3o cong\u00eanita sugestivas de infec\u00e7\u00e3o pelo zika.<\/p>\n<p>A inclus\u00e3o da obrigatoriedade de exames para o diagn\u00f3stico do zika v\u00edrus na cobertura de planos de sa\u00fade \u00e9 uma vit\u00f3ria das entidades de defesa do consumidor. Em fevereiro deste ano, a Proteste Associa\u00e7\u00e3o de Consumidores enviou um of\u00edcio para a ANS\u00a0pedindo a inclus\u00e3o do exame no rol de procedimentos obrigat\u00f3rios.\u00a0No entendimento da associa\u00e7\u00e3o, o Brasil vive um surto da doen\u00e7a e os benefici\u00e1rios n\u00e3o poderiam esperar uma atualiza\u00e7\u00e3o do rol, que ocorre de dois em dois anos. N<span style=\"line-height: 1.5\">a \u00e9poca, a Proteste alegou que \u201ca\u00a0pr\u00f3pria legisla\u00e7\u00e3o da ag\u00eancia permite que o rol de procedimentos seja alterado a qualquer momento, de acordo com crit\u00e9rios da ANS, conforme o artigo 28 da Resolu\u00e7\u00e3o Normativa n\u00ba 387, de 28 de outubro de 2015. A atualiza\u00e7\u00e3o, em car\u00e1ter emergencial, \u00e9 tamb\u00e9m amparada por dispositivos legais do C\u00f3digo de Defesa do Consumidor\u201d.<\/span><\/p>\n<p><a href=\". No entendimento da associa\u00e7\u00e3o, como o Brasil vive um surto da doen\u00e7a, os consumidores n\u00e3o podem esperar uma nova atualiza\u00e7\u00e3o do rol, que ocorre de dois em dois anos. Segundo a Proteste, \u201ca pr\u00f3pria legisla\u00e7\u00e3o da ag\u00eancia permite que o rol de procedimentos seja alterado a qualquer momento, de acordo com crit\u00e9rios da ANS, conforme o artigo 28 da Resolu\u00e7\u00e3o Normativa n\u00ba 387, de 28 de outubro de 2015. A atualiza\u00e7\u00e3o, em car\u00e1ter emergencial, \u00e9 tamb\u00e9m amparada por dispositivos legais do C\u00f3digo de Defesa do Consumidor\u201d.\" target=\"_blank\">Leia mais: Proteste pede inclus\u00e3o de exames que detectam zika v\u00edrus nos planos de sa\u00fade<\/a><\/p>\n<p>&nbsp;<\/p>\n","protected":false},"excerpt":{"rendered":"<p>A partir da pr\u00f3xima quarta-feira (6\/7), as operadoras de plano de sa\u00fade devem oferecer testes para diagn\u00f3stico de zika v\u00edrus. A cobertura \u00e9 obrigat\u00f3ria e foi estabelecida pela Ag\u00eancia Nacional de Sa\u00fade Suplementar (ANS). Os planos de sa\u00fade devem cobrir tr\u00eas tipos de exames:\u00a0o PCR (Polymerase Chain Reaction), indicado para a detec\u00e7\u00e3o do v\u00edrus nos primeiros dias da doen\u00e7a; o [&hellip;]<\/p>\n","protected":false},"author":28,"featured_media":1029,"comment_status":"open","ping_status":"closed","sticky":false,"template":"","format":"standard","meta":{"footnotes":""},"categories":[144,1],"tags":[9,103,64,135],"class_list":["post-1259","post","type-post","status-publish","format-standard","has-post-thumbnail","hentry","category-consumidor","category-sem-categoria","tag-ans","tag-planos-de-saude","tag-proteste","tag-zika-virus"],"_links":{"self":[{"href":"https:\/\/blogs.correiobraziliense.com.br\/consumidor\/wp-json\/wp\/v2\/posts\/1259","targetHints":{"allow":["GET"]}}],"collection":[{"href":"https:\/\/blogs.correiobraziliense.com.br\/consumidor\/wp-json\/wp\/v2\/posts"}],"about":[{"href":"https:\/\/blogs.correiobraziliense.com.br\/consumidor\/wp-json\/wp\/v2\/types\/post"}],"author":[{"embeddable":true,"href":"https:\/\/blogs.correiobraziliense.com.br\/consumidor\/wp-json\/wp\/v2\/users\/28"}],"replies":[{"embeddable":true,"href":"https:\/\/blogs.correiobraziliense.com.br\/consumidor\/wp-json\/wp\/v2\/comments?post=1259"}],"version-history":[{"count":1,"href":"https:\/\/blogs.correiobraziliense.com.br\/consumidor\/wp-json\/wp\/v2\/posts\/1259\/revisions"}],"predecessor-version":[{"id":1260,"href":"https:\/\/blogs.correiobraziliense.com.br\/consumidor\/wp-json\/wp\/v2\/posts\/1259\/revisions\/1260"}],"wp:featuredmedia":[{"embeddable":true,"href":"https:\/\/blogs.correiobraziliense.com.br\/consumidor\/wp-json\/wp\/v2\/media\/1029"}],"wp:attachment":[{"href":"https:\/\/blogs.correiobraziliense.com.br\/consumidor\/wp-json\/wp\/v2\/media?parent=1259"}],"wp:term":[{"taxonomy":"category","embeddable":true,"href":"https:\/\/blogs.correiobraziliense.com.br\/consumidor\/wp-json\/wp\/v2\/categories?post=1259"},{"taxonomy":"post_tag","embeddable":true,"href":"https:\/\/blogs.correiobraziliense.com.br\/consumidor\/wp-json\/wp\/v2\/tags?post=1259"}],"curies":[{"name":"wp","href":"https:\/\/api.w.org\/{rel}","templated":true}]}}