{"id":1256,"date":"2016-07-01T17:34:31","date_gmt":"2016-07-01T20:34:31","guid":{"rendered":"https:\/\/blogs.correiobraziliense.com.br\/consumidor\/?p=1256"},"modified":"2016-07-08T09:31:48","modified_gmt":"2016-07-08T12:31:48","slug":"selo-vai-ajudar-consumidores-do-df-identificar-boa-producao-de-alimentos","status":"publish","type":"post","link":"https:\/\/blogs.correiobraziliense.com.br\/consumidor\/selo-vai-ajudar-consumidores-do-df-identificar-boa-producao-de-alimentos\/","title":{"rendered":"Selo vai ajudar consumidores do DF a identificar boa produ\u00e7\u00e3o de alimentos\u00a0"},"content":{"rendered":"<p>A partir do pr\u00f3ximo s\u00e1bado (2\/7), os consumidores do Distrito Federal ter\u00e3o mais informa\u00e7\u00f5es sobre os produtos que est\u00e3o \u00e0 mesa. Isso porque os alimentos vir\u00e3o com o selo do Programa de Boas Pr\u00e1ticas Agropecu\u00e1rias, conferido pela Secretaria de Agricultura (Seagri), em\u00a0parceria com a Emater-DF, a Central de Abastecimento do Distrito Federal (Ceasa\/DF) e a Secretaria de Sa\u00fade. O certificado vai validar se a propriedade da onde vem o alimento\u00a0atende a um conjunto de pr\u00e1ticas, tecnologias, m\u00e9todos e recomenda\u00e7\u00f5es t\u00e9cnicas apropriadas aos sistemas de produ\u00e7\u00e3o. Entre os itens avaliados est\u00e3o organiza\u00e7\u00e3o e limpeza, qualidade da \u00e1gua, aspectos ambientais, agron\u00f4micos e sociais, pr\u00e1ticas conservacionistas, cuidados com animais dom\u00e9sticos, irriga\u00e7\u00e3o e colheita e classifica\u00e7\u00e3o dos produtos.<\/p>\n<p>O programa \u00e9 de ades\u00e3o volunt\u00e1ria dos produtores. Os interessados em participar devem procurar a Seagri ou o escrit\u00f3rio local da Emater mais pr\u00f3ximo de sua propriedade e assinar o Termo de Ades\u00e3o e Compromisso, se comprometendo a atender as exig\u00eancias previstas.<\/p>\n<p>Com o Termo de Ades\u00e3o e Compromisso, a Emater-DF vai realizar vistoria no estabelecimento rural e elaborar o Termo de Adequa\u00e7\u00e3o. Quando o estabelecimento rural atingir o m\u00ednimo de 70% dos itens previstos pelo programa e observado o cumprimento dos itens obrigat\u00f3rios, receber\u00e1 auditoria de avalia\u00e7\u00e3o de conformidade realizada pelo Grupo Gestor do Programa.<br \/>\nSendo comprovado o cumprimento, o estabelecimento rural receber\u00e1 o Certificado no Programa expedido pela Seagri-DF.<\/p>\n","protected":false},"excerpt":{"rendered":"<p>A partir do pr\u00f3ximo s\u00e1bado (2\/7), os consumidores do Distrito Federal ter\u00e3o mais informa\u00e7\u00f5es sobre os produtos que est\u00e3o \u00e0 mesa. Isso porque os alimentos vir\u00e3o com o selo do Programa de Boas Pr\u00e1ticas Agropecu\u00e1rias, conferido pela Secretaria de Agricultura (Seagri), em\u00a0parceria com a Emater-DF, a Central de Abastecimento do Distrito Federal (Ceasa\/DF) e a Secretaria de Sa\u00fade. O certificado [&hellip;]<\/p>\n","protected":false},"author":28,"featured_media":1257,"comment_status":"open","ping_status":"closed","sticky":false,"template":"","format":"standard","meta":{"footnotes":""},"categories":[144,1],"tags":[133,134,132],"class_list":["post-1256","post","type-post","status-publish","format-standard","has-post-thumbnail","hentry","category-consumidor","category-sem-categoria","tag-alimentos","tag-saudavel","tag-selo"],"_links":{"self":[{"href":"https:\/\/blogs.correiobraziliense.com.br\/consumidor\/wp-json\/wp\/v2\/posts\/1256","targetHints":{"allow":["GET"]}}],"collection":[{"href":"https:\/\/blogs.correiobraziliense.com.br\/consumidor\/wp-json\/wp\/v2\/posts"}],"about":[{"href":"https:\/\/blogs.correiobraziliense.com.br\/consumidor\/wp-json\/wp\/v2\/types\/post"}],"author":[{"embeddable":true,"href":"https:\/\/blogs.correiobraziliense.com.br\/consumidor\/wp-json\/wp\/v2\/users\/28"}],"replies":[{"embeddable":true,"href":"https:\/\/blogs.correiobraziliense.com.br\/consumidor\/wp-json\/wp\/v2\/comments?post=1256"}],"version-history":[{"count":1,"href":"https:\/\/blogs.correiobraziliense.com.br\/consumidor\/wp-json\/wp\/v2\/posts\/1256\/revisions"}],"predecessor-version":[{"id":1258,"href":"https:\/\/blogs.correiobraziliense.com.br\/consumidor\/wp-json\/wp\/v2\/posts\/1256\/revisions\/1258"}],"wp:featuredmedia":[{"embeddable":true,"href":"https:\/\/blogs.correiobraziliense.com.br\/consumidor\/wp-json\/wp\/v2\/media\/1257"}],"wp:attachment":[{"href":"https:\/\/blogs.correiobraziliense.com.br\/consumidor\/wp-json\/wp\/v2\/media?parent=1256"}],"wp:term":[{"taxonomy":"category","embeddable":true,"href":"https:\/\/blogs.correiobraziliense.com.br\/consumidor\/wp-json\/wp\/v2\/categories?post=1256"},{"taxonomy":"post_tag","embeddable":true,"href":"https:\/\/blogs.correiobraziliense.com.br\/consumidor\/wp-json\/wp\/v2\/tags?post=1256"}],"curies":[{"name":"wp","href":"https:\/\/api.w.org\/{rel}","templated":true}]}}