{"id":1236,"date":"2016-06-29T16:00:24","date_gmt":"2016-06-29T19:00:24","guid":{"rendered":"https:\/\/blogs.correiobraziliense.com.br\/consumidor\/?p=1236"},"modified":"2016-07-08T09:31:54","modified_gmt":"2016-07-08T12:31:54","slug":"servico-do-uber-deve-ser-regulamentado-ate-fim-de-julho-afirma-rollemberg","status":"publish","type":"post","link":"https:\/\/blogs.correiobraziliense.com.br\/consumidor\/servico-do-uber-deve-ser-regulamentado-ate-fim-de-julho-afirma-rollemberg\/","title":{"rendered":"Servi\u00e7o do Uber deve ser regulamentado at\u00e9 fim de julho, afirma Rollemberg"},"content":{"rendered":"<p>O governador Rodrigo Rollemberg afirmou nesta quarta-feira (29\/6) que o Executivo deve regulamentar o servi\u00e7o de Uber e outros transportes individuais via aplicativo at\u00e9 o fim de julho. \u201cT\u00e3o logo a C\u00e2mara Legislativa encaminhe para o governo, n\u00f3s vamos distribuir para as \u00e1reas t\u00e9cnicas e elas v\u00e3o fazer a reavalia\u00e7\u00e3o. Em julho, a gente deve regulamentar o servi\u00e7o\u201d, prometeu.<\/p>\n<p><a href=\"https:\/\/blogs.correiobraziliense.com.br\/consumidor\/camara-aprova-uber-mas-passa-para-executivo-exigencia-de-limitar-quantidade-de-veiculos\/\" target=\"_blank\">Leia mais: C\u00e2mara aprova Uber<\/a><\/p>\n<p>A responsabilidade de regulamentar a quantidade de carros prestadores do servi\u00e7o Uber ficou a cargo do GDF, segundo projeto de lei aprovado ontem na C\u00e2mara Legislativa. Ap\u00f3s uma reuni\u00e3o a portas fechadas, os deputados acordaram em fugir da pol\u00eamica de limitar a frota de Ubers vinculando-a ao n\u00famero de t\u00e1xis. Pelo texto aprovado, o GDF fica com essa atribui\u00e7\u00e3o. Al\u00e9m disso, o governo tem 90 dias para regulamentar o servi\u00e7o. A san\u00e7\u00e3o fica a cargo do governador Rodrigo Rollemberg. Dessa forma, o texto aprovado ontem ainda n\u00e3o come\u00e7ou a valer.<\/p>\n<p>Questionado sobre a limita\u00e7\u00e3o do n\u00famero de carros, Rollemberg afirmou que n\u00e3o sabia se era o caso de definir restri\u00e7\u00f5es. Por\u00e9m, disse que ainda far\u00e1 uma an\u00e1lise com ajuda t\u00e9cnica e com a popula\u00e7\u00e3o. Com a aprova\u00e7\u00e3o da lei local, o Distrito Federal passa a ser a segunda localidade brasileira com a regula\u00e7\u00e3o do servi\u00e7o. A cidade de S\u00e3o Paulo (SP) regulou o servi\u00e7o via decreto municipal e, em Porto Alegre (RS), a prefeitura j\u00e1 enviou um projeto de lei para a C\u00e2mara de Vereadores.<\/p>\n","protected":false},"excerpt":{"rendered":"<p>O governador Rodrigo Rollemberg afirmou nesta quarta-feira (29\/6) que o Executivo deve regulamentar o servi\u00e7o de Uber e outros transportes individuais via aplicativo at\u00e9 o fim de julho. \u201cT\u00e3o logo a C\u00e2mara Legislativa encaminhe para o governo, n\u00f3s vamos distribuir para as \u00e1reas t\u00e9cnicas e elas v\u00e3o fazer a reavalia\u00e7\u00e3o. Em julho, a gente deve regulamentar o servi\u00e7o\u201d, prometeu. Leia [&hellip;]<\/p>\n","protected":false},"author":28,"featured_media":1238,"comment_status":"open","ping_status":"closed","sticky":false,"template":"","format":"standard","meta":{"footnotes":""},"categories":[144,1],"tags":[128,118,124],"class_list":["post-1236","post","type-post","status-publish","format-standard","has-post-thumbnail","hentry","category-consumidor","category-sem-categoria","tag-regulamentacao","tag-rollemberg","tag-uber"],"_links":{"self":[{"href":"https:\/\/blogs.correiobraziliense.com.br\/consumidor\/wp-json\/wp\/v2\/posts\/1236","targetHints":{"allow":["GET"]}}],"collection":[{"href":"https:\/\/blogs.correiobraziliense.com.br\/consumidor\/wp-json\/wp\/v2\/posts"}],"about":[{"href":"https:\/\/blogs.correiobraziliense.com.br\/consumidor\/wp-json\/wp\/v2\/types\/post"}],"author":[{"embeddable":true,"href":"https:\/\/blogs.correiobraziliense.com.br\/consumidor\/wp-json\/wp\/v2\/users\/28"}],"replies":[{"embeddable":true,"href":"https:\/\/blogs.correiobraziliense.com.br\/consumidor\/wp-json\/wp\/v2\/comments?post=1236"}],"version-history":[{"count":1,"href":"https:\/\/blogs.correiobraziliense.com.br\/consumidor\/wp-json\/wp\/v2\/posts\/1236\/revisions"}],"predecessor-version":[{"id":1237,"href":"https:\/\/blogs.correiobraziliense.com.br\/consumidor\/wp-json\/wp\/v2\/posts\/1236\/revisions\/1237"}],"wp:featuredmedia":[{"embeddable":true,"href":"https:\/\/blogs.correiobraziliense.com.br\/consumidor\/wp-json\/wp\/v2\/media\/1238"}],"wp:attachment":[{"href":"https:\/\/blogs.correiobraziliense.com.br\/consumidor\/wp-json\/wp\/v2\/media?parent=1236"}],"wp:term":[{"taxonomy":"category","embeddable":true,"href":"https:\/\/blogs.correiobraziliense.com.br\/consumidor\/wp-json\/wp\/v2\/categories?post=1236"},{"taxonomy":"post_tag","embeddable":true,"href":"https:\/\/blogs.correiobraziliense.com.br\/consumidor\/wp-json\/wp\/v2\/tags?post=1236"}],"curies":[{"name":"wp","href":"https:\/\/api.w.org\/{rel}","templated":true}]}}