{"id":1214,"date":"2016-06-27T18:29:08","date_gmt":"2016-06-27T21:29:08","guid":{"rendered":"https:\/\/blogs.correiobraziliense.com.br\/consumidor\/?p=1214"},"modified":"2016-07-08T09:31:58","modified_gmt":"2016-07-08T12:31:58","slug":"camara-legislativa-cria-frente-parlamentar","status":"publish","type":"post","link":"https:\/\/blogs.correiobraziliense.com.br\/consumidor\/camara-legislativa-cria-frente-parlamentar\/","title":{"rendered":"C\u00e2mara Legislativa cria frente parlamentar para tentar amenizar crise no varejo local"},"content":{"rendered":"<p>Na tentativa de amenizar a crise que o com\u00e9rcio vive no Distrito Federal, a C\u00e2mara Legislativa instaurou uma Frente Parlamentar em Defesa do Com\u00e9rcio Varejista na tarde desta segunda-feira (27\/6). A a\u00e7\u00e3o ocorre ap\u00f3s um ano e meio do in\u00edcio dos mandatos dos distritais e como consequ\u00eancia de uma forte press\u00e3o dos sindicatos dos empres\u00e1rios, em especial, o Sindicato do Com\u00e9rcio Varejista (Sindivarejista-DF).<\/p>\n<p>A ideia da frente \u00e9 que a Casa Legislativa se sensibilize com os indicadores negativos do varejo local &#8211; 3,2 mil lojas fechadas e 15 mil postos de trabalho a menos do que no mesmo per\u00edodo do ano passado. Durante o evento de lan\u00e7amento, representantes do setor reclamaram da dificuldade em conseguir documentos oficiais, como o Habite-se e alvar\u00e1s de funcionamento. \u201cNo DF, o inimigo n\u00e3o \u00e9 a crise econ\u00f4mica, mas sim, a burocracia\u201d, disse \u00c1lvaro Silveira J\u00fanior, presidente da C\u00e2mara de Dirigentes Lojistas do DF (CDL-DF). \u201cAs exig\u00eancias do DF s\u00e3o muitas e n\u00e3o seguem um padr\u00e3o, por exemplo, se vou abrir um com\u00e9rcio no Plano Piloto, ou no Lago Sul, ou em Taguatinga, cada regi\u00e3o pede documentos diferentes\u201d.<\/p>\n<p>O discurso foi engrossado por outros representantes do segmento, por parlamentares e por Joe Valle, secret\u00e1rio do Trabalho, Desenvolvimento Social e Direitos Humanos. \u201cEu sou empres\u00e1rio e a gente costuma dizer que, se o governo n\u00e3o atrapalhar, j\u00e1 est\u00e1 bom. Mas a quest\u00e3o \u00e9 que o governo est\u00e1 atrapalhando. Temos que trabalhar pela efetividade da frente parlamentar\u201d.<\/p>\n<p>Embora no ano passado tenha sido criada uma frente parlamentar pelo setor produtivo, para Edson de Castro, presidente do Sindivarejista-DF, era preciso um trabalho mais espec\u00edfico com o com\u00e9rcio. \u201cPouca coisa andou desde a cria\u00e7\u00e3o da frente parlamentar pelo setor produtivo. Percebemos que ela estava mais voltada para grandes empresas, como constru\u00e7\u00e3o civil, e 96% dos estabelecimentos de com\u00e9rcio s\u00e3o pequenos. Por isso, precisamos de pol\u00edticas efetivas para esse grupo\u201d, afirmou.<\/p>\n<p>Para Ant\u00f4nio Valdir de Oliveira, superintendente do Sebrae-DF, a frente parlamentar \u00e9 uma tentativa de di\u00e1logo com o setor. \u201cTodo di\u00e1logo \u00e9 bem vindo. Para n\u00f3s, o governo precisa investir em desburocratizar, em cr\u00e9dito e nas compras governamentais\u201d. A deputada Sandra Faraj (SD), presidente da frente, ressaltou a import\u00e2ncia do com\u00e9rcio na economia local e disse que vai trabalhar com projetos de lei que viabilizem o bom desenvolvimento do varejo local. &#8220;A frente ser\u00e1 um canal de comunica\u00e7\u00e3o entre o setor produtivo, o Executivo e o Legislativo, no combate \u00e0 burocracia. \u00c9 um absurdo que uma loja feche ou que nem chegue a abrir porque n\u00e3o consegue uma licen\u00e7a ou um alvar\u00e1&#8221;.<\/p>\n<p>&nbsp;<\/p>\n","protected":false},"excerpt":{"rendered":"<p>Na tentativa de amenizar a crise que o com\u00e9rcio vive no Distrito Federal, a C\u00e2mara Legislativa instaurou uma Frente Parlamentar em Defesa do Com\u00e9rcio Varejista na tarde desta segunda-feira (27\/6). A a\u00e7\u00e3o ocorre ap\u00f3s um ano e meio do in\u00edcio dos mandatos dos distritais e como consequ\u00eancia de uma forte press\u00e3o dos sindicatos dos empres\u00e1rios, em especial, o Sindicato do [&hellip;]<\/p>\n","protected":false},"author":28,"featured_media":0,"comment_status":"open","ping_status":"closed","sticky":false,"template":"","format":"standard","meta":{"footnotes":""},"categories":[144,1],"tags":[],"class_list":["post-1214","post","type-post","status-publish","format-standard","hentry","category-consumidor","category-sem-categoria"],"_links":{"self":[{"href":"https:\/\/blogs.correiobraziliense.com.br\/consumidor\/wp-json\/wp\/v2\/posts\/1214","targetHints":{"allow":["GET"]}}],"collection":[{"href":"https:\/\/blogs.correiobraziliense.com.br\/consumidor\/wp-json\/wp\/v2\/posts"}],"about":[{"href":"https:\/\/blogs.correiobraziliense.com.br\/consumidor\/wp-json\/wp\/v2\/types\/post"}],"author":[{"embeddable":true,"href":"https:\/\/blogs.correiobraziliense.com.br\/consumidor\/wp-json\/wp\/v2\/users\/28"}],"replies":[{"embeddable":true,"href":"https:\/\/blogs.correiobraziliense.com.br\/consumidor\/wp-json\/wp\/v2\/comments?post=1214"}],"version-history":[{"count":1,"href":"https:\/\/blogs.correiobraziliense.com.br\/consumidor\/wp-json\/wp\/v2\/posts\/1214\/revisions"}],"predecessor-version":[{"id":1215,"href":"https:\/\/blogs.correiobraziliense.com.br\/consumidor\/wp-json\/wp\/v2\/posts\/1214\/revisions\/1215"}],"wp:attachment":[{"href":"https:\/\/blogs.correiobraziliense.com.br\/consumidor\/wp-json\/wp\/v2\/media?parent=1214"}],"wp:term":[{"taxonomy":"category","embeddable":true,"href":"https:\/\/blogs.correiobraziliense.com.br\/consumidor\/wp-json\/wp\/v2\/categories?post=1214"},{"taxonomy":"post_tag","embeddable":true,"href":"https:\/\/blogs.correiobraziliense.com.br\/consumidor\/wp-json\/wp\/v2\/tags?post=1214"}],"curies":[{"name":"wp","href":"https:\/\/api.w.org\/{rel}","templated":true}]}}