{"id":1210,"date":"2016-06-27T12:07:14","date_gmt":"2016-06-27T15:07:14","guid":{"rendered":"https:\/\/blogs.correiobraziliense.com.br\/consumidor\/?p=1210"},"modified":"2016-07-08T09:32:00","modified_gmt":"2016-07-08T12:32:00","slug":"suzuki-comunica-recall-de-321-veiculos-modelos-swift-sport","status":"publish","type":"post","link":"https:\/\/blogs.correiobraziliense.com.br\/consumidor\/suzuki-comunica-recall-de-321-veiculos-modelos-swift-sport\/","title":{"rendered":"Por problema nos freios, Suzuki comunica recall de ve\u00edculos modelo Swift Sport"},"content":{"rendered":"<p>A Suzuki vai come\u00e7ar, a partir do pr\u00f3ximo dia 11 de julho, o recall de ve\u00edculos modelo Swift Sport fabricados entre setembro de 2014 e dezembro de 2015. O an\u00fancio foi feito nesta segunda-feira (27\/6) pela montadora. O motivo do chamamento \u00e9 a substitui\u00e7\u00e3o das pin\u00e7as dos freios traseiros. A fabricante informou que h\u00e1 possibilidade de falha na veda\u00e7\u00e3o das pin\u00e7as do sistema de freio traseiro, o que pode ocasionar vazamento de fluido de freio e perda da capacidade de frenagem do ve\u00edculo, com risco de acidentes e danos graves e fatais aos ocupantes dos ve\u00edculos.<\/p>\n<p>Os propriet\u00e1rios dos carros numera\u00e7\u00e3o de chassis (n\u00e3o sequenciais) finais de 300004 a 300325 devem agendar a substitui\u00e7\u00e3o das pe\u00e7as em concession\u00e1rias da marca.<\/p>\n<p>Para mais informa\u00e7\u00f5es, a Suzuki disponibiliza o telefone 0800 770 3380, de segunda a sexta-feira, das 8h \u00e0s 18h e o site.<\/p>\n<p>&nbsp;<\/p>\n","protected":false},"excerpt":{"rendered":"<p>A Suzuki vai come\u00e7ar, a partir do pr\u00f3ximo dia 11 de julho, o recall de ve\u00edculos modelo Swift Sport fabricados entre setembro de 2014 e dezembro de 2015. O an\u00fancio foi feito nesta segunda-feira (27\/6) pela montadora. O motivo do chamamento \u00e9 a substitui\u00e7\u00e3o das pin\u00e7as dos freios traseiros. A fabricante informou que h\u00e1 possibilidade de falha na veda\u00e7\u00e3o das [&hellip;]<\/p>\n","protected":false},"author":28,"featured_media":1211,"comment_status":"open","ping_status":"closed","sticky":false,"template":"","format":"standard","meta":{"footnotes":""},"categories":[144,1],"tags":[123,122,121],"class_list":["post-1210","post","type-post","status-publish","format-standard","has-post-thumbnail","hentry","category-consumidor","category-sem-categoria","tag-freio","tag-recall","tag-suzuki"],"_links":{"self":[{"href":"https:\/\/blogs.correiobraziliense.com.br\/consumidor\/wp-json\/wp\/v2\/posts\/1210","targetHints":{"allow":["GET"]}}],"collection":[{"href":"https:\/\/blogs.correiobraziliense.com.br\/consumidor\/wp-json\/wp\/v2\/posts"}],"about":[{"href":"https:\/\/blogs.correiobraziliense.com.br\/consumidor\/wp-json\/wp\/v2\/types\/post"}],"author":[{"embeddable":true,"href":"https:\/\/blogs.correiobraziliense.com.br\/consumidor\/wp-json\/wp\/v2\/users\/28"}],"replies":[{"embeddable":true,"href":"https:\/\/blogs.correiobraziliense.com.br\/consumidor\/wp-json\/wp\/v2\/comments?post=1210"}],"version-history":[{"count":2,"href":"https:\/\/blogs.correiobraziliense.com.br\/consumidor\/wp-json\/wp\/v2\/posts\/1210\/revisions"}],"predecessor-version":[{"id":1213,"href":"https:\/\/blogs.correiobraziliense.com.br\/consumidor\/wp-json\/wp\/v2\/posts\/1210\/revisions\/1213"}],"wp:featuredmedia":[{"embeddable":true,"href":"https:\/\/blogs.correiobraziliense.com.br\/consumidor\/wp-json\/wp\/v2\/media\/1211"}],"wp:attachment":[{"href":"https:\/\/blogs.correiobraziliense.com.br\/consumidor\/wp-json\/wp\/v2\/media?parent=1210"}],"wp:term":[{"taxonomy":"category","embeddable":true,"href":"https:\/\/blogs.correiobraziliense.com.br\/consumidor\/wp-json\/wp\/v2\/categories?post=1210"},{"taxonomy":"post_tag","embeddable":true,"href":"https:\/\/blogs.correiobraziliense.com.br\/consumidor\/wp-json\/wp\/v2\/tags?post=1210"}],"curies":[{"name":"wp","href":"https:\/\/api.w.org\/{rel}","templated":true}]}}