{"id":1200,"date":"2016-06-02T13:10:32","date_gmt":"2016-06-02T16:10:32","guid":{"rendered":"https:\/\/blogs.correiobraziliense.com.br\/consumidor\/?p=1200"},"modified":"2016-07-08T09:32:02","modified_gmt":"2016-07-08T12:32:02","slug":"brasileiro-trabalha-153-dias-para-pagar-impostos-mostra-estudo","status":"publish","type":"post","link":"https:\/\/blogs.correiobraziliense.com.br\/consumidor\/brasileiro-trabalha-153-dias-para-pagar-impostos-mostra-estudo\/","title":{"rendered":"Brasileiro trabalha 153 dias para pagar impostos, mostra estudo"},"content":{"rendered":"<p>Pesquisa do\u00a0Instituto Brasileiro de Planejamento e Tributa\u00e7\u00e3o (IBPT) mostra que todos os rendimentos que o contribuinte recebeu at\u00e9 ontem serviram\u00a0somente para pagar impostos, taxas e contribui\u00e7\u00f5es. Ou seja, o brasileiro tem que trabalhar 153 dias por ano para pagar tributos.<\/p>\n<p>O estudo &#8220;Dias Trabalhados para pagar Tributos&#8221; apontou que os\u00a0brasileiros tiveram ainda que destinar, em m\u00e9dia, 41,80% do seu rendimento bruto em 2016 para pagar a tributa\u00e7\u00e3o sobre os rendimentos, consumo, patrim\u00f4nio e outros. Nos anos de 2014 e 2015 o \u00edndice permaneceu praticamente o mesmo &#8211; 41,37%.<\/p>\n<p><a href=\"http:\/\/www.correiobraziliense.com.br\/app\/noticia\/cidades\/2016\/06\/02\/interna_cidadesdf,534547\/dia-da-liberdade-de-impostos-vende-gasolina-a-r-2-35-em-postos-do-df.shtml\" target=\"_blank\">Leia\u00a0Dia da Liberdade de Impostos vende gasolina a R$ 2,35 em postos do DF<\/a><\/p>\n<p>O instituto levou em considera\u00e7\u00e3o a tributa\u00e7\u00e3o incidente sobre rendimentos, formada pelo Imposto de Renda Pessoa F\u00edsica, contribui\u00e7\u00f5es previdenci\u00e1rias e sindicais; e a tributa\u00e7\u00e3o sobre o consumo de produtos e servi\u00e7os, como PIS, COFINS, ICMS, IPI, ISS, etc; e a tributa\u00e7\u00e3o sobre o patrim\u00f4nio, onde se incluem IPTU, IPVA. As taxas de limpeza p\u00fablica, coleta de lixo, emiss\u00e3o de documentos e contribui\u00e7\u00f5es, como no caso da ilumina\u00e7\u00e3o p\u00fablica tamb\u00e9m s\u00e3o consideradas.<\/p>\n<p>&nbsp;<\/p>\n<p>No ranking dos pa\u00edses pesquisados, o Brasil se aproxima da Noruega, lugar em que os cidad\u00e3os destinam 157 dias de trabalho aos tributos. Por\u00e9m, o instituto ressalta que, \u201cNo entanto, a popula\u00e7\u00e3o de l\u00e1 tem um consider\u00e1vel retorno em termos de qualidade de vida, podendo usufruir dos servi\u00e7os p\u00fablicos, infelizmente diferente do povo brasileiro, que paga muito e n\u00e3o tem o retorno adequado\u201d.<\/p>\n<p>Na manh\u00e3 desta quinta-feira (2\/6), a\u00a0C\u00e2mara de Dirigentes Lojistas Jovem do Distrito Federal (CDLJ-DF) promove\u00a0o Dia da Liberdade de Impostos do Brasil. Bal\u00f5es pretos foram soltos e postos vendem combust\u00edveis sem os tributos para mostrar a diferen\u00e7a de pre\u00e7o.<\/p>\n<p><em>Com informa\u00e7\u00f5es do IBPT<\/em><\/p>\n","protected":false},"excerpt":{"rendered":"<p>Pesquisa do\u00a0Instituto Brasileiro de Planejamento e Tributa\u00e7\u00e3o (IBPT) mostra que todos os rendimentos que o contribuinte recebeu at\u00e9 ontem serviram\u00a0somente para pagar impostos, taxas e contribui\u00e7\u00f5es. Ou seja, o brasileiro tem que trabalhar 153 dias por ano para pagar tributos. O estudo &#8220;Dias Trabalhados para pagar Tributos&#8221; apontou que os\u00a0brasileiros tiveram ainda que destinar, em m\u00e9dia, 41,80% do seu rendimento [&hellip;]<\/p>\n","protected":false},"author":28,"featured_media":1201,"comment_status":"open","ping_status":"closed","sticky":false,"template":"","format":"standard","meta":{"footnotes":""},"categories":[144,1],"tags":[116,117,88],"class_list":["post-1200","post","type-post","status-publish","format-standard","has-post-thumbnail","hentry","category-consumidor","category-sem-categoria","tag-cdl-df","tag-ibpt","tag-impostos"],"_links":{"self":[{"href":"https:\/\/blogs.correiobraziliense.com.br\/consumidor\/wp-json\/wp\/v2\/posts\/1200","targetHints":{"allow":["GET"]}}],"collection":[{"href":"https:\/\/blogs.correiobraziliense.com.br\/consumidor\/wp-json\/wp\/v2\/posts"}],"about":[{"href":"https:\/\/blogs.correiobraziliense.com.br\/consumidor\/wp-json\/wp\/v2\/types\/post"}],"author":[{"embeddable":true,"href":"https:\/\/blogs.correiobraziliense.com.br\/consumidor\/wp-json\/wp\/v2\/users\/28"}],"replies":[{"embeddable":true,"href":"https:\/\/blogs.correiobraziliense.com.br\/consumidor\/wp-json\/wp\/v2\/comments?post=1200"}],"version-history":[{"count":1,"href":"https:\/\/blogs.correiobraziliense.com.br\/consumidor\/wp-json\/wp\/v2\/posts\/1200\/revisions"}],"predecessor-version":[{"id":1202,"href":"https:\/\/blogs.correiobraziliense.com.br\/consumidor\/wp-json\/wp\/v2\/posts\/1200\/revisions\/1202"}],"wp:featuredmedia":[{"embeddable":true,"href":"https:\/\/blogs.correiobraziliense.com.br\/consumidor\/wp-json\/wp\/v2\/media\/1201"}],"wp:attachment":[{"href":"https:\/\/blogs.correiobraziliense.com.br\/consumidor\/wp-json\/wp\/v2\/media?parent=1200"}],"wp:term":[{"taxonomy":"category","embeddable":true,"href":"https:\/\/blogs.correiobraziliense.com.br\/consumidor\/wp-json\/wp\/v2\/categories?post=1200"},{"taxonomy":"post_tag","embeddable":true,"href":"https:\/\/blogs.correiobraziliense.com.br\/consumidor\/wp-json\/wp\/v2\/tags?post=1200"}],"curies":[{"name":"wp","href":"https:\/\/api.w.org\/{rel}","templated":true}]}}