{"id":1194,"date":"2016-06-02T12:31:57","date_gmt":"2016-06-02T15:31:57","guid":{"rendered":"https:\/\/blogs.correiobraziliense.com.br\/consumidor\/?p=1194"},"modified":"2016-07-08T09:32:04","modified_gmt":"2016-07-08T12:32:04","slug":"rotulos-de-alimentos-devem-vir-com-informacao-de-substancia-alergenica-partir-de-julho","status":"publish","type":"post","link":"https:\/\/blogs.correiobraziliense.com.br\/consumidor\/rotulos-de-alimentos-devem-vir-com-informacao-de-substancia-alergenica-partir-de-julho\/","title":{"rendered":"R\u00f3tulos de alimentos devem vir com informa\u00e7\u00e3o de subst\u00e2ncia alerg\u00eanica a partir de julho"},"content":{"rendered":"<p>Ap\u00f3s press\u00e3o da sociedade civil e das associa\u00e7\u00f5es de consumidores, a Ag\u00eancia Nacional de Vigil\u00e2ncia Sanit\u00e1ria (Anvisa) optou em n\u00e3o prorrogar o prazo para adequa\u00e7\u00e3o do r\u00f3tulo de produtos aliment\u00edcios. Dessa forma, a partir do pr\u00f3ximo m\u00eas &#8211; in\u00edcio de julho -, come\u00e7a a valer a regra de que a ind\u00fastria deve informar na embalagem a presen\u00e7a de subst\u00e2ncias alerg\u00eanicas nos produtos, como, por exemplo, nozes, gl\u00faten, amendoim e ovo. A prorroga\u00e7\u00e3o da data de in\u00edcio do cumprimento da norma foi pedida pela ind\u00fastria aliment\u00edcia, que alegou que precisava de um tempo maior do que 12 meses para a adapta\u00e7\u00e3o da cadeia produtiva.<\/p>\n<p><a href=\"https:\/\/blogs.correiobraziliense.com.br\/consumidor\/industria-de-alimentos-devem-adequar-os-rotulos-para-alergicos-partir-de-julho\/\" target=\"_blank\">Leia Ind\u00fastria deve adequar os r\u00f3tulos para al\u00e9rgicos a partir de julho<\/a><\/p>\n<p>A reuni\u00e3o\u00a0ocorreu ontem (1\/6) na sede da Anvisa, em Bras\u00edlia. Por cinco votos a zero ficou decidida a manuten\u00e7\u00e3o do prazo de 12 meses previsto em julho do ano passado para adequa\u00e7\u00e3o dos de r\u00f3tulos de alimentos al\u00e9rgenos.<\/p>\n<p>Entidades como a &#8220;P\u00f5e no R\u00f3tulo&#8221;\u00a0comemoram a decis\u00e3o.\u00a0\u00a0Fam\u00edlias de crian\u00e7as com alergia alimentar estiveram na Anvisa e foram \u00e0 tribuna para defender o direito \u00e0 informa\u00e7\u00e3o.<\/p>\n<p>&#8220;O consumidor n\u00e3o pode ser responsabilizado pela omiss\u00e3o da ind\u00fastria em rela\u00e7\u00e3o ao dever de conhecer aquilo que produz. Pelo C\u00f3digo de Defesa do Consumidor, j\u00e1 existe h\u00e1 muito tempo o dever de informar e \u00e9 isso o que o P\u00f5e no R\u00f3tulo pede: informa\u00e7\u00e3o&#8221;, informou Cec\u00edlia Cury, fundadora e coordenadora do P\u00f5e no R\u00f3tulo.<\/p>\n<p><a href=\"https:\/\/blogs.correiobraziliense.com.br\/consumidor\/audiencia_publica_deve_definir_regras_para_informacao_de_substancias_alergenicas_nos_rotulos\/\">Leia Regras para informa\u00e7\u00e3o de subst\u00e2ncias alerg\u00eanicas no r\u00f3tulo<\/a><\/p>\n<p><strong>Saiba mais<\/strong><\/p>\n<p>Em junho do ano passado, ap\u00f3s um amplo debate com diversos setores da sociedade civil, a Anvisa votou e aprovou, por unanimidade, a proposta de regulamenta\u00e7\u00e3o da rotulagem de alerg\u00eanicos (RDC n\u00ba 26\/2015). O texto foi publicado no Di\u00e1rio Oficial no dia 3 de julho de 2015 e as ind\u00fastrias t\u00eam um prazo de 12 meses, ou seja, julho deste ano, para modificar os r\u00f3tulos dos alimentos e tamb\u00e9m de bebidas.<\/p>\n","protected":false},"excerpt":{"rendered":"<p>Ap\u00f3s press\u00e3o da sociedade civil e das associa\u00e7\u00f5es de consumidores, a Ag\u00eancia Nacional de Vigil\u00e2ncia Sanit\u00e1ria (Anvisa) optou em n\u00e3o prorrogar o prazo para adequa\u00e7\u00e3o do r\u00f3tulo de produtos aliment\u00edcios. Dessa forma, a partir do pr\u00f3ximo m\u00eas &#8211; in\u00edcio de julho -, come\u00e7a a valer a regra de que a ind\u00fastria deve informar na embalagem a presen\u00e7a de subst\u00e2ncias alerg\u00eanicas [&hellip;]<\/p>\n","protected":false},"author":28,"featured_media":0,"comment_status":"open","ping_status":"closed","sticky":false,"template":"","format":"standard","meta":{"footnotes":""},"categories":[144,1],"tags":[],"class_list":["post-1194","post","type-post","status-publish","format-standard","hentry","category-consumidor","category-sem-categoria"],"_links":{"self":[{"href":"https:\/\/blogs.correiobraziliense.com.br\/consumidor\/wp-json\/wp\/v2\/posts\/1194","targetHints":{"allow":["GET"]}}],"collection":[{"href":"https:\/\/blogs.correiobraziliense.com.br\/consumidor\/wp-json\/wp\/v2\/posts"}],"about":[{"href":"https:\/\/blogs.correiobraziliense.com.br\/consumidor\/wp-json\/wp\/v2\/types\/post"}],"author":[{"embeddable":true,"href":"https:\/\/blogs.correiobraziliense.com.br\/consumidor\/wp-json\/wp\/v2\/users\/28"}],"replies":[{"embeddable":true,"href":"https:\/\/blogs.correiobraziliense.com.br\/consumidor\/wp-json\/wp\/v2\/comments?post=1194"}],"version-history":[{"count":3,"href":"https:\/\/blogs.correiobraziliense.com.br\/consumidor\/wp-json\/wp\/v2\/posts\/1194\/revisions"}],"predecessor-version":[{"id":1197,"href":"https:\/\/blogs.correiobraziliense.com.br\/consumidor\/wp-json\/wp\/v2\/posts\/1194\/revisions\/1197"}],"wp:attachment":[{"href":"https:\/\/blogs.correiobraziliense.com.br\/consumidor\/wp-json\/wp\/v2\/media?parent=1194"}],"wp:term":[{"taxonomy":"category","embeddable":true,"href":"https:\/\/blogs.correiobraziliense.com.br\/consumidor\/wp-json\/wp\/v2\/categories?post=1194"},{"taxonomy":"post_tag","embeddable":true,"href":"https:\/\/blogs.correiobraziliense.com.br\/consumidor\/wp-json\/wp\/v2\/tags?post=1194"}],"curies":[{"name":"wp","href":"https:\/\/api.w.org\/{rel}","templated":true}]}}