{"id":1190,"date":"2016-05-31T11:09:58","date_gmt":"2016-05-31T14:09:58","guid":{"rendered":"https:\/\/blogs.correiobraziliense.com.br\/consumidor\/?p=1190"},"modified":"2016-07-08T09:32:05","modified_gmt":"2016-07-08T12:32:05","slug":"prazo-para-indicacao-do-nota-legal-em-dinheiro-vai-ate-30-de-junho","status":"publish","type":"post","link":"https:\/\/blogs.correiobraziliense.com.br\/consumidor\/prazo-para-indicacao-do-nota-legal-em-dinheiro-vai-ate-30-de-junho\/","title":{"rendered":"Prazo para indica\u00e7\u00e3o do Nota Legal em dinheiro vai at\u00e9 30 de junho"},"content":{"rendered":"<p>Por Nath\u00e1lia Cardim e Fl\u00e1via Maia<\/p>\n<p>O prazo para indica\u00e7\u00e3o do Nota Legal em dinheiro come\u00e7a nesta quarta-feira (1\/6) e segue at\u00e9 o pr\u00f3ximo dia 30 de junho. O calend\u00e1rio foi divulgado nesta ter\u00e7a-feira (31\/5) pela Secretaria de Fazenda do Distrito Federal. Os interessados devem acessar o site do programa para pedir o resgate em dinheiro e indicar a conta corrente ou poupan\u00e7a para dep\u00f3sito, que deve pertencer ao contribuinte. As contas sal\u00e1rio n\u00e3o podem ser sugeridas. O dep\u00f3sito deve ocorrer a partir de agosto.<\/p>\n<p>De acordo com a Fazenda, o valor de cr\u00e9dito este ano \u00e9 de R$ 19 milh\u00f5es e s\u00e3o 286 mil cadastrados aptos a receber o benef\u00edcio. A expectativa da pasta \u00e9 que, dos R$ 19 milh\u00f5es destinados, apenas R$ 5 milh\u00f5es ser\u00e3o resgatados. Para o c\u00e1lculo, a pasta usa a m\u00e9dia de exerc\u00edcios anteriores. Em 2015, dos R$ 18 milh\u00f5es dispon\u00edveis, apenas R$ 3,9 milh\u00f5es foram pedidos pelos consumidores. O t\u00edquete m\u00e9dio em 2015 foi de R$ 131.<\/p>\n<p>As regras para 2016 continuam as mesmas do ano anterior &#8211; para pedir o cr\u00e9dito em dinheiro, o contribuinte n\u00e3o pode ter ve\u00edculo ou im\u00f3vel registrado em seu nome no Distrito Federal. Os consumidores em d\u00e9bito com a Fazenda tamb\u00e9m n\u00e3o podem participar do Nota Legal. \u201cAcreditamos que em 2016 mais pessoas receber\u00e3o esse cr\u00e9dito. O programa tem crescido ano a ano e nossa expectativa \u00e9 que aumente o n\u00famero de consumidores e o valor indicado\u201d, afirmou Hormino Almeida J\u00fanior, subsecret\u00e1rio de Receita.<\/p>\n<p><strong>D\u00favidas<\/strong><\/p>\n<p>Quem quiser tirar d\u00favidas ou receber orienta\u00e7\u00f5es sobre o programa Nota Legal deve procurar a central de atendimento por meio do telefone 156 \u2014 op\u00e7\u00e3o 3 \u2014, uma das ag\u00eancias da Receita ou ainda o atendimento virtual da Secretaria da Fazenda. Esclarecimentos tamb\u00e9m podem ser tirados pelo perfil da pasta do Facebook.<\/p>\n","protected":false},"excerpt":{"rendered":"<p>Por Nath\u00e1lia Cardim e Fl\u00e1via Maia O prazo para indica\u00e7\u00e3o do Nota Legal em dinheiro come\u00e7a nesta quarta-feira (1\/6) e segue at\u00e9 o pr\u00f3ximo dia 30 de junho. O calend\u00e1rio foi divulgado nesta ter\u00e7a-feira (31\/5) pela Secretaria de Fazenda do Distrito Federal. Os interessados devem acessar o site do programa para pedir o resgate em dinheiro e indicar a conta [&hellip;]<\/p>\n","protected":false},"author":28,"featured_media":1193,"comment_status":"open","ping_status":"closed","sticky":false,"template":"","format":"standard","meta":{"footnotes":""},"categories":[144,1],"tags":[115,114,29],"class_list":["post-1190","post","type-post","status-publish","format-standard","has-post-thumbnail","hentry","category-consumidor","category-sem-categoria","tag-credito","tag-fazenda","tag-nota-legal"],"_links":{"self":[{"href":"https:\/\/blogs.correiobraziliense.com.br\/consumidor\/wp-json\/wp\/v2\/posts\/1190","targetHints":{"allow":["GET"]}}],"collection":[{"href":"https:\/\/blogs.correiobraziliense.com.br\/consumidor\/wp-json\/wp\/v2\/posts"}],"about":[{"href":"https:\/\/blogs.correiobraziliense.com.br\/consumidor\/wp-json\/wp\/v2\/types\/post"}],"author":[{"embeddable":true,"href":"https:\/\/blogs.correiobraziliense.com.br\/consumidor\/wp-json\/wp\/v2\/users\/28"}],"replies":[{"embeddable":true,"href":"https:\/\/blogs.correiobraziliense.com.br\/consumidor\/wp-json\/wp\/v2\/comments?post=1190"}],"version-history":[{"count":1,"href":"https:\/\/blogs.correiobraziliense.com.br\/consumidor\/wp-json\/wp\/v2\/posts\/1190\/revisions"}],"predecessor-version":[{"id":1191,"href":"https:\/\/blogs.correiobraziliense.com.br\/consumidor\/wp-json\/wp\/v2\/posts\/1190\/revisions\/1191"}],"wp:featuredmedia":[{"embeddable":true,"href":"https:\/\/blogs.correiobraziliense.com.br\/consumidor\/wp-json\/wp\/v2\/media\/1193"}],"wp:attachment":[{"href":"https:\/\/blogs.correiobraziliense.com.br\/consumidor\/wp-json\/wp\/v2\/media?parent=1190"}],"wp:term":[{"taxonomy":"category","embeddable":true,"href":"https:\/\/blogs.correiobraziliense.com.br\/consumidor\/wp-json\/wp\/v2\/categories?post=1190"},{"taxonomy":"post_tag","embeddable":true,"href":"https:\/\/blogs.correiobraziliense.com.br\/consumidor\/wp-json\/wp\/v2\/tags?post=1190"}],"curies":[{"name":"wp","href":"https:\/\/api.w.org\/{rel}","templated":true}]}}