{"id":11,"date":"2015-01-08T12:29:00","date_gmt":"2015-01-08T14:29:00","guid":{"rendered":"https:\/\/blogs.correiobraziliense.com.br\/consumidor\/orientacoes_para_a_contratacao_do_transporte_escolar\/"},"modified":"2016-05-13T19:34:36","modified_gmt":"2016-05-13T22:34:36","slug":"orientacoes_para_a_contratacao_do_transporte_escolar","status":"publish","type":"post","link":"https:\/\/blogs.correiobraziliense.com.br\/consumidor\/orientacoes_para_a_contratacao_do_transporte_escolar\/","title":{"rendered":"Orienta\u00e7\u00f5es para a contrata\u00e7\u00e3o do transporte escolar"},"content":{"rendered":"\n<p>&nbsp; &nbsp; &nbsp; &nbsp;&nbsp; <img decoding=\"async\" src=\"https:\/\/blogs.correiobraziliense.com.br\/wp-content\/uploads\/blog-consumidor\/698732d0f35e7d37d682ffab5790976a.jpg\"> <\/p>\n<p>O Procon de S\u00e3o Paulo elaborou algumas recomenda\u00e7\u00f5es para os pais que pretendem contratar o servi\u00e7o de transporte escolar no pr\u00f3ximo per\u00edodo letivo. <\/p>\n<p>Uma das orienta\u00e7\u00f5es \u00e9 pegar refer\u00eancias da empresa e do motorista com outros clientes. A consulta na pr\u00f3pria escola e nos sindicatos da categoria podem ajudar. O ve\u00edculo e o motorista que prestam servi\u00e7o de transporte escolar devem ser credenciados <\/p>\n<p>Os pais e respons\u00e1veis tamb\u00e9m devem observar como o motorista recepciona as crian\u00e7as na porta de escola, as condi\u00e7\u00f5es de higiene, conforto e seguran\u00e7a do ve\u00edculo. \u00c9 importante observar tamb\u00e9m se h\u00e1 outro adulto acompanhando as crian\u00e7as, al\u00e9m do motorista. <\/p>\n<p>No contrato de presta\u00e7\u00e3o de servi\u00e7o de transporte \u00e9 preciso constar por escrito tudo o que for combinado entre as partes, principalmente a identifica\u00e7\u00e3o e o telefone, bem como as condi\u00e7\u00f5es gerais referentes ao per\u00edodo de vig\u00eancia; hor\u00e1rio e endere\u00e7o de sa\u00edda e chegada; valor da mensalidade; data e forma de pagamento; \u00edndice e forma de reajuste; percentual de multa e encargos por atraso no pagamento e condi\u00e7\u00f5es para rescis\u00e3o antecipada. <\/p>\n<p>Outro item interessante de ser analisado \u00e9 se o servi\u00e7o ser\u00e1 cobrado durante os meses de f\u00e9rias ou se poder ser prestado fora dos meses normais. <\/p>\n","protected":false},"excerpt":{"rendered":"<p>&nbsp; &nbsp; &nbsp; &nbsp;&nbsp; O Procon de S\u00e3o Paulo elaborou algumas recomenda\u00e7\u00f5es para os pais que pretendem contratar o servi\u00e7o de transporte escolar no pr\u00f3ximo per\u00edodo letivo. Uma das orienta\u00e7\u00f5es \u00e9 pegar refer\u00eancias da empresa e do motorista com outros clientes. A consulta na pr\u00f3pria escola e nos sindicatos da categoria podem ajudar. O ve\u00edculo e o motorista que prestam [&hellip;]<\/p>\n","protected":false},"author":28,"featured_media":0,"comment_status":"open","ping_status":"closed","sticky":false,"template":"","format":"standard","meta":{"footnotes":""},"categories":[1],"tags":[],"class_list":["post-11","post","type-post","status-publish","format-standard","hentry","category-sem-categoria"],"_links":{"self":[{"href":"https:\/\/blogs.correiobraziliense.com.br\/consumidor\/wp-json\/wp\/v2\/posts\/11","targetHints":{"allow":["GET"]}}],"collection":[{"href":"https:\/\/blogs.correiobraziliense.com.br\/consumidor\/wp-json\/wp\/v2\/posts"}],"about":[{"href":"https:\/\/blogs.correiobraziliense.com.br\/consumidor\/wp-json\/wp\/v2\/types\/post"}],"author":[{"embeddable":true,"href":"https:\/\/blogs.correiobraziliense.com.br\/consumidor\/wp-json\/wp\/v2\/users\/28"}],"replies":[{"embeddable":true,"href":"https:\/\/blogs.correiobraziliense.com.br\/consumidor\/wp-json\/wp\/v2\/comments?post=11"}],"version-history":[{"count":1,"href":"https:\/\/blogs.correiobraziliense.com.br\/consumidor\/wp-json\/wp\/v2\/posts\/11\/revisions"}],"predecessor-version":[{"id":1152,"href":"https:\/\/blogs.correiobraziliense.com.br\/consumidor\/wp-json\/wp\/v2\/posts\/11\/revisions\/1152"}],"wp:attachment":[{"href":"https:\/\/blogs.correiobraziliense.com.br\/consumidor\/wp-json\/wp\/v2\/media?parent=11"}],"wp:term":[{"taxonomy":"category","embeddable":true,"href":"https:\/\/blogs.correiobraziliense.com.br\/consumidor\/wp-json\/wp\/v2\/categories?post=11"},{"taxonomy":"post_tag","embeddable":true,"href":"https:\/\/blogs.correiobraziliense.com.br\/consumidor\/wp-json\/wp\/v2\/tags?post=11"}],"curies":[{"name":"wp","href":"https:\/\/api.w.org\/{rel}","templated":true}]}}