{"id":1056,"date":"2016-05-02T14:38:32","date_gmt":"2016-05-02T17:38:32","guid":{"rendered":"https:\/\/blogs.correiobraziliense.com.br\/consumidor\/?p=1056"},"modified":"2016-07-08T09:32:15","modified_gmt":"2016-07-08T12:32:15","slug":"associacoes-de-consumidores-criticam-bloqueio-do-whatsapp","status":"publish","type":"post","link":"https:\/\/blogs.correiobraziliense.com.br\/consumidor\/associacoes-de-consumidores-criticam-bloqueio-do-whatsapp\/","title":{"rendered":"Associa\u00e7\u00f5es de consumidores criticam bloqueio do WhatsApp"},"content":{"rendered":"<p>Uma decis\u00e3o judicial da comarca de Lagarto (SE) obriga a suspens\u00e3o do aplicativo de WhatsApp em todo o Brasil. As operadoras devem bloquear o servi\u00e7o a partir das 14h desta segunda-feira (2\/5) sob pena de multa di\u00e1ria. A interrup\u00e7\u00e3o deve durar por 72 horas. Esta \u00e9 a segunda vez que a Justi\u00e7a brasileira bloqueia o servi\u00e7o como puni\u00e7\u00e3o por o WhatsApp n\u00e3o fornecer informa\u00e7\u00f5es que colaborem com investiga\u00e7\u00f5es policiais.<\/p>\n<p><a href=\"http:\/\/www.correiobraziliense.com.br\/app\/noticia\/tecnologia\/2016\/05\/02\/interna_tecnologia,530065\/justica-de-sergipe-determina-bloqueio-do-whatsapp-no-brasil-por-72-hor.shtml\" target=\"_blank\">Leia mais Justi\u00e7a bloqueia WhatsApp<\/a><\/p>\n<p>Para as associa\u00e7\u00f5es de defesa do consumidor, a medida \u00e9 uma puni\u00e7\u00e3o contra os usu\u00e1rios. O Instituto Brasileiro de Defesa do Consumidor (Idec) afirmou que &#8220;o\u00a0bloqueio do aplicativo \u00e9 desproporcional e prejudicial ao consumidor&#8221;. J\u00e1 a Proteste Associa\u00e7\u00e3o de Consumidores acredita que a decis\u00e3o\u00a0fere duas garantias do Marco Civil da internet: a neutralidade da rede e a inimputabilidade, ou seja, os provedores de conex\u00e3o n\u00e3o devem responder pelos il\u00edcitos de terceiros. Nesse entendimento, a decis\u00e3o do juiz de Sergipe, Marcel Montalv\u00e3o, prejudica as operadoras e os consumidores.<\/p>\n<p>Na opini\u00e3o da Proteste, os efeitos da medida trazem preju\u00edzos inestim\u00e1veis ao impedir milh\u00f5es de brasileiros de trocar mensagens instant\u00e2neas, &#8220;que hoje desempenham um papel fundamental na comunica\u00e7\u00e3o da sociedade&#8221;, afirmou em nota. Por isso, a Proteste retomou a mobiliza\u00e7\u00e3o <a href=\"http:\/\/(www.proteste.org.br\/nossas-lutas\/contra-o-bloqueio-do-whatsapp)\">&#8220;N\u00e3o calem o WhatsApp&#8221;<\/a> feita em dezembro \u00faltimo, que teve a ades\u00e3o de mais de 136 mil consumidores, ap\u00f3s outro bloqueio judicial do aplicativo.<\/p>\n","protected":false},"excerpt":{"rendered":"<p>Uma decis\u00e3o judicial da comarca de Lagarto (SE) obriga a suspens\u00e3o do aplicativo de WhatsApp em todo o Brasil. As operadoras devem bloquear o servi\u00e7o a partir das 14h desta segunda-feira (2\/5) sob pena de multa di\u00e1ria. A interrup\u00e7\u00e3o deve durar por 72 horas. Esta \u00e9 a segunda vez que a Justi\u00e7a brasileira bloqueia o servi\u00e7o como puni\u00e7\u00e3o por o [&hellip;]<\/p>\n","protected":false},"author":28,"featured_media":0,"comment_status":"open","ping_status":"closed","sticky":false,"template":"","format":"standard","meta":{"footnotes":""},"categories":[144,1],"tags":[],"class_list":["post-1056","post","type-post","status-publish","format-standard","hentry","category-consumidor","category-sem-categoria"],"_links":{"self":[{"href":"https:\/\/blogs.correiobraziliense.com.br\/consumidor\/wp-json\/wp\/v2\/posts\/1056","targetHints":{"allow":["GET"]}}],"collection":[{"href":"https:\/\/blogs.correiobraziliense.com.br\/consumidor\/wp-json\/wp\/v2\/posts"}],"about":[{"href":"https:\/\/blogs.correiobraziliense.com.br\/consumidor\/wp-json\/wp\/v2\/types\/post"}],"author":[{"embeddable":true,"href":"https:\/\/blogs.correiobraziliense.com.br\/consumidor\/wp-json\/wp\/v2\/users\/28"}],"replies":[{"embeddable":true,"href":"https:\/\/blogs.correiobraziliense.com.br\/consumidor\/wp-json\/wp\/v2\/comments?post=1056"}],"version-history":[{"count":1,"href":"https:\/\/blogs.correiobraziliense.com.br\/consumidor\/wp-json\/wp\/v2\/posts\/1056\/revisions"}],"predecessor-version":[{"id":1057,"href":"https:\/\/blogs.correiobraziliense.com.br\/consumidor\/wp-json\/wp\/v2\/posts\/1056\/revisions\/1057"}],"wp:attachment":[{"href":"https:\/\/blogs.correiobraziliense.com.br\/consumidor\/wp-json\/wp\/v2\/media?parent=1056"}],"wp:term":[{"taxonomy":"category","embeddable":true,"href":"https:\/\/blogs.correiobraziliense.com.br\/consumidor\/wp-json\/wp\/v2\/categories?post=1056"},{"taxonomy":"post_tag","embeddable":true,"href":"https:\/\/blogs.correiobraziliense.com.br\/consumidor\/wp-json\/wp\/v2\/tags?post=1056"}],"curies":[{"name":"wp","href":"https:\/\/api.w.org\/{rel}","templated":true}]}}