{"id":1051,"date":"2016-04-29T16:51:44","date_gmt":"2016-04-29T19:51:44","guid":{"rendered":"https:\/\/blogs.correiobraziliense.com.br\/consumidor\/?p=1051"},"modified":"2016-07-08T09:32:17","modified_gmt":"2016-07-08T12:32:17","slug":"comercio-de-rua-e-shopping-centers-nao-abrem-no-domingo-do-trabalhador","status":"publish","type":"post","link":"https:\/\/blogs.correiobraziliense.com.br\/consumidor\/comercio-de-rua-e-shopping-centers-nao-abrem-no-domingo-do-trabalhador\/","title":{"rendered":"Com\u00e9rcio de rua e shopping centers n\u00e3o abrem no domingo do trabalhador"},"content":{"rendered":"<p>Durante o feriado de 1\u00ba de maio, as lojas de rua e de shopping centers do Distrito Federal n\u00e3o v\u00e3o funcionar.<\/p>\n<p>\u00c9 o que estabelece a conven\u00e7\u00e3o coletiva de trabalho firmada entre o Sindicato do Com\u00e9rcio Varejista (Sindivarejista) e o Sindicato dos Empregados no Com\u00e9rcio.<\/p>\n<p>&nbsp;<\/p>\n<p>&nbsp;<\/p>\n","protected":false},"excerpt":{"rendered":"<p>Durante o feriado de 1\u00ba de maio, as lojas de rua e de shopping centers do Distrito Federal n\u00e3o v\u00e3o funcionar. \u00c9 o que estabelece a conven\u00e7\u00e3o coletiva de trabalho firmada entre o Sindicato do Com\u00e9rcio Varejista (Sindivarejista) e o Sindicato dos Empregados no Com\u00e9rcio. &nbsp; &nbsp;<\/p>\n","protected":false},"author":28,"featured_media":0,"comment_status":"open","ping_status":"closed","sticky":false,"template":"","format":"standard","meta":{"footnotes":""},"categories":[144,1],"tags":[],"class_list":["post-1051","post","type-post","status-publish","format-standard","hentry","category-consumidor","category-sem-categoria"],"_links":{"self":[{"href":"https:\/\/blogs.correiobraziliense.com.br\/consumidor\/wp-json\/wp\/v2\/posts\/1051","targetHints":{"allow":["GET"]}}],"collection":[{"href":"https:\/\/blogs.correiobraziliense.com.br\/consumidor\/wp-json\/wp\/v2\/posts"}],"about":[{"href":"https:\/\/blogs.correiobraziliense.com.br\/consumidor\/wp-json\/wp\/v2\/types\/post"}],"author":[{"embeddable":true,"href":"https:\/\/blogs.correiobraziliense.com.br\/consumidor\/wp-json\/wp\/v2\/users\/28"}],"replies":[{"embeddable":true,"href":"https:\/\/blogs.correiobraziliense.com.br\/consumidor\/wp-json\/wp\/v2\/comments?post=1051"}],"version-history":[{"count":1,"href":"https:\/\/blogs.correiobraziliense.com.br\/consumidor\/wp-json\/wp\/v2\/posts\/1051\/revisions"}],"predecessor-version":[{"id":1052,"href":"https:\/\/blogs.correiobraziliense.com.br\/consumidor\/wp-json\/wp\/v2\/posts\/1051\/revisions\/1052"}],"wp:attachment":[{"href":"https:\/\/blogs.correiobraziliense.com.br\/consumidor\/wp-json\/wp\/v2\/media?parent=1051"}],"wp:term":[{"taxonomy":"category","embeddable":true,"href":"https:\/\/blogs.correiobraziliense.com.br\/consumidor\/wp-json\/wp\/v2\/categories?post=1051"},{"taxonomy":"post_tag","embeddable":true,"href":"https:\/\/blogs.correiobraziliense.com.br\/consumidor\/wp-json\/wp\/v2\/tags?post=1051"}],"curies":[{"name":"wp","href":"https:\/\/api.w.org\/{rel}","templated":true}]}}