{"id":1027,"date":"2016-04-21T18:00:15","date_gmt":"2016-04-21T21:00:15","guid":{"rendered":"https:\/\/blogs.correiobraziliense.com.br\/consumidor\/?p=1027"},"modified":"2016-07-08T10:21:37","modified_gmt":"2016-07-08T13:21:37","slug":"ans-conclui-proposta-de-inclusao-de-testes-para-o-zika-virus-em-planos-de-saude","status":"publish","type":"post","link":"https:\/\/blogs.correiobraziliense.com.br\/consumidor\/ans-conclui-proposta-de-inclusao-de-testes-para-o-zika-virus-em-planos-de-saude\/","title":{"rendered":"ANS conclui proposta de inclus\u00e3o de testes para o zika v\u00edrus em planos de sa\u00fade"},"content":{"rendered":"<p>A epidemia do zika v\u00edrus pelo Brasil levou a Ag\u00eancia Nacional de Sa\u00fade Suplementar (ANS) a correr contra o tempo na elabora\u00e7\u00e3o de uma proposta de inclus\u00e3o do exame de detec\u00e7\u00e3o do micro-organismo ao rol de procedimentos que os planos de sa\u00fade precisam cumprir. O texto ficou pronto na \u00faltima ter\u00e7a-feira (19\/4). Dessa forma, as operadoras de plano de sa\u00fade ficar\u00e3o obrigadas a oferecer o servi\u00e7o. Para entrar em vigor a medida, falta apenas o aval da diretoria da ag\u00eancia.\u00a0Assim que for aprovada, a ANS dar\u00e1 um prazo para que operadoras organizem a rede de atendimento e os laborat\u00f3rios para oferecerem os exames.<\/p>\n<p>A preocupa\u00e7\u00e3o com o aumento do nascimento de crian\u00e7as com microcefalia no pa\u00eds e a press\u00e3o das entidades\u00a0contribu\u00edram para a ag\u00eancia elaborar o documento de forma mais r\u00e1pida &#8211; entre o of\u00edcio enviado pela Proteste Associa\u00e7\u00e3o de Consumidores passaram-se dois meses.\u00a0O texto foi elaborado em parceria com representantes do setor, com \u00f3rg\u00e3os de defesa do consumidor e com a Associa\u00e7\u00e3o M\u00e9dica Brasileira (AMB).<\/p>\n<p>\u00c9 importante destacar que a ANS est\u00e1 realizando de forma extraordin\u00e1ria a revis\u00e3o do rol por se tratar de uma emerg\u00eancia em sa\u00fade p\u00fablica decretada pela Organiza\u00e7\u00e3o Mundial da Sa\u00fade (OMS). A ANS informou, via nota, que n\u00e3o autorizou antes a inclus\u00e3o porque\u00a0o\u00a0exame foi autorizado pela Ag\u00eancia Nacional de Vigil\u00e2ncia Sanit\u00e1ria (Anvisa) apenas no in\u00edcio do ano e nem todos os laborat\u00f3rios do pa\u00eds faziam o teste. Al\u00e9m disso, a ag\u00eancia explicou que esperava as diretrizes do Minist\u00e9rio da Sa\u00fade.<\/p>\n<p>&nbsp;<\/p>\n<p>&nbsp;<\/p>\n","protected":false},"excerpt":{"rendered":"<p>A epidemia do zika v\u00edrus pelo Brasil levou a Ag\u00eancia Nacional de Sa\u00fade Suplementar (ANS) a correr contra o tempo na elabora\u00e7\u00e3o de uma proposta de inclus\u00e3o do exame de detec\u00e7\u00e3o do micro-organismo ao rol de procedimentos que os planos de sa\u00fade precisam cumprir. O texto ficou pronto na \u00faltima ter\u00e7a-feira (19\/4). Dessa forma, as operadoras de plano de sa\u00fade [&hellip;]<\/p>\n","protected":false},"author":28,"featured_media":1029,"comment_status":"open","ping_status":"closed","sticky":false,"template":"","format":"standard","meta":{"footnotes":""},"categories":[144,1],"tags":[9,103,102],"class_list":["post-1027","post","type-post","status-publish","format-standard","has-post-thumbnail","hentry","category-consumidor","category-sem-categoria","tag-ans","tag-planos-de-saude","tag-zika"],"_links":{"self":[{"href":"https:\/\/blogs.correiobraziliense.com.br\/consumidor\/wp-json\/wp\/v2\/posts\/1027","targetHints":{"allow":["GET"]}}],"collection":[{"href":"https:\/\/blogs.correiobraziliense.com.br\/consumidor\/wp-json\/wp\/v2\/posts"}],"about":[{"href":"https:\/\/blogs.correiobraziliense.com.br\/consumidor\/wp-json\/wp\/v2\/types\/post"}],"author":[{"embeddable":true,"href":"https:\/\/blogs.correiobraziliense.com.br\/consumidor\/wp-json\/wp\/v2\/users\/28"}],"replies":[{"embeddable":true,"href":"https:\/\/blogs.correiobraziliense.com.br\/consumidor\/wp-json\/wp\/v2\/comments?post=1027"}],"version-history":[{"count":1,"href":"https:\/\/blogs.correiobraziliense.com.br\/consumidor\/wp-json\/wp\/v2\/posts\/1027\/revisions"}],"predecessor-version":[{"id":1028,"href":"https:\/\/blogs.correiobraziliense.com.br\/consumidor\/wp-json\/wp\/v2\/posts\/1027\/revisions\/1028"}],"wp:featuredmedia":[{"embeddable":true,"href":"https:\/\/blogs.correiobraziliense.com.br\/consumidor\/wp-json\/wp\/v2\/media\/1029"}],"wp:attachment":[{"href":"https:\/\/blogs.correiobraziliense.com.br\/consumidor\/wp-json\/wp\/v2\/media?parent=1027"}],"wp:term":[{"taxonomy":"category","embeddable":true,"href":"https:\/\/blogs.correiobraziliense.com.br\/consumidor\/wp-json\/wp\/v2\/categories?post=1027"},{"taxonomy":"post_tag","embeddable":true,"href":"https:\/\/blogs.correiobraziliense.com.br\/consumidor\/wp-json\/wp\/v2\/tags?post=1027"}],"curies":[{"name":"wp","href":"https:\/\/api.w.org\/{rel}","templated":true}]}}