{"id":1008,"date":"2016-04-12T12:16:41","date_gmt":"2016-04-12T15:16:41","guid":{"rendered":"https:\/\/blogs.correiobraziliense.com.br\/consumidor\/?p=1008"},"modified":"2016-07-08T10:21:45","modified_gmt":"2016-07-08T13:21:45","slug":"76-das-empresas-de-comercio-e-servicos-no-df-apresentaram-queda-no-faturamento","status":"publish","type":"post","link":"https:\/\/blogs.correiobraziliense.com.br\/consumidor\/76-das-empresas-de-comercio-e-servicos-no-df-apresentaram-queda-no-faturamento\/","title":{"rendered":"76% das empresas de com\u00e9rcio e servi\u00e7os no DF apresentaram queda no faturamento"},"content":{"rendered":"<p>A crise econ\u00f4mica do Distrito Federal atinge com for\u00e7a o setor de com\u00e9rcio e servi\u00e7os. De cada 10 empresas do segmento quase oito (76%) apresentaram queda no faturamento no m\u00eas de fevereiro. O decr\u00e9scimo total nas vendas foi de 6,84% em rela\u00e7\u00e3o a janeiro. Os dados s\u00e3o da\u00a0Pesquisa Conjuntural de Micro e Pequenas Empresas do Distrito Federal, realizada pelo Instituto Fecom\u00e9rcio.<\/p>\n<p>Apenas dois segmentos do com\u00e9rcio registraram alta em fevereiro de 2015: livraria e papelaria (15,73%) e cal\u00e7ados (5,76%).<\/p>\n<p>Os demais registraram queda: autope\u00e7as e acess\u00f3rios (-22,68%); m\u00f3veis e decora\u00e7\u00e3o (-15,33%); tecidos (-13,66%); lojas de utilidades dom\u00e9sticas (-10,46%); vestu\u00e1rio (-10,40%); inform\u00e1tica (-10,28%); floricultura (-7,06%); bares, restaurantes e lanchonetes (-6,85%); farm\u00e1cia e perfumaria (-6,55%); mercado e mercearia (-2,98%); \u00f3ticas (-2,08%) e material de constru\u00e7\u00e3o (-1,77%).<\/p>\n","protected":false},"excerpt":{"rendered":"<p>A crise econ\u00f4mica do Distrito Federal atinge com for\u00e7a o setor de com\u00e9rcio e servi\u00e7os. De cada 10 empresas do segmento quase oito (76%) apresentaram queda no faturamento no m\u00eas de fevereiro. O decr\u00e9scimo total nas vendas foi de 6,84% em rela\u00e7\u00e3o a janeiro. Os dados s\u00e3o da\u00a0Pesquisa Conjuntural de Micro e Pequenas Empresas do Distrito Federal, realizada pelo Instituto [&hellip;]<\/p>\n","protected":false},"author":28,"featured_media":0,"comment_status":"open","ping_status":"closed","sticky":false,"template":"","format":"standard","meta":{"footnotes":""},"categories":[144,1],"tags":[],"class_list":["post-1008","post","type-post","status-publish","format-standard","hentry","category-consumidor","category-sem-categoria"],"_links":{"self":[{"href":"https:\/\/blogs.correiobraziliense.com.br\/consumidor\/wp-json\/wp\/v2\/posts\/1008","targetHints":{"allow":["GET"]}}],"collection":[{"href":"https:\/\/blogs.correiobraziliense.com.br\/consumidor\/wp-json\/wp\/v2\/posts"}],"about":[{"href":"https:\/\/blogs.correiobraziliense.com.br\/consumidor\/wp-json\/wp\/v2\/types\/post"}],"author":[{"embeddable":true,"href":"https:\/\/blogs.correiobraziliense.com.br\/consumidor\/wp-json\/wp\/v2\/users\/28"}],"replies":[{"embeddable":true,"href":"https:\/\/blogs.correiobraziliense.com.br\/consumidor\/wp-json\/wp\/v2\/comments?post=1008"}],"version-history":[{"count":1,"href":"https:\/\/blogs.correiobraziliense.com.br\/consumidor\/wp-json\/wp\/v2\/posts\/1008\/revisions"}],"predecessor-version":[{"id":1009,"href":"https:\/\/blogs.correiobraziliense.com.br\/consumidor\/wp-json\/wp\/v2\/posts\/1008\/revisions\/1009"}],"wp:attachment":[{"href":"https:\/\/blogs.correiobraziliense.com.br\/consumidor\/wp-json\/wp\/v2\/media?parent=1008"}],"wp:term":[{"taxonomy":"category","embeddable":true,"href":"https:\/\/blogs.correiobraziliense.com.br\/consumidor\/wp-json\/wp\/v2\/categories?post=1008"},{"taxonomy":"post_tag","embeddable":true,"href":"https:\/\/blogs.correiobraziliense.com.br\/consumidor\/wp-json\/wp\/v2\/tags?post=1008"}],"curies":[{"name":"wp","href":"https:\/\/api.w.org\/{rel}","templated":true}]}}