{"id":266,"date":"2017-10-02T22:22:21","date_gmt":"2017-10-03T01:22:21","guid":{"rendered":"https:\/\/blogs.correiobraziliense.com.br\/consultoriosentimental\/?p=266"},"modified":"2017-10-12T14:42:45","modified_gmt":"2017-10-12T17:42:45","slug":"sensitivos-o-universo-agradece-consulta","status":"publish","type":"post","link":"https:\/\/blogs.correiobraziliense.com.br\/consultoriosentimental\/sensitivos-o-universo-agradece-consulta\/","title":{"rendered":"SENSITIVOS  &#8211; O UNIVERSO AGRADECE (consulta de leitor)"},"content":{"rendered":"<p style=\"text-align: justify\">Dra. <strong>Maraci<\/strong>, li dois artigos na internet. O t\u00edtulo do primeiro \u00e9 <strong><em>Por que os empatas agem de forma estranha quando cercados por pessoas falsas<\/em><\/strong> e o t\u00edtulo do segundo \u00e9 <strong><em>Porque sensitivos sentem-se drenados perto de pessoas falsas<\/em><\/strong><em>. <\/em>Estou enviando os links e gostaria que voc\u00ea falasse sobre esse tema<em>.<\/em><\/p>\n<p style=\"text-align: left\">Prezado leitor,<\/p>\n<p style=\"text-align: justify\">em resumo, os textos mencionados definem <strong>empata<\/strong>, que seria o mesmo que <strong>sensitivo<\/strong>, como pessoa que <strong>absorve<\/strong> as <strong>emo\u00e7\u00f5es<\/strong> e os <strong>sentimentos<\/strong> dos outros, que precisa de relacionamentos honestos e pode at\u00e9 adoecer emocionalmente e\/ou fisicamente quando em contato com gente mal-intencionada. E, como voc\u00ea pediu, vou fazer algumas considera\u00e7\u00f5es.<\/p>\n<p style=\"text-align: justify\">Em primeiro lugar, entendo que tudo \u00e9 <strong>energia<\/strong> e que estamos, o tempo todo, trocando com outros humanos, com os animais, com os vegetais, com os minerais, com o que \u00e9 material, com o que \u00e9 imaterial, com o que vemos, com o que nem percebemos.<\/p>\n<p style=\"text-align: justify\">Em segundo lugar, n\u00e3o admito a hip\u00f3tese de que algu\u00e9m seja todo o tempo bem-intencionado, porque, em maior ou menor grau, temos os dois lados.<\/p>\n<p style=\"text-align: justify\">E em terceiro lugar, embora sejamos todos <strong>sensitivos<\/strong> de um jeito ou de outro, creio que h\u00e1 criaturas mais <strong>sens\u00edveis<\/strong>, assim como h\u00e1 as mais fortes, as mais inteligentes, as mais bondosas.<\/p>\n<p style=\"text-align: justify\">Os <strong>empatas<\/strong> precisam de relacionamentos honestos? Quem, meu bom Deus, n\u00e3o precisa? E nem consigo imaginar de pronto uma situa\u00e7\u00e3o em que algu\u00e9m precise de um relacionamento desonesto. S\u00f3 que a honestidade ainda n\u00e3o \u00e9 um pilar deste mundo. Precisamos evoluir um bocado tamb\u00e9m sob esse aspecto.<\/p>\n<p style=\"text-align: justify\">Ent\u00e3o, o ideal \u00e9 que eles sejam preparados, desde cedo, para lidar com essa <strong>sensibilidade<\/strong> exacerbada, para que a usem de forma educada, com sabedoria, de maneira que possam se proteger quando necess\u00e1rio e ajudar quem precisa, sempre no limite das suas for\u00e7as.<\/p>\n<p style=\"text-align: justify\">A medita\u00e7\u00e3o, o contato com a natureza, s\u00e3o excelentes, especialmente para eles. Mas o grande lance est\u00e1 no autoconhecimento. \u00c9 preciso que cada um descubra o que o deixa t\u00e3o vulner\u00e1vel.<\/p>\n<p style=\"text-align: justify\">Porque ser <strong>sens\u00edvel<\/strong> \u00e9 diferente de ser vulner\u00e1vel, de estar \u00e0 merc\u00ea, de ser um ref\u00e9m. E ningu\u00e9m tem poder sobre n\u00f3s, al\u00e9m daquele que n\u00f3s mesmos concedemos, conscientemente ou inconscientemente, que podemos retomar a qualquer momento, j\u00e1 que ele, de fato, jamais sai das nossas m\u00e3os.<\/p>\n<p style=\"text-align: justify\">Os <strong>sensitivos<\/strong> precisam se conhecer e refletir sobre essas fragilidades, que costumam resultar da forma como eles percebem a vida, dos seus valores, das suas cren\u00e7as. N\u00e3o apenas por eles, mas por todos os que os cercam, inclusive outros <strong>empatas<\/strong> e pessoas de m\u00e1 \u00edndole, que n\u00e3o s\u00e3o totalmente refrat\u00e1rias \u00e0s energias benfazejas que podem vir a ser a mola propulsora para uma transforma\u00e7\u00e3o, para que aconte\u00e7a o bem que, naquelas criaturas, ainda n\u00e3o se fez.<\/p>\n<p style=\"text-align: justify\">H\u00e1 um texto atribu\u00eddo a Chico Xavier que diz que, para todos os males, s\u00f3 existe um medicamento de efici\u00eancia comprovada, que \u00e9 continuar na paz, compreendendo, ajudando, aguardando o concurso s\u00e1bio do Tempo, porque quem eu sou interfere diretamente naqueles que est\u00e3o ao meu redor.<\/p>\n<p style=\"text-align: justify\">Assim, se voc\u00ea for um <strong>empata<\/strong>, ou mesmo que n\u00e3o seja, tenha em mente que qualquer relacionamento \u00e9 sempre uma via de m\u00e3o dupla, que voc\u00ea pode e deve, recebendo o mal, entregar o bem, porque voc\u00ea ser\u00e1 o primeiro a dele se beneficiar. E o Universo agradecer\u00e1!<\/p>\n","protected":false},"excerpt":{"rendered":"<p>Dra. Maraci, li dois artigos na internet. O t\u00edtulo do primeiro \u00e9 Por que os empatas agem de forma estranha quando cercados por pessoas falsas e o t\u00edtulo do segundo \u00e9 Porque sensitivos sentem-se drenados perto de pessoas falsas. Estou enviando os links e gostaria que voc\u00ea falasse sobre esse tema. Prezado leitor, em resumo, os textos mencionados definem empata, [&hellip;]<\/p>\n","protected":false},"author":85,"featured_media":269,"comment_status":"open","ping_status":"open","sticky":false,"template":"","format":"standard","meta":{"footnotes":""},"categories":[68,56],"tags":[69,71,72,70,73],"class_list":["post-266","post","type-post","status-publish","format-standard","has-post-thumbnail","hentry","category-consulta","category-espiritualidade","tag-empata","tag-energia","tag-sensibilidade","tag-sensitivo","tag-sensivel"],"_links":{"self":[{"href":"https:\/\/blogs.correiobraziliense.com.br\/consultoriosentimental\/wp-json\/wp\/v2\/posts\/266","targetHints":{"allow":["GET"]}}],"collection":[{"href":"https:\/\/blogs.correiobraziliense.com.br\/consultoriosentimental\/wp-json\/wp\/v2\/posts"}],"about":[{"href":"https:\/\/blogs.correiobraziliense.com.br\/consultoriosentimental\/wp-json\/wp\/v2\/types\/post"}],"author":[{"embeddable":true,"href":"https:\/\/blogs.correiobraziliense.com.br\/consultoriosentimental\/wp-json\/wp\/v2\/users\/85"}],"replies":[{"embeddable":true,"href":"https:\/\/blogs.correiobraziliense.com.br\/consultoriosentimental\/wp-json\/wp\/v2\/comments?post=266"}],"version-history":[{"count":16,"href":"https:\/\/blogs.correiobraziliense.com.br\/consultoriosentimental\/wp-json\/wp\/v2\/posts\/266\/revisions"}],"predecessor-version":[{"id":336,"href":"https:\/\/blogs.correiobraziliense.com.br\/consultoriosentimental\/wp-json\/wp\/v2\/posts\/266\/revisions\/336"}],"wp:featuredmedia":[{"embeddable":true,"href":"https:\/\/blogs.correiobraziliense.com.br\/consultoriosentimental\/wp-json\/wp\/v2\/media\/269"}],"wp:attachment":[{"href":"https:\/\/blogs.correiobraziliense.com.br\/consultoriosentimental\/wp-json\/wp\/v2\/media?parent=266"}],"wp:term":[{"taxonomy":"category","embeddable":true,"href":"https:\/\/blogs.correiobraziliense.com.br\/consultoriosentimental\/wp-json\/wp\/v2\/categories?post=266"},{"taxonomy":"post_tag","embeddable":true,"href":"https:\/\/blogs.correiobraziliense.com.br\/consultoriosentimental\/wp-json\/wp\/v2\/tags?post=266"}],"curies":[{"name":"wp","href":"https:\/\/api.w.org\/{rel}","templated":true}]}}