{"id":1504,"date":"2018-07-04T19:49:17","date_gmt":"2018-07-04T22:49:17","guid":{"rendered":"https:\/\/blogs.correiobraziliense.com.br\/consultoriosentimental\/?p=1504"},"modified":"2018-07-04T19:49:17","modified_gmt":"2018-07-04T22:49:17","slug":"depressao-prevencao-diagnostico-tratamento","status":"publish","type":"post","link":"https:\/\/blogs.correiobraziliense.com.br\/consultoriosentimental\/depressao-prevencao-diagnostico-tratamento\/","title":{"rendered":"DEPRESS\u00c3O &#8211; PREVEN\u00c7\u00c3O, DIAGN\u00d3STICO, TRATAMENTO"},"content":{"rendered":"<p style=\"text-align: justify\"><span style=\"color: #0000ff\">Al\u00e9m de tratar de um assunto extremamente importante, esse v\u00eddeo do m\u00e9dico <strong>\u00cdCARO ALVES ALC\u00c2NTARA<\/strong> traz mais esclarecimento sobre preven\u00e7\u00e3o,\u00a0 diagn\u00f3stico e tratamento da depress\u00e3o. Para assistir,\u00a0<span style=\"color: #ff0000\"><strong><a style=\"color: #ff0000\" href=\"https:\/\/youtu.be\/Yxxz-s96QKI\">CLIQUE AQUI<\/a><\/strong><\/span>. E lembre de compartilhar, um gesto simples que pode salvar uma vida!<\/span><\/p>\n<p style=\"text-align: center\"><span style=\"color: #0000ff\">&#8220;Cada vez mais pessoas, incluindo crian\u00e7as e adolescentes, t\u00eam apresentado transtornos psiqui\u00e1tricos e estima-se que at\u00e9 o ano de 2050 UMA EM CADA 2 PESSOAS TER\u00c1 DEPRESS\u00c3O. O problema \u00e9 maior que \u201cparece\u201d sobretudo porque a maioria dos casos ainda \u00e9 em pessoas que negam a exist\u00eancia do problema ou em pessoas que sofrem sem identificar e procurar abordar e tratar adequadamente (muitas vezes tratam Depress\u00e3o como se fosses outras coisas); ademais, a maioria das pessoas N\u00c3O previne adequadamente transtornos como Depress\u00e3o e Ansiedade, o que tem comprometido sobremaneira a Sa\u00fade Mental da maioria das pessoas.&#8221;<\/span><\/p>\n<p style=\"text-align: right\"><span style=\"color: #0000ff\">Dr. \u00cdcaro Alves Alc\u00e2ntara<\/span><\/p>\n<p>&nbsp;<\/p>\n<p><span style=\"color: #ff0000\">Interessado nesse assunto? Aproveite para ler neste blog:\u00a0<strong><a style=\"color: #ff0000\" href=\"https:\/\/blogs.correiobraziliense.com.br\/consultoriosentimental\/setembro-amarelo-mes-da-prevencao-do-suicidio-3\/\">O G\u00caNIO E A DOR<\/a><\/strong>, <strong><a style=\"color: #ff0000\" href=\"https:\/\/blogs.correiobraziliense.com.br\/consultoriosentimental\/tambem-materiais\/\">TAMB\u00c9M MATERIAIS<\/a><\/strong>, <strong><a style=\"color: #ff0000\" href=\"https:\/\/blogs.correiobraziliense.com.br\/consultoriosentimental\/tambem-espirituais\/\">TAMB\u00c9M ESPIRITUAIS<\/a><\/strong>.<\/span><\/p>\n","protected":false},"excerpt":{"rendered":"<p>Al\u00e9m de tratar de um assunto extremamente importante, esse v\u00eddeo do m\u00e9dico \u00cdCARO ALVES ALC\u00c2NTARA traz mais esclarecimento sobre preven\u00e7\u00e3o,\u00a0 diagn\u00f3stico e tratamento da depress\u00e3o. Para assistir,\u00a0CLIQUE AQUI. E lembre de compartilhar, um gesto simples que pode salvar uma vida! &#8220;Cada vez mais pessoas, incluindo crian\u00e7as e adolescentes, t\u00eam apresentado transtornos psiqui\u00e1tricos e estima-se que at\u00e9 o ano de 2050 [&hellip;]<\/p>\n","protected":false},"author":85,"featured_media":1505,"comment_status":"open","ping_status":"open","sticky":false,"template":"","format":"standard","meta":{"footnotes":""},"categories":[359,135,7],"tags":[26,360,361],"class_list":["post-1504","post","type-post","status-publish","format-standard","has-post-thumbnail","hentry","category-medicina","category-psicologia","category-videos","tag-depressao","tag-diagnostico","tag-tratamento"],"_links":{"self":[{"href":"https:\/\/blogs.correiobraziliense.com.br\/consultoriosentimental\/wp-json\/wp\/v2\/posts\/1504","targetHints":{"allow":["GET"]}}],"collection":[{"href":"https:\/\/blogs.correiobraziliense.com.br\/consultoriosentimental\/wp-json\/wp\/v2\/posts"}],"about":[{"href":"https:\/\/blogs.correiobraziliense.com.br\/consultoriosentimental\/wp-json\/wp\/v2\/types\/post"}],"author":[{"embeddable":true,"href":"https:\/\/blogs.correiobraziliense.com.br\/consultoriosentimental\/wp-json\/wp\/v2\/users\/85"}],"replies":[{"embeddable":true,"href":"https:\/\/blogs.correiobraziliense.com.br\/consultoriosentimental\/wp-json\/wp\/v2\/comments?post=1504"}],"version-history":[{"count":5,"href":"https:\/\/blogs.correiobraziliense.com.br\/consultoriosentimental\/wp-json\/wp\/v2\/posts\/1504\/revisions"}],"predecessor-version":[{"id":1510,"href":"https:\/\/blogs.correiobraziliense.com.br\/consultoriosentimental\/wp-json\/wp\/v2\/posts\/1504\/revisions\/1510"}],"wp:featuredmedia":[{"embeddable":true,"href":"https:\/\/blogs.correiobraziliense.com.br\/consultoriosentimental\/wp-json\/wp\/v2\/media\/1505"}],"wp:attachment":[{"href":"https:\/\/blogs.correiobraziliense.com.br\/consultoriosentimental\/wp-json\/wp\/v2\/media?parent=1504"}],"wp:term":[{"taxonomy":"category","embeddable":true,"href":"https:\/\/blogs.correiobraziliense.com.br\/consultoriosentimental\/wp-json\/wp\/v2\/categories?post=1504"},{"taxonomy":"post_tag","embeddable":true,"href":"https:\/\/blogs.correiobraziliense.com.br\/consultoriosentimental\/wp-json\/wp\/v2\/tags?post=1504"}],"curies":[{"name":"wp","href":"https:\/\/api.w.org\/{rel}","templated":true}]}}