{"id":914,"count":2,"description":"","link":"https:\/\/blogs.correiobraziliense.com.br\/coletivo-filhas-da-mae\/tag\/guia-de-acoes-e-servicos-para-pessoas-idosas-com-demencias-e-cuidadores-as-no-distrito-federal\/","name":"Guia de A\u00e7\u00f5es e Servi\u00e7os para Pessoas Idosas com Dem\u00eancias e Cuidadores\/as no Distrito Federal","slug":"guia-de-acoes-e-servicos-para-pessoas-idosas-com-demencias-e-cuidadores-as-no-distrito-federal","taxonomy":"post_tag","meta":[],"_links":{"self":[{"href":"https:\/\/blogs.correiobraziliense.com.br\/coletivo-filhas-da-mae\/wp-json\/wp\/v2\/tags\/914","targetHints":{"allow":["GET"]}}],"collection":[{"href":"https:\/\/blogs.correiobraziliense.com.br\/coletivo-filhas-da-mae\/wp-json\/wp\/v2\/tags"}],"about":[{"href":"https:\/\/blogs.correiobraziliense.com.br\/coletivo-filhas-da-mae\/wp-json\/wp\/v2\/taxonomies\/post_tag"}],"wp:post_type":[{"href":"https:\/\/blogs.correiobraziliense.com.br\/coletivo-filhas-da-mae\/wp-json\/wp\/v2\/posts?tags=914"}],"curies":[{"name":"wp","href":"https:\/\/api.w.org\/{rel}","templated":true}]}}