{"id":1011,"count":1,"description":"","link":"https:\/\/blogs.correiobraziliense.com.br\/coletivo-filhas-da-mae\/tag\/guia-de-acoes-e-servicos-publicos-para-pessoas-idosas-com-demencias-e-para-cuidadoras-e-cuidadores-no-distrito-federal\/","name":"Guia de A\u00e7\u00f5es e Servi\u00e7os P\u00fablicos para Pessoas Idosas com Dem\u00eancias e para Cuidadoras e Cuidadores no Distrito Federal","slug":"guia-de-acoes-e-servicos-publicos-para-pessoas-idosas-com-demencias-e-para-cuidadoras-e-cuidadores-no-distrito-federal","taxonomy":"post_tag","meta":[],"_links":{"self":[{"href":"https:\/\/blogs.correiobraziliense.com.br\/coletivo-filhas-da-mae\/wp-json\/wp\/v2\/tags\/1011","targetHints":{"allow":["GET"]}}],"collection":[{"href":"https:\/\/blogs.correiobraziliense.com.br\/coletivo-filhas-da-mae\/wp-json\/wp\/v2\/tags"}],"about":[{"href":"https:\/\/blogs.correiobraziliense.com.br\/coletivo-filhas-da-mae\/wp-json\/wp\/v2\/taxonomies\/post_tag"}],"wp:post_type":[{"href":"https:\/\/blogs.correiobraziliense.com.br\/coletivo-filhas-da-mae\/wp-json\/wp\/v2\/posts?tags=1011"}],"curies":[{"name":"wp","href":"https:\/\/api.w.org\/{rel}","templated":true}]}}