{"id":977,"date":"2022-06-17T07:00:12","date_gmt":"2022-06-17T10:00:12","guid":{"rendered":"https:\/\/blogs.correiobraziliense.com.br\/coletivo-filhas-da-mae\/?p=977"},"modified":"2022-06-17T09:55:00","modified_gmt":"2022-06-17T12:55:00","slug":"imagens-lindas-para-uma-realidade-violenta","status":"publish","type":"post","link":"https:\/\/blogs.correiobraziliense.com.br\/coletivo-filhas-da-mae\/2022\/06\/17\/imagens-lindas-para-uma-realidade-violenta\/","title":{"rendered":"Imagens Lindas Para uma Realidade Violenta"},"content":{"rendered":"<p>Ana Castro &amp; Cosette Castro<\/p>\n<p>Bras\u00edlia \u2013 Pelo segundo ano consecutivo, o Coletivo Filhas da M\u00e3e participa da campanha internacional de conscientiza\u00e7\u00e3o sobre a viol\u00eancia contra a pessoa idosa. Al\u00e9m de campanha nas redes sociais digitais durante o m\u00eas Junho Violeta,\u00a0 \u00a0tamb\u00e9m fizemos proje\u00e7\u00f5es em pr\u00e9dios p\u00fablicos.<\/p>\n<p>Em 2021, \u00a0realizamos proje\u00e7\u00f5es em pr\u00e9dios do governo federal. Mais exatamente na Esplanada dos Minist\u00e9rios: ao lado do Teatro Nacional, na Biblioteca Nacional, no Museu da Rep\u00fablica e no Congresso Nacional. A ideia \u00e9 chamar aten\u00e7\u00e3o \u00a0sobre a necessidade de criar e implementar pol\u00edticas p\u00fablicas em defesa das pessoas com 60 anos ou mais.<\/p>\n<p>Em 2022, ampliamos o projeto que \u00e9 realizado em parceria com \u00a0F\u00f3rum Distrital em Defesa da Pessoa Idosa\/ DF. As proje\u00e7\u00f5es aconteceram ao anoitecer dos dias 14 e 15 de junho.<\/p>\n<p><img loading=\"lazy\" decoding=\"async\" class=\"size-medium wp-image-978 aligncenter\" src=\"https:\/\/blogs.correiobraziliense.com.br\/coletivo-filhas-da-mae\/wp-content\/uploads\/sites\/60\/2022\/06\/foto14.04palacioburiti04-300x225.jpeg\" alt=\"\" width=\"300\" height=\"225\" srcset=\"https:\/\/blogs.correiobraziliense.com.br\/coletivo-filhas-da-mae\/wp-content\/uploads\/sites\/60\/2022\/06\/foto14.04palacioburiti04-300x225.jpeg 300w, https:\/\/blogs.correiobraziliense.com.br\/coletivo-filhas-da-mae\/wp-content\/uploads\/sites\/60\/2022\/06\/foto14.04palacioburiti04-768x576.jpeg 768w, https:\/\/blogs.correiobraziliense.com.br\/coletivo-filhas-da-mae\/wp-content\/uploads\/sites\/60\/2022\/06\/foto14.04palacioburiti04-1024x768.jpeg 1024w, https:\/\/blogs.correiobraziliense.com.br\/coletivo-filhas-da-mae\/wp-content\/uploads\/sites\/60\/2022\/06\/foto14.04palacioburiti04-1440x1080.jpeg 1440w, https:\/\/blogs.correiobraziliense.com.br\/coletivo-filhas-da-mae\/wp-content\/uploads\/sites\/60\/2022\/06\/foto14.04palacioburiti04-800x600.jpeg 800w, https:\/\/blogs.correiobraziliense.com.br\/coletivo-filhas-da-mae\/wp-content\/uploads\/sites\/60\/2022\/06\/foto14.04palacioburiti04-550x413.jpeg 550w, https:\/\/blogs.correiobraziliense.com.br\/coletivo-filhas-da-mae\/wp-content\/uploads\/sites\/60\/2022\/06\/foto14.04palacioburiti04-230x173.jpeg 230w, https:\/\/blogs.correiobraziliense.com.br\/coletivo-filhas-da-mae\/wp-content\/uploads\/sites\/60\/2022\/06\/foto14.04palacioburiti04.jpeg 1600w\" sizes=\"auto, (max-width: 300px) 100vw, 300px\" \/><\/p>\n<p style=\"text-align: center\">Foto 1 &#8211; Pal\u00e1cio do Buriti<\/p>\n<p>No dia 14, ter\u00e7a-feira, as proje\u00e7\u00f5es foram realizadas no Pal\u00e1cio do Buriti\u00a0 e na Assembleia Legislativa do Distrito Federal .<\/p>\n<p><img loading=\"lazy\" decoding=\"async\" class=\"size-medium wp-image-979 aligncenter\" src=\"https:\/\/blogs.correiobraziliense.com.br\/coletivo-filhas-da-mae\/wp-content\/uploads\/sites\/60\/2022\/06\/foto14.06assembleiaDF1-300x300.jpeg\" alt=\"\" width=\"300\" height=\"300\" srcset=\"https:\/\/blogs.correiobraziliense.com.br\/coletivo-filhas-da-mae\/wp-content\/uploads\/sites\/60\/2022\/06\/foto14.06assembleiaDF1-300x300.jpeg 300w, https:\/\/blogs.correiobraziliense.com.br\/coletivo-filhas-da-mae\/wp-content\/uploads\/sites\/60\/2022\/06\/foto14.06assembleiaDF1-150x150.jpeg 150w, https:\/\/blogs.correiobraziliense.com.br\/coletivo-filhas-da-mae\/wp-content\/uploads\/sites\/60\/2022\/06\/foto14.06assembleiaDF1-768x768.jpeg 768w, https:\/\/blogs.correiobraziliense.com.br\/coletivo-filhas-da-mae\/wp-content\/uploads\/sites\/60\/2022\/06\/foto14.06assembleiaDF1-1024x1024.jpeg 1024w, https:\/\/blogs.correiobraziliense.com.br\/coletivo-filhas-da-mae\/wp-content\/uploads\/sites\/60\/2022\/06\/foto14.06assembleiaDF1.jpeg 1440w, https:\/\/blogs.correiobraziliense.com.br\/coletivo-filhas-da-mae\/wp-content\/uploads\/sites\/60\/2022\/06\/foto14.06assembleiaDF1-800x800.jpeg 800w, https:\/\/blogs.correiobraziliense.com.br\/coletivo-filhas-da-mae\/wp-content\/uploads\/sites\/60\/2022\/06\/foto14.06assembleiaDF1-550x550.jpeg 550w, https:\/\/blogs.correiobraziliense.com.br\/coletivo-filhas-da-mae\/wp-content\/uploads\/sites\/60\/2022\/06\/foto14.06assembleiaDF1-230x230.jpeg 230w\" sizes=\"auto, (max-width: 300px) 100vw, 300px\" \/><\/p>\n<p style=\"text-align: center\">Foto 2 &#8211;\u00a0Assembleia Legislativa\/DF<\/p>\n<p>Na quarta-feira, 15, dia internacional de conscientiza\u00e7\u00e3o sobre a viol\u00eancia contra a pessoa idosa, as proje\u00e7\u00f5es ocorreram mais uma vez na Esplanada dos Minist\u00e9rios. (ao lado do Teatro Nacional, no Museu Nacional\u00a0 e no Congresso Nacional).<\/p>\n<p><img loading=\"lazy\" decoding=\"async\" class=\" wp-image-980 aligncenter\" src=\"https:\/\/blogs.correiobraziliense.com.br\/coletivo-filhas-da-mae\/wp-content\/uploads\/sites\/60\/2022\/06\/foto15.06museunacional1-225x300.jpeg\" alt=\"\" width=\"222\" height=\"296\" srcset=\"https:\/\/blogs.correiobraziliense.com.br\/coletivo-filhas-da-mae\/wp-content\/uploads\/sites\/60\/2022\/06\/foto15.06museunacional1-225x300.jpeg 225w, https:\/\/blogs.correiobraziliense.com.br\/coletivo-filhas-da-mae\/wp-content\/uploads\/sites\/60\/2022\/06\/foto15.06museunacional1-768x1024.jpeg 768w, https:\/\/blogs.correiobraziliense.com.br\/coletivo-filhas-da-mae\/wp-content\/uploads\/sites\/60\/2022\/06\/foto15.06museunacional1-800x1067.jpeg 800w, https:\/\/blogs.correiobraziliense.com.br\/coletivo-filhas-da-mae\/wp-content\/uploads\/sites\/60\/2022\/06\/foto15.06museunacional1-550x733.jpeg 550w, https:\/\/blogs.correiobraziliense.com.br\/coletivo-filhas-da-mae\/wp-content\/uploads\/sites\/60\/2022\/06\/foto15.06museunacional1-230x307.jpeg 230w, https:\/\/blogs.correiobraziliense.com.br\/coletivo-filhas-da-mae\/wp-content\/uploads\/sites\/60\/2022\/06\/foto15.06museunacional1.jpeg 1200w\" sizes=\"auto, (max-width: 222px) 100vw, 222px\" \/><\/p>\n<p style=\"text-align: center\">Foto 3 &#8211;\u00a0Museu Nacional<\/p>\n<p>A campanha internacional foi criada pela Rede Internacional de Preven\u00e7\u00e3o \u00e0 Viol\u00eancia \u00e0 Pessoa Idosa em 2006 e \u00a0reconhecida pela Organiza\u00e7\u00e3o das Na\u00e7\u00f5es Unidas (ONU) em 2011. Durante o Junho Violeta, s\u00e3o divulgados dados sobre as viol\u00eancias cometidas no pa\u00eds, assim como os tipos de viol\u00eancias existentes.<\/p>\n<p>Segundo a Organiza\u00e7\u00e3o Mundial da Sa\u00fade (OMS), pelo menos 15,7% da popula\u00e7\u00e3o idosa sofre algum tipo de viol\u00eancia (f\u00edsica, psicol\u00f3gica, sexual, patrimonial\/financeira, al\u00e9m de abandono e neglig\u00eancia). Ou seja, 1 em cada 6 pessoas com 60 anos ou mais sofre viol\u00eancia em todo mundo e denuncia os maus tratos.<\/p>\n<p>Esse n\u00famero tende a ser bem maior, j\u00e1 que existe subnotifica\u00e7\u00e3o dos casos. A maior parte das v\u00edtimas n\u00e3o chega a denunciar porque depende dos familiares ou cuidadores, porque \u00e9 privada do acesso a telefone ou ainda porque n\u00e3o tem acesso ou n\u00e3o sabe utilizar internet para realizar den\u00fancia eletr\u00f4nica.<\/p>\n<p><img loading=\"lazy\" decoding=\"async\" class=\" wp-image-981 aligncenter\" src=\"https:\/\/blogs.correiobraziliense.com.br\/coletivo-filhas-da-mae\/wp-content\/uploads\/sites\/60\/2022\/06\/foto15.06.congresso-300x225.jpeg\" alt=\"\" width=\"333\" height=\"250\" srcset=\"https:\/\/blogs.correiobraziliense.com.br\/coletivo-filhas-da-mae\/wp-content\/uploads\/sites\/60\/2022\/06\/foto15.06.congresso-300x225.jpeg 300w, https:\/\/blogs.correiobraziliense.com.br\/coletivo-filhas-da-mae\/wp-content\/uploads\/sites\/60\/2022\/06\/foto15.06.congresso-768x576.jpeg 768w, https:\/\/blogs.correiobraziliense.com.br\/coletivo-filhas-da-mae\/wp-content\/uploads\/sites\/60\/2022\/06\/foto15.06.congresso-1024x768.jpeg 1024w, https:\/\/blogs.correiobraziliense.com.br\/coletivo-filhas-da-mae\/wp-content\/uploads\/sites\/60\/2022\/06\/foto15.06.congresso-1440x1080.jpeg 1440w, https:\/\/blogs.correiobraziliense.com.br\/coletivo-filhas-da-mae\/wp-content\/uploads\/sites\/60\/2022\/06\/foto15.06.congresso-800x600.jpeg 800w, https:\/\/blogs.correiobraziliense.com.br\/coletivo-filhas-da-mae\/wp-content\/uploads\/sites\/60\/2022\/06\/foto15.06.congresso-550x413.jpeg 550w, https:\/\/blogs.correiobraziliense.com.br\/coletivo-filhas-da-mae\/wp-content\/uploads\/sites\/60\/2022\/06\/foto15.06.congresso-230x173.jpeg 230w, https:\/\/blogs.correiobraziliense.com.br\/coletivo-filhas-da-mae\/wp-content\/uploads\/sites\/60\/2022\/06\/foto15.06.congresso.jpeg 1600w\" sizes=\"auto, (max-width: 333px) 100vw, 333px\" \/><\/p>\n<p style=\"text-align: center\">Foto 4 &#8211;\u00a0Congresso Nacional<\/p>\n<p>No Brasil, um pa\u00eds com 37 milh\u00f5es de pessoas com 60 anos ou mais, de acordo com o IBGE, a situa\u00e7\u00e3o n\u00e3o \u00e9 diferente.<\/p>\n<p>Durante a pandemia houve aumento da viol\u00eancia contra as pessoas idosas e segundo dados do Disque 100, a viol\u00eancia \u00e9 cometida por homens, filhos e netos. Apesar das campanhas p\u00fablicas, a viol\u00eancia segue aumentando no pa\u00eds, inclusive no Distrito Federal. (<a href=\"https:\/\/www.correiobraziliense.com.br\/cidades-df\/2022\/06\/5015495-df-registra-alto-indice-de-violencia-contra-o-idoso.html\">Veja aqui<\/a>). Para acompanhar o Mapa da Viol\u00eancia Contra a Pessoa Idosa do DF, clique <a href=\"https:\/\/paineis-ext.mpdft.mp.br\/extensions\/mashupidosos\/mashupidosos.html\">aqui<\/a>.<\/p>\n<p>O Mapa da Viol\u00eancia contra a Pessoa Idosa realizado pelo Minist\u00e9rio P\u00fablico do DF e Territ\u00f3rios revelou que em 2021\u00a0foram abertos 156 processos por crimes previstos no Estatuto do Idoso, contra 68, em 2020, um aumento de 129%.<\/p>\n<p>O crime mais recorrente dentre os previstos no Estatuto, \u00e9 colocar em perigo a integridade f\u00edsica ou a sa\u00fade do idoso, privando-o de cuidados ou por exposi\u00e7\u00e3o a condi\u00e7\u00f5es degradantes.<\/p>\n<p>&nbsp;<\/p>\n<p>&nbsp;<\/p>\n","protected":false},"excerpt":{"rendered":"<p>Ana Castro &amp; Cosette Castro Bras\u00edlia \u2013 Pelo segundo ano consecutivo, o Coletivo Filhas da M\u00e3e participa da campanha internacional de conscientiza\u00e7\u00e3o sobre a viol\u00eancia contra a pessoa idosa. Al\u00e9m de campanha nas redes sociais digitais durante o m\u00eas Junho Violeta,\u00a0 \u00a0tamb\u00e9m fizemos proje\u00e7\u00f5es em pr\u00e9dios p\u00fablicos. Em 2021, \u00a0realizamos proje\u00e7\u00f5es em pr\u00e9dios do governo federal. Mais exatamente na Esplanada [&hellip;]<\/p>\n","protected":false},"author":126,"featured_media":0,"comment_status":"open","ping_status":"open","sticky":false,"template":"","format":"standard","meta":{"footnotes":""},"categories":[9],"tags":[444,183,427,310,442,171,294,439,441,161,287,440,443,91],"class_list":["post-977","post","type-post","status-publish","format-standard","hentry","category-envelhecimento","tag-15-de-junho","tag-camara-legislativa-df","tag-campanha-de-conscientizacao-sobre-a-violencia-contra-a-pessoa-idosa","tag-cldf","tag-congresso-nacional","tag-disque-100","tag-forum-em-defesa-da-pessoa-idosa-df","tag-mapa-da-violencia-contra-a-pessoa-idosa-do-distrito-federal","tag-museu-nacional","tag-oms","tag-onu","tag-palacio-do-buriti","tag-pro-60","tag-violencia-contra-pessoa-idosa"],"_links":{"self":[{"href":"https:\/\/blogs.correiobraziliense.com.br\/coletivo-filhas-da-mae\/wp-json\/wp\/v2\/posts\/977","targetHints":{"allow":["GET"]}}],"collection":[{"href":"https:\/\/blogs.correiobraziliense.com.br\/coletivo-filhas-da-mae\/wp-json\/wp\/v2\/posts"}],"about":[{"href":"https:\/\/blogs.correiobraziliense.com.br\/coletivo-filhas-da-mae\/wp-json\/wp\/v2\/types\/post"}],"author":[{"embeddable":true,"href":"https:\/\/blogs.correiobraziliense.com.br\/coletivo-filhas-da-mae\/wp-json\/wp\/v2\/users\/126"}],"replies":[{"embeddable":true,"href":"https:\/\/blogs.correiobraziliense.com.br\/coletivo-filhas-da-mae\/wp-json\/wp\/v2\/comments?post=977"}],"version-history":[{"count":8,"href":"https:\/\/blogs.correiobraziliense.com.br\/coletivo-filhas-da-mae\/wp-json\/wp\/v2\/posts\/977\/revisions"}],"predecessor-version":[{"id":989,"href":"https:\/\/blogs.correiobraziliense.com.br\/coletivo-filhas-da-mae\/wp-json\/wp\/v2\/posts\/977\/revisions\/989"}],"wp:attachment":[{"href":"https:\/\/blogs.correiobraziliense.com.br\/coletivo-filhas-da-mae\/wp-json\/wp\/v2\/media?parent=977"}],"wp:term":[{"taxonomy":"category","embeddable":true,"href":"https:\/\/blogs.correiobraziliense.com.br\/coletivo-filhas-da-mae\/wp-json\/wp\/v2\/categories?post=977"},{"taxonomy":"post_tag","embeddable":true,"href":"https:\/\/blogs.correiobraziliense.com.br\/coletivo-filhas-da-mae\/wp-json\/wp\/v2\/tags?post=977"}],"curies":[{"name":"wp","href":"https:\/\/api.w.org\/{rel}","templated":true}]}}