{"id":965,"date":"2022-06-13T07:00:43","date_gmt":"2022-06-13T10:00:43","guid":{"rendered":"https:\/\/blogs.correiobraziliense.com.br\/coletivo-filhas-da-mae\/?p=965"},"modified":"2022-06-13T09:05:24","modified_gmt":"2022-06-13T12:05:24","slug":"a-saude-tem-cura","status":"publish","type":"post","link":"https:\/\/blogs.correiobraziliense.com.br\/coletivo-filhas-da-mae\/2022\/06\/13\/a-saude-tem-cura\/","title":{"rendered":"A Sa\u00fade Tem Cura"},"content":{"rendered":"<p>Ana Castro &amp; Cosette Castro<\/p>\n<p>Bras\u00edlia \u2013 Come\u00e7amos a semana com entusiasmo, apesar dos problemas que o pa\u00eds enfrenta em todos os setores. Principalmente depois de assistirmos o document\u00e1rio \u201cSa\u00fade Tem Cura\u201d, dirigido pelo cineasta Silvio Tendler, sobre o \u00a0Sistema \u00danico de Sa\u00fade (SUS).<\/p>\n<p>Se voc\u00ea ainda n\u00e3o assistiu, vale a pena dedicar um pouco mais de 1h30, para ver o filme, feito em parceria com a Funda\u00e7\u00e3o Oswaldo Cruz (Fiocruz) e do Centro Brasileiro de Estudos da Sa\u00fade (CEBES). O document\u00e1rio \u00e9 gratuito assim como o SUS, o maior sistema gratuito de sa\u00fade do mundo.<\/p>\n<p>Apesar de algumas pessoas reclamarem do SUS, j\u00e1 pensou como era o Brasil antes do Sistema \u00danico de Sa\u00fade? Ou como seria se n\u00e3o existisse hoje?<\/p>\n<p>Ele \u00e9 o \u00fanico sistema de sa\u00fade no mundo que atende 170 milh\u00f5es de pessoas sem cobrar nada. Al\u00e9m disso, \u00a0est\u00e1 presente em mais de 5 mil munic\u00edpios com atendimento b\u00e1sico e tamb\u00e9m complexo, com urg\u00eancias e emerg\u00eancias.\u00a0Tem produ\u00e7\u00e3o de vacinas e medicamentos. Realiza pesquisas, atua em hospitais universit\u00e1rios, faz vigil\u00e2ncia sanit\u00e1ria e epidemiol\u00f3gica, entre outras a\u00e7\u00f5es.<\/p>\n<p>Faz tudo isso, apesar do sucateamento e corte de verbas que vem sofrendo. E ainda atuou bravamente durante a pandemia por Covid-19. Se n\u00e3o fosse o SUS, o n\u00famero de mortos seria muito maior que os quase 700 mil (segundo dados oficiais)<\/p>\n<p>Voltando ao filme (<a href=\"https:\/\/youtu.be\/b-kZMfwvKsM\">link dispon\u00edvel aqui<\/a>), tamb\u00e9m \u00e9 poss\u00edvel assistir depoimentos de m\u00e9dicos e pesquisadores conhecidos nacionalmente, entre eles Drauzio Varella, Paulo Niemayer (Diretor do Instituto Estadual do C\u00e9rebro do Rio de Janeiro) e Margareth Dalcolmo (Fiocruz), \u00a0umas das mais importantes pesquisadoras do pa\u00eds.<\/p>\n<p>Mais do que informa\u00e7\u00f5es t\u00e9cnicas sobre o SUS ou mesmo sobre a respeit\u00e1vel carreira do diretor Silvio Tendler, trazemos hoje o depoimento de Ana Castro, jornalista aposentada, com ampla experi\u00eancia em v\u00eddeos, audiovisual e sa\u00fade p\u00fablica.<\/p>\n<p>ANA CASTRO \u2013 \u201cAinda estou impactada pelo document\u00e1rio \u201cSa\u00fade tem Cura\u201d, \u00a0que\u00a0 assisti semana passada. Todo cidad\u00e3o precisa ver. Amei o depoimento final do diretor, Silvio Tendler.<\/p>\n<p>Lembrei da minha av\u00f3, tamb\u00e9m m\u00e9dica &#8221; de pobres &#8221; em Santo Amaro da Purifica\u00e7\u00e3o, das minhas reuni\u00f5es clandestinas nos grupos de Sa\u00fade Comunit\u00e1ria na UnB e pelo Brasil.<\/p>\n<p>Recordei \u00a0como o Hospital Universit\u00e1rio de Bras\u00edlia (HUB) salvou meu filho beb\u00ea com pneumonia dupla. Ele e o g\u00eameo paridos no hospital da L2 sul em parto de risco, \u00a0de emerg\u00eancia.<\/p>\n<p>Tamb\u00e9m lembro do tratamento de c\u00e2ncer no AC Camargo (S\u00e3o Paulo) que meu filho fez, aos 23 anos, pelo plano de sa\u00fade, mas igual ao dos clientes do SUS e dos pacientes ricos. T\u00e3o bem sucedido que evitou v\u00e1rias consequ\u00eancias e possibilitou\u00a0 uma vida plena.<\/p>\n<p>E agora \u00a0somos, Ruth Scaff , Cosette Castro e eu, usu\u00e1rias e defensoras do Sistema \u00danico de Sa\u00fade. O SUS \u00e9 um benef\u00edcio para todas brasileiras e brasileiros, mesmo que tenha gente que s\u00f3 valorize os planos de sa\u00fade privados, imposs\u00edveis de pagar para a maioria das pessoas que chega aos 60 anos ou mais. Como eu, aos 66 anos.<\/p>\n<p>J\u00e1 v\u00ednhamos divulgando as v\u00e1rias atividades do SUS em nossas redes e grupos (inclusive no Blog da \u00faltima sexta-feira, que trata de autocuidado). Todas atividades gratuitas, dispon\u00edveis nas Unidades B\u00e1sicas de Sa\u00fade (UBS) mais perto da sua casa.<\/p>\n<p>Divulgamos em todos os espa\u00e7os poss\u00edveis. Da M\u00eddia Ninja ao SESC, entre os grupos que participam da campanha Velhices Cidad\u00e3 ou nas Redes Sociais Locais, projeto que j\u00e1 existe h\u00e1 16 anos nas regi\u00f5es administrativas do Distrito Federal. Na Liga de Geriatria e Gerontologia da UnB e outros.<\/p>\n<p>E, sim, \u00a0em todas redes sociais digitais do Coletivo Filhas da M\u00e3e, grupo que ajudei a criar no final de 2019 para dar apoio a pessoas que cuidam de familiares com dem\u00eancia. Basta acompanhar nosso \u00a0Instagram, Facebook, Twitter, Canal do You Tube e este Blog semanalmente\u201d.<\/p>\n<p>Aproveitamos o entusiasmo e enviamos convite \u00a0para realizar uma live\u00a0 especial com \u00a0o diretor Silvio Tendler, com a produtora \u00a0Caliban e parceiros convidados. A proposta \u00e9 conversar \u00a0sobre o document\u00e1rio, sobre o SUS e sobre a experi\u00eancia das cuidadoras no sistema p\u00fablico de sa\u00fade.<\/p>\n<p>Em tempo: Neste fim de semana lan\u00e7amos nas redes sociais digitais a campanha 2022 de conscientiza\u00e7\u00e3o sobre a viol\u00eancia contra a pessoa idosa. Nos dias 14 e 15 de junho, em parceria com o F\u00f3rum Distrital em Defesa da Pessoa Idosa, \u00a0teremos mais atividades no Distrito Federal. Aguardem!<\/p>\n","protected":false},"excerpt":{"rendered":"<p>Ana Castro &amp; Cosette Castro Bras\u00edlia \u2013 Come\u00e7amos a semana com entusiasmo, apesar dos problemas que o pa\u00eds enfrenta em todos os setores. Principalmente depois de assistirmos o document\u00e1rio \u201cSa\u00fade Tem Cura\u201d, dirigido pelo cineasta Silvio Tendler, sobre o \u00a0Sistema \u00danico de Sa\u00fade (SUS). Se voc\u00ea ainda n\u00e3o assistiu, vale a pena dedicar um pouco mais de 1h30, para ver [&hellip;]<\/p>\n","protected":false},"author":126,"featured_media":0,"comment_status":"open","ping_status":"open","sticky":false,"template":"","format":"standard","meta":{"footnotes":""},"categories":[11],"tags":[434,430,429,316,306,433,436,435,438,432,437,431],"class_list":["post-965","post","type-post","status-publish","format-standard","hentry","category-cuidado-e-autocuidado","tag-drauzio-varella","tag-fiocruz","tag-fundacao-oswaldo-cruz","tag-hospital-universitario-de-brasilia","tag-hub","tag-instituto-estadual-do-cerebro-do-rio-de-janeiro","tag-margareth-dalcolmo","tag-paulo-niemayer","tag-produtora-caliban","tag-ruth-scaff","tag-saude-tem-cura","tag-silvio-tendler"],"_links":{"self":[{"href":"https:\/\/blogs.correiobraziliense.com.br\/coletivo-filhas-da-mae\/wp-json\/wp\/v2\/posts\/965","targetHints":{"allow":["GET"]}}],"collection":[{"href":"https:\/\/blogs.correiobraziliense.com.br\/coletivo-filhas-da-mae\/wp-json\/wp\/v2\/posts"}],"about":[{"href":"https:\/\/blogs.correiobraziliense.com.br\/coletivo-filhas-da-mae\/wp-json\/wp\/v2\/types\/post"}],"author":[{"embeddable":true,"href":"https:\/\/blogs.correiobraziliense.com.br\/coletivo-filhas-da-mae\/wp-json\/wp\/v2\/users\/126"}],"replies":[{"embeddable":true,"href":"https:\/\/blogs.correiobraziliense.com.br\/coletivo-filhas-da-mae\/wp-json\/wp\/v2\/comments?post=965"}],"version-history":[{"count":3,"href":"https:\/\/blogs.correiobraziliense.com.br\/coletivo-filhas-da-mae\/wp-json\/wp\/v2\/posts\/965\/revisions"}],"predecessor-version":[{"id":968,"href":"https:\/\/blogs.correiobraziliense.com.br\/coletivo-filhas-da-mae\/wp-json\/wp\/v2\/posts\/965\/revisions\/968"}],"wp:attachment":[{"href":"https:\/\/blogs.correiobraziliense.com.br\/coletivo-filhas-da-mae\/wp-json\/wp\/v2\/media?parent=965"}],"wp:term":[{"taxonomy":"category","embeddable":true,"href":"https:\/\/blogs.correiobraziliense.com.br\/coletivo-filhas-da-mae\/wp-json\/wp\/v2\/categories?post=965"},{"taxonomy":"post_tag","embeddable":true,"href":"https:\/\/blogs.correiobraziliense.com.br\/coletivo-filhas-da-mae\/wp-json\/wp\/v2\/tags?post=965"}],"curies":[{"name":"wp","href":"https:\/\/api.w.org\/{rel}","templated":true}]}}