{"id":937,"date":"2022-05-27T08:00:49","date_gmt":"2022-05-27T11:00:49","guid":{"rendered":"https:\/\/blogs.correiobraziliense.com.br\/coletivo-filhas-da-mae\/?p=937"},"modified":"2022-05-27T00:46:32","modified_gmt":"2022-05-27T03:46:32","slug":"coletivo-filhas-da-mae-ampliado","status":"publish","type":"post","link":"https:\/\/blogs.correiobraziliense.com.br\/coletivo-filhas-da-mae\/2022\/05\/27\/coletivo-filhas-da-mae-ampliado\/","title":{"rendered":"Coletivo Filhas da M\u00e3e Ampliado"},"content":{"rendered":"<p>Ana Castro &amp; Cosette Castro<\/p>\n<p>Bras\u00edlia &#8211; Quinta-feira, 26 de maio, foi o dia do an\u00fancio da dissolu\u00e7\u00e3o da ABRAz &#8211;\u00a0 regional\u00a0 Distrito Federal. Um dia triste para quem conhece a hist\u00f3ria da institui\u00e7\u00e3o. Um dia triste para n\u00f3s, que criamos o Coletivo Filhas da M\u00e3e a partir dos encontros mensais da ABRAZ-DF.<\/p>\n<p>A diretoria da ABRAz- DF fez o an\u00fancio e lan\u00e7ou uma carta aberta \u00e0 popula\u00e7\u00e3o explicando os motivos da decis\u00e3o. O texto na \u00edntegra est\u00e1 dispon\u00edvel <a href=\"https:\/\/docs.google.com\/document\/d\/1ttr-9Czx4NXqmK4gtsJ375PlK8THumdjCQhH1-t2VFE\/edit?usp=sharing\">aqui.<\/a><\/p>\n<p style=\"text-align: center\"><img loading=\"lazy\" decoding=\"async\" class=\"alignnone wp-image-938 aligncenter\" src=\"https:\/\/blogs.correiobraziliense.com.br\/coletivo-filhas-da-mae\/wp-content\/uploads\/sites\/60\/2022\/05\/foto-instagramAbraz-259x300.jpg\" alt=\"\" width=\"464\" height=\"537\" srcset=\"https:\/\/blogs.correiobraziliense.com.br\/coletivo-filhas-da-mae\/wp-content\/uploads\/sites\/60\/2022\/05\/foto-instagramAbraz-259x300.jpg 259w, https:\/\/blogs.correiobraziliense.com.br\/coletivo-filhas-da-mae\/wp-content\/uploads\/sites\/60\/2022\/05\/foto-instagramAbraz-768x891.jpg 768w, https:\/\/blogs.correiobraziliense.com.br\/coletivo-filhas-da-mae\/wp-content\/uploads\/sites\/60\/2022\/05\/foto-instagramAbraz-883x1024.jpg 883w, https:\/\/blogs.correiobraziliense.com.br\/coletivo-filhas-da-mae\/wp-content\/uploads\/sites\/60\/2022\/05\/foto-instagramAbraz-800x928.jpg 800w, https:\/\/blogs.correiobraziliense.com.br\/coletivo-filhas-da-mae\/wp-content\/uploads\/sites\/60\/2022\/05\/foto-instagramAbraz-550x638.jpg 550w, https:\/\/blogs.correiobraziliense.com.br\/coletivo-filhas-da-mae\/wp-content\/uploads\/sites\/60\/2022\/05\/foto-instagramAbraz-230x267.jpg 230w, https:\/\/blogs.correiobraziliense.com.br\/coletivo-filhas-da-mae\/wp-content\/uploads\/sites\/60\/2022\/05\/foto-instagramAbraz.jpg 1080w\" sizes=\"auto, (max-width: 464px) 100vw, 464px\" \/><\/p>\n<p style=\"text-align: center\">Carta Aberta no Instagram da ABRAz-DF<\/p>\n<p>&nbsp;<\/p>\n<p>Mas isso n\u00e3o significa um fim. Apenas um novo recome\u00e7o. Uma nova experi\u00eancia. Um novo aprendizado.<\/p>\n<p>A ABRAz-DF e seus participantes v\u00e3o seguir juntos com o\u00a0 Coletivo Filhas da M\u00e3e, agora em vers\u00e3o ampliada.<\/p>\n<p>Como comentamos ontem nos grupos de Whats App do Coletivo e da ABRAz-DF:<\/p>\n<p>&#8220;N\u00f3s, do Coletivo Filhas da M\u00e3e, que nos conhecemos nas reuni\u00f5es da ABRAz-DF, reconhecemos o importante trabalho volunt\u00e1rio realizado por toda a equipe DF.<\/p>\n<p>Mais do que isso, temos sido parceiros e recebido apoio da ABRAz-DF em nossos projetos e a\u00e7\u00f5es.<\/p>\n<p>Desde o come\u00e7o abrimos os bra\u00e7os e o cora\u00e7\u00e3o para acolher a diretoria e participantes da ABRAz-DF. Fomos e seguimos parceiros.<\/p>\n<p>A partir de agora andamos de m\u00e3os juntas. De bra\u00e7os dados. Somos o Coletivo Filhas da M\u00e3e Ampliado.<\/p>\n<p>Em maio, em pleno processo de transi\u00e7\u00e3o, fizemos nossa primeira parceria como Coletivo Filhas da M\u00e3e Ampliado com a Roda de Conversa on line das primeiras ter\u00e7as-feiras de cada m\u00eas. Mais uma parceria realizada com amorosidade.<\/p>\n<p>Nesse processo, aceleramos o projeto de formaliza\u00e7\u00e3o do Coletivo Filhas da M\u00e3e tamb\u00e9m por conta do acolhimento aos nossos parceiros e pela perspectiva de crescer e ampliar. Ampliar sem perder a perspectiva do afeto, do cuidado e do autocuidado.<\/p>\n<p>Damos as boas vindas a todas as pessoas que participam da diretoria em dissolu\u00e7\u00e3o e tamb\u00e9m os participantes da ABRAz-DF&#8221;.<\/p>\n<p>COLETIVO FILHAS DA M\u00c3E<\/p>\n<p>Aproveitamos para apresentar as nossas Redes Sociais Digitais:<\/p>\n<p><strong>Instagram<\/strong><\/p>\n<p>@blocofilhasdamae<\/p>\n<p><strong>Facebook<\/strong><br \/>\nFilhas da M\u00e3e Coletivo<\/p>\n<p><strong>Whats App<\/strong> (convite)<\/p>\n<p>https:\/\/chat.whatsapp.com\/LsCig9YOHdFExZZfQC4sNB<\/p>\n<p><strong>Twitter<\/strong><br \/>\nfilhasdamaecol1<\/p>\n<p><strong>Canal no YouTube<\/strong><br \/>\nFilhas da M\u00e3e Coletivo<\/p>\n<p><strong>Blog do Coletivo Filhas da M\u00e3e no Jornal Correio Braziliense\u00a0\u00a0<\/strong><\/p>\n<p>https:\/\/blogs.correiobraziliense.com.br\/coletivo-filhas-da-mae<\/p>\n<p>#estamosjuntos<\/p>\n<p>&nbsp;<\/p>\n<p>&nbsp;<\/p>\n<p>&nbsp;<\/p>\n","protected":false},"excerpt":{"rendered":"<p>Ana Castro &amp; Cosette Castro Bras\u00edlia &#8211; Quinta-feira, 26 de maio, foi o dia do an\u00fancio da dissolu\u00e7\u00e3o da ABRAz &#8211;\u00a0 regional\u00a0 Distrito Federal. Um dia triste para quem conhece a hist\u00f3ria da institui\u00e7\u00e3o. Um dia triste para n\u00f3s, que criamos o Coletivo Filhas da M\u00e3e a partir dos encontros mensais da ABRAZ-DF. A diretoria da ABRAz- DF fez o [&hellip;]<\/p>\n","protected":false},"author":126,"featured_media":0,"comment_status":"open","ping_status":"open","sticky":false,"template":"","format":"standard","meta":{"footnotes":""},"categories":[11],"tags":[205,418,417,419],"class_list":["post-937","post","type-post","status-publish","format-standard","hentry","category-cuidado-e-autocuidado","tag-abraz-df","tag-acolhimento","tag-carta-de-dissolucao","tag-coletivo-filhas-da-mae-ampliado"],"_links":{"self":[{"href":"https:\/\/blogs.correiobraziliense.com.br\/coletivo-filhas-da-mae\/wp-json\/wp\/v2\/posts\/937","targetHints":{"allow":["GET"]}}],"collection":[{"href":"https:\/\/blogs.correiobraziliense.com.br\/coletivo-filhas-da-mae\/wp-json\/wp\/v2\/posts"}],"about":[{"href":"https:\/\/blogs.correiobraziliense.com.br\/coletivo-filhas-da-mae\/wp-json\/wp\/v2\/types\/post"}],"author":[{"embeddable":true,"href":"https:\/\/blogs.correiobraziliense.com.br\/coletivo-filhas-da-mae\/wp-json\/wp\/v2\/users\/126"}],"replies":[{"embeddable":true,"href":"https:\/\/blogs.correiobraziliense.com.br\/coletivo-filhas-da-mae\/wp-json\/wp\/v2\/comments?post=937"}],"version-history":[{"count":4,"href":"https:\/\/blogs.correiobraziliense.com.br\/coletivo-filhas-da-mae\/wp-json\/wp\/v2\/posts\/937\/revisions"}],"predecessor-version":[{"id":944,"href":"https:\/\/blogs.correiobraziliense.com.br\/coletivo-filhas-da-mae\/wp-json\/wp\/v2\/posts\/937\/revisions\/944"}],"wp:attachment":[{"href":"https:\/\/blogs.correiobraziliense.com.br\/coletivo-filhas-da-mae\/wp-json\/wp\/v2\/media?parent=937"}],"wp:term":[{"taxonomy":"category","embeddable":true,"href":"https:\/\/blogs.correiobraziliense.com.br\/coletivo-filhas-da-mae\/wp-json\/wp\/v2\/categories?post=937"},{"taxonomy":"post_tag","embeddable":true,"href":"https:\/\/blogs.correiobraziliense.com.br\/coletivo-filhas-da-mae\/wp-json\/wp\/v2\/tags?post=937"}],"curies":[{"name":"wp","href":"https:\/\/api.w.org\/{rel}","templated":true}]}}