{"id":928,"date":"2022-05-19T07:00:10","date_gmt":"2022-05-19T10:00:10","guid":{"rendered":"https:\/\/blogs.correiobraziliense.com.br\/coletivo-filhas-da-mae\/?p=928"},"modified":"2022-05-18T19:12:55","modified_gmt":"2022-05-18T22:12:55","slug":"envelhecimento-sem-idadismo","status":"publish","type":"post","link":"https:\/\/blogs.correiobraziliense.com.br\/coletivo-filhas-da-mae\/2022\/05\/19\/envelhecimento-sem-idadismo\/","title":{"rendered":"Envelhecimento Sem Idadismo"},"content":{"rendered":"<p>Ana Castro &amp; Cosette Castro<\/p>\n<p>Bras\u00edlia\u00a0 &#8211; Estudo lan\u00e7ado na semana passada pela Companhia de Desenvolvimento do Distrito Federal, Codeplan, aponta que a popula\u00e7\u00e3o idosa vai crescer 63% at\u00e9 2030.<\/p>\n<p>O aumento da popula\u00e7\u00e3o 60+ mostra que haver\u00e1 95 pessoas idosas a cada 100 jovens, mudando significativamente o panorama do Distrito Federal.<\/p>\n<p>Dados de 2020 contam que, h\u00e1 dois anos, o DF tinha uma popula\u00e7\u00e3o idosa de 346.221 pessoas. Em 2030, a previs\u00e3o \u00e9 que esse n\u00famero chegue a 565.382 pessoas entre uma popula\u00e7\u00e3o de 3,4 milh\u00f5es de pessoas.<\/p>\n<p>Em um pa\u00eds que se sente jovem e age como se n\u00e3o estivesse envelhecendo, \u00e9 preciso pensar urgentemente as rela\u00e7\u00f5es entre os diferentes grupos sociais.<\/p>\n<p>S\u00e3o \u00a0tempos de muito preconceito contra as pessoas em processo de envelhecimento. Pensando nisso, \u00a0abrimos espa\u00e7o para Daniela Stein, geront\u00f3loga e educadora f\u00edsica, que atua no Sul do pa\u00eds e traz algumas reflex\u00f5es sobre o tema.<\/p>\n<p>Daniela Stein \u00a0&#8211; \u201cEm pleno s\u00e9culo XXI as rela\u00e7\u00f5es com o envelhecimento, envelhesc\u00eancia e velhice v\u00e3o do glamour romantizado\u00a0 para uns a uma guerra silenciosa, a do preconceito, para outros.<\/p>\n<p>Muitas vezes, essa \u201cguerra\u201d\u00a0 inicia em casa e se sustenta por toda vida, baseada na idade&#8230;E, embora haja quem negue,\u00a0 se trata de puro preconceito .<\/p>\n<p>A Organiza\u00e7\u00e3o Mundial de Sa\u00fade \u00a0(OMS) define o idadismo\u00a0 como o preconceito em rela\u00e7\u00e3o a qualquer pessoa por causa da sua idade.<\/p>\n<p>Em geral, predomina\u00a0 o idadismo com adultos\u00a0 e idosos, mas pode ocorrer tamb\u00e9m \u00a0o preconceito atrav\u00e9s das diferentes idades. Por exemplo, em rela\u00e7\u00e3o aos jovens. Ocorre particularmente quando a palavra dos mais jovens n\u00e3o \u00e9 levada em conta ou \u00e9 silenciada.<\/p>\n<p>Algo que volta a acontecer quando a pessoa entra na envelhesc\u00eancia, per\u00edodo compreendido entre os 45 e 65 anos pelo soci\u00f3logo Manoel Berlinck.<\/p>\n<p>A mesma OMS, em 2021 quase se compromete com grande retrocesso sobre a ideia de envelhecimento. Se n\u00e3o fosse a press\u00e3o da sociedade civil, em especial do Brasil e da Am\u00e9rica Latina, \u00a0o idadismo encontraria lugar dentro da organiza\u00e7\u00e3o internacional. Isso quase aconteceu com a tentativa de considerar a velhice como \u00a0doen\u00e7a dentro da Classifica\u00e7\u00e3o Internacional de Doen\u00e7as (CID).<\/p>\n<p>Na pr\u00e1tica, se isso fosse aprovado, \u00a0toda vez que voc\u00ea, como 60 anos ou mais,\u00a0 fosse consultar um profissional da sa\u00fade, \u00a0constaria no seu prontu\u00e1rio m\u00e9dico e atestados que voc\u00ea \u00e9 uma pessoa doente. Pasmem!<\/p>\n<p>Diante dessa realidade,\u00a0 no Brasil um grupo de profissionais liderados pelo m\u00e9dico Alexandre Kalache ( ILC-BR) e \u00a0por Yeda Duarte (SABE), entre outros profissionais e institui\u00e7\u00f5es\u00a0 da \u00a0sociedade civil criaram o movimento <em>Velhice N\u00e3o \u00c9 doen\u00e7a<\/em> no Instagram e Facebook.<\/p>\n<p>N\u00f3s, do DS Sa\u00fade Para Longevidade, apoiamos e participamos no Sul do pa\u00eds, assim como o Coletivo Filhas da M\u00e3e, no Distrito Federal. As redes sociais digitais foram utilizadas para informar, divulgar e pressionar a OMS.\u00a0Foi uma grande vit\u00f3ria!<\/p>\n<p>Sem muito tempo para celebrar o feito social\u00a0 hist\u00f3rico, de engajamento e muito trabalho, o Brasil, por sua participa\u00e7\u00e3o ativa, \u00a0ganhou voz. O movimento cresceu.\u00a0E foi assim que nasceu em 2022, o Coletivo <em>Velhices Cidad\u00e3s<\/em>, tamb\u00e9m apoiado por n\u00f3s, do\u00a0 DS Sa\u00fade Para Longevidade, e pelo Coletivo Filhas da M\u00e3e.<\/p>\n<p>O movimento foi ampliado para abarcar todos os ismos. Todos os preconceitos sociais, \u00a0al\u00e9m do IDADISMO. Entre eles, \u00a0o SEXISMO, O RACISMO, ANTISEMITISMO, o CAPACITISMO (discrimina\u00e7\u00e3o a pessoas com defici\u00eancia) \u00a0e a GORDOFOBIA, que n\u00e3o aceita os diferentes corpos.<\/p>\n<p>Tais preconceitos \u00a0constrangem, renegam direitos, maltratam e at\u00e9 matam. E apenas por uma pessoa ser diferente!<\/p>\n<p>\u00c9 realmente chocante vermos as mulheres sendo atacadas ou recebendo sal\u00e1rios menores que os homens.<\/p>\n<p>\u00c9 aviltante ver pessoas LGBTs precisando esconder sua orienta\u00e7\u00e3o sexual (por quem sentem atra\u00e7\u00e3o) para n\u00e3o sofrerem viol\u00eancias ou morrer.\u00a0 E ainda assistir a viol\u00eancia contra comunidade negra\u00a0 ou contra comunidade judaica\u00a0 devido a \u00a0ra\u00e7a ou religi\u00e3o. Em tempos de fundamentalismo religioso, \u00e9 necess\u00e1rio incluir tamb\u00e9m a persegui\u00e7\u00e3o \u00e0s religi\u00f5es afros, que n\u00e3o para de crescer.<\/p>\n<p>Humilha\u00e7\u00f5es, constrangimentos, abusos, abandonos e negligencia, em especial \u00a0contra as pessoas idosas, alvos de todos os ISMOS.<\/p>\n<p>Negar a vida e suas diferen\u00e7as \u00e9 prestigiar a morte.\u00a0Est\u00e1 na hora de sermos protagonistas da mudan\u00e7a, protegendo todos os cidad\u00e3os&#8221;.<\/p>\n<p>N\u00f3s, do Coletivo Filhas da M\u00e3e, acreditamos no valor do grupo e da comunidade. Precisamos proteger todas as idades, todos os corpos e desejos, todas as ra\u00e7as, todos os g\u00eaneros. Est\u00e1 na hora de valorizar as vidas. Com qualidade de vida.<\/p>\n<p class=\"Default\"><span style=\"font-size: 14.0pt\">\u00a0Em Tempo: mais informa\u00e7\u00f5es sobre idadismo\u00a0 <a href=\"https:\/\/www.paho.org\/pt\/documentos\/relatorio-mundial-sobre-idadismo-resumo-executivo\">aqui.<\/a><\/span><\/p>\n","protected":false},"excerpt":{"rendered":"<p>Ana Castro &amp; Cosette Castro Bras\u00edlia\u00a0 &#8211; Estudo lan\u00e7ado na semana passada pela Companhia de Desenvolvimento do Distrito Federal, Codeplan, aponta que a popula\u00e7\u00e3o idosa vai crescer 63% at\u00e9 2030. O aumento da popula\u00e7\u00e3o 60+ mostra que haver\u00e1 95 pessoas idosas a cada 100 jovens, mudando significativamente o panorama do Distrito Federal. Dados de 2020 contam que, h\u00e1 dois anos, [&hellip;]<\/p>\n","protected":false},"author":126,"featured_media":0,"comment_status":"open","ping_status":"open","sticky":false,"template":"","format":"standard","meta":{"footnotes":""},"categories":[9],"tags":[3,119,413,5,106,169,390],"class_list":["post-928","post","type-post","status-publish","format-standard","hentry","category-envelhecimento","tag-autocuidado","tag-cuidado-e-autocuidado","tag-daniela-stein","tag-envelhecimento","tag-idadismo","tag-velhice-nao-e-doenca","tag-velhices-cidadas"],"_links":{"self":[{"href":"https:\/\/blogs.correiobraziliense.com.br\/coletivo-filhas-da-mae\/wp-json\/wp\/v2\/posts\/928","targetHints":{"allow":["GET"]}}],"collection":[{"href":"https:\/\/blogs.correiobraziliense.com.br\/coletivo-filhas-da-mae\/wp-json\/wp\/v2\/posts"}],"about":[{"href":"https:\/\/blogs.correiobraziliense.com.br\/coletivo-filhas-da-mae\/wp-json\/wp\/v2\/types\/post"}],"author":[{"embeddable":true,"href":"https:\/\/blogs.correiobraziliense.com.br\/coletivo-filhas-da-mae\/wp-json\/wp\/v2\/users\/126"}],"replies":[{"embeddable":true,"href":"https:\/\/blogs.correiobraziliense.com.br\/coletivo-filhas-da-mae\/wp-json\/wp\/v2\/comments?post=928"}],"version-history":[{"count":3,"href":"https:\/\/blogs.correiobraziliense.com.br\/coletivo-filhas-da-mae\/wp-json\/wp\/v2\/posts\/928\/revisions"}],"predecessor-version":[{"id":931,"href":"https:\/\/blogs.correiobraziliense.com.br\/coletivo-filhas-da-mae\/wp-json\/wp\/v2\/posts\/928\/revisions\/931"}],"wp:attachment":[{"href":"https:\/\/blogs.correiobraziliense.com.br\/coletivo-filhas-da-mae\/wp-json\/wp\/v2\/media?parent=928"}],"wp:term":[{"taxonomy":"category","embeddable":true,"href":"https:\/\/blogs.correiobraziliense.com.br\/coletivo-filhas-da-mae\/wp-json\/wp\/v2\/categories?post=928"},{"taxonomy":"post_tag","embeddable":true,"href":"https:\/\/blogs.correiobraziliense.com.br\/coletivo-filhas-da-mae\/wp-json\/wp\/v2\/tags?post=928"}],"curies":[{"name":"wp","href":"https:\/\/api.w.org\/{rel}","templated":true}]}}