{"id":896,"date":"2022-04-29T07:00:40","date_gmt":"2022-04-29T10:00:40","guid":{"rendered":"https:\/\/blogs.correiobraziliense.com.br\/coletivo-filhas-da-mae\/?p=896"},"modified":"2022-04-29T08:27:16","modified_gmt":"2022-04-29T11:27:16","slug":"cuidando-de-quem-cuida","status":"publish","type":"post","link":"https:\/\/blogs.correiobraziliense.com.br\/coletivo-filhas-da-mae\/2022\/04\/29\/cuidando-de-quem-cuida\/","title":{"rendered":"Cuidando de Quem Cuida"},"content":{"rendered":"<p>Ana Castro &amp; Cosette Castro<\/p>\n<p>Bras\u00edlia\u00a0 &#8211; Esta semana, enquanto\u00a0 organizamos vaquinha virtual\u00a0 para formalizar o Coletivo Filhas da M\u00e3e, tivemos uma boa not\u00edcia.<\/p>\n<p>Come\u00e7ou a chamada p\u00fablica para a contrata\u00e7\u00e3o de pesquisadoras e pesquisadores do estudo que propusemos e ajudamos a formular em 2021.<\/p>\n<p>A pesquisa vai tra\u00e7ar, pela primeira vez, o perfil da pessoa idosa com dem\u00eancia e de pessoas em processo de diagn\u00f3stico no Distrito Federal.<\/p>\n<p>Vai tra\u00e7ar ainda o perfil de\u00a0 cuidadoras familiares e\u00a0 cuidadoras profissionais no DF, conhecendo as demandas de todos os grupos. Al\u00e9m disso, vai realizar levantamento dos servi\u00e7os p\u00fablicos dispon\u00edveis.<\/p>\n<p>N\u00e3o \u00e9 por acaso que usamos a palavra cuidadoras no feminino. As mulheres representam 96% da atividade de cuidado no Brasil.<\/p>\n<p>O estudo \u00e9 resultado da Emenda Parlamentar que\u00a0 conseguimos em 2021 com o apoio do gabinete da Deputada Distrital Arlete Sampaio. Ela \u00e9 Presidenta da Comiss\u00e3o de Cultura, Educa\u00e7\u00e3o e Sa\u00fade da Assembleia Legislativa do Distrito Federal.<\/p>\n<p>H\u00e1 quase 1 ano o Coletivo Filhas da M\u00e3e,\u00a0 em parceria com o F\u00f3rum Distrital em Defesa da Pessoa Idosa, vem se reunindo com o gabinete da Deputada e com a Codeplan, a Companhia de Planejamento do DF. A pesquisa foi sendo desenhada e saindo do papel.<\/p>\n<p>A primeira etapa, voltada para os p\u00fablicos alvo, come\u00e7ou nos primeiros meses de 2022. Nesse momento iniciou o cadastramento das cuidadoras familiares\u00a0 e\u00a0 seus parentes enfermos\u00a0 e das cuidadoras profissionais.<\/p>\n<p>Ao se cadastrarem, as pessoas escolhem como desejam ser entrevistadas (on line, presencial ou pelo telefone). E informam os melhores dias e hor\u00e1rios de participa\u00e7\u00e3o. (Link para <a href=\"http:\/\/qc.codeplan.df.gov.br\/index.php\/265272?lang=pt-BR&amp;utm_source=Idosos+com+Dem%C3%AAAncia\">cadastramento <\/a>)<\/p>\n<p>Sob a coordena\u00e7\u00e3o da Codeplan,\u00a0 constitu\u00edmos um Comit\u00ea Cient\u00edfico Internacional que vai se reunir pela 1a vez na primeira semana de maio. Esse Comit\u00ea far\u00e1 o acompanhamento da pesquisa, ofertando sugest\u00f5es no decorrer das atividades, caso necess\u00e1rio.<\/p>\n<p>Agora \u00e9 o momento de sele\u00e7\u00e3o e contrata\u00e7\u00e3o.<\/p>\n<p>Em tempos de ataque sistem\u00e1tico \u00e0 ci\u00eancia e \u00e0 pesquisa no Brasil,\u00a0 \u00e9 um momento de comemora\u00e7\u00e3o e novas vagas. ( link pra <a href=\"https:\/\/www.codeplan.df.gov.br\/edital-06-2022-estudo-sobre-pessoas-idosas-com-demencia-e-cuidadores-no-distrito-federal\/\">inscri\u00e7\u00e3o )<\/a><\/p>\n<p>\u00c9\u00a0 tamb\u00e9m um momento de esperan\u00e7a.<\/p>\n<p>Esperamos\u00a0 que os resultados possam contribuir para elabora\u00e7\u00e3o de pol\u00edticas p\u00fablicas. E que melhorem a qualidade de vida de pacientes, familiares e profissionais do cuidado.<\/p>\n<p>H\u00e1 dois dias da comemora\u00e7\u00e3o do dia do trabalho,\u00a0 consideramos um bom momento para lembrar a invisibilidade das cuidadoras familiares.<\/p>\n<p>Elas trabalham gratuitamente dia ap\u00f3s dia, ano ap\u00f3s ano com sobrecarga f\u00edsica e mental. E a maioria sofre as consequ\u00eancias dessa sobrecarga.<\/p>\n<p>Est\u00e1 mais do que na hora do Estado criar uma lei que proteja as cuidadoras familiares de todo pa\u00eds, como ocorreu em 2021 na Argentina. (mais informa\u00e7\u00f5es em https:\/\/\/coletivo-filhas-da-mae\/2021\/07\/26\/a-inspiracao-argentina\/).<\/p>\n<p>\u00c9 preciso reconhecer tamb\u00e9m\u00a0 a profiss\u00e3o de cuidadora profissional. Um direito perversamente negado pelo atual governo.\u00a0 Esta \u00e9 uma das profiss\u00f5es que mais cresce no mundo.<\/p>\n<p>Todas elas merecem!<\/p>\n","protected":false},"excerpt":{"rendered":"<p>Ana Castro &amp; Cosette Castro Bras\u00edlia\u00a0 &#8211; Esta semana, enquanto\u00a0 organizamos vaquinha virtual\u00a0 para formalizar o Coletivo Filhas da M\u00e3e, tivemos uma boa not\u00edcia. Come\u00e7ou a chamada p\u00fablica para a contrata\u00e7\u00e3o de pesquisadoras e pesquisadores do estudo que propusemos e ajudamos a formular em 2021. A pesquisa vai tra\u00e7ar, pela primeira vez, o perfil da pessoa idosa com dem\u00eancia e [&hellip;]<\/p>\n","protected":false},"author":126,"featured_media":0,"comment_status":"open","ping_status":"open","sticky":false,"template":"","format":"standard","meta":{"footnotes":""},"categories":[11],"tags":[8,119,20,24,7],"class_list":["post-896","post","type-post","status-publish","format-standard","hentry","category-cuidado-e-autocuidado","tag-alzheimer","tag-cuidado-e-autocuidado","tag-cuidadoras-familiares","tag-cuidadoras-profissionais","tag-demencias"],"_links":{"self":[{"href":"https:\/\/blogs.correiobraziliense.com.br\/coletivo-filhas-da-mae\/wp-json\/wp\/v2\/posts\/896","targetHints":{"allow":["GET"]}}],"collection":[{"href":"https:\/\/blogs.correiobraziliense.com.br\/coletivo-filhas-da-mae\/wp-json\/wp\/v2\/posts"}],"about":[{"href":"https:\/\/blogs.correiobraziliense.com.br\/coletivo-filhas-da-mae\/wp-json\/wp\/v2\/types\/post"}],"author":[{"embeddable":true,"href":"https:\/\/blogs.correiobraziliense.com.br\/coletivo-filhas-da-mae\/wp-json\/wp\/v2\/users\/126"}],"replies":[{"embeddable":true,"href":"https:\/\/blogs.correiobraziliense.com.br\/coletivo-filhas-da-mae\/wp-json\/wp\/v2\/comments?post=896"}],"version-history":[{"count":4,"href":"https:\/\/blogs.correiobraziliense.com.br\/coletivo-filhas-da-mae\/wp-json\/wp\/v2\/posts\/896\/revisions"}],"predecessor-version":[{"id":903,"href":"https:\/\/blogs.correiobraziliense.com.br\/coletivo-filhas-da-mae\/wp-json\/wp\/v2\/posts\/896\/revisions\/903"}],"wp:attachment":[{"href":"https:\/\/blogs.correiobraziliense.com.br\/coletivo-filhas-da-mae\/wp-json\/wp\/v2\/media?parent=896"}],"wp:term":[{"taxonomy":"category","embeddable":true,"href":"https:\/\/blogs.correiobraziliense.com.br\/coletivo-filhas-da-mae\/wp-json\/wp\/v2\/categories?post=896"},{"taxonomy":"post_tag","embeddable":true,"href":"https:\/\/blogs.correiobraziliense.com.br\/coletivo-filhas-da-mae\/wp-json\/wp\/v2\/tags?post=896"}],"curies":[{"name":"wp","href":"https:\/\/api.w.org\/{rel}","templated":true}]}}