{"id":875,"date":"2022-04-15T09:18:13","date_gmt":"2022-04-15T12:18:13","guid":{"rendered":"https:\/\/blogs.correiobraziliense.com.br\/coletivo-filhas-da-mae\/?p=875"},"modified":"2022-04-15T10:06:25","modified_gmt":"2022-04-15T13:06:25","slug":"sobre-tempo-de-pascoa-e-de-envelhecer","status":"publish","type":"post","link":"https:\/\/blogs.correiobraziliense.com.br\/coletivo-filhas-da-mae\/2022\/04\/15\/sobre-tempo-de-pascoa-e-de-envelhecer\/","title":{"rendered":"Sobre Tempo de P\u00e1scoa e de Envelhecer"},"content":{"rendered":"<p>Ana Castro &amp; Cosette Castro<\/p>\n<p>Bras\u00edlia \u2013 Em tempos de feriados e poucas viagens, a P\u00e1scoa refor\u00e7a a id\u00e9ia de uma comemora\u00e7\u00e3o familiar, rodeada de s\u00edmbolos religiosos e pag\u00e3os.<\/p>\n<p>\u00c9 um tempo de renova\u00e7\u00e3o e mudan\u00e7a de esta\u00e7\u00e3o, onde os est\u00edmulos nada religiosos para aumentar o consumo de chocolate est\u00e3o presentes em todos os lugares.<\/p>\n<p>\u00c9 tempo tamb\u00e9m de brincar com as crian\u00e7as, caso ainda haja alguma na casa, e usar a imagina\u00e7\u00e3o para esconder os ovos.<\/p>\n<p>Para as pessoas com restri\u00e7\u00e3o de lactose, a\u00e7\u00facar ou gl\u00faten, s\u00e3o tempos de cuidados redobrados para n\u00e3o correr o risco de comer o que n\u00e3o pode. Por isso, o mais adequado \u00e9 buscar lojas que ofere\u00e7am produtos produzidos para essas dietas ou baixar na internet receitas que contribuam para manter a sa\u00fade.<\/p>\n<p>Quem n\u00e3o se interessa por chocolate, pode aproveitar o feriado e presentear livros, sejam eles adultos ou infantis. O coelho da P\u00e1scoa n\u00e3o vai se importar.<\/p>\n<p>Uma dica\u00a0 para adultos \u00e9 o livro \u201cO Cheiro\u201d (Ed. Confraria do Vento), recente lan\u00e7amento da jornalista e escritora Madalena Rodrigues.<\/p>\n<p>O livro conta a hist\u00f3ria de uma menina que nasce com o nariz grande e um olfato especial, capaz de sentir muitos tipos de cheiros, diferente das outras pessoas. N\u00e3o d\u00e1 vontade de parar de ler e acompanhar a vida de Amana ao longo das mais de 400 p\u00e1ginas do livro.<\/p>\n<p>Para al\u00e9m da P\u00e1scoa, o Coletivo Filhas da M\u00e3e segue na campanha \u201cVelhices Cidad\u00e3s\u201d, cujo manifesto foi lan\u00e7ado nacionalmente no come\u00e7o de abril.<\/p>\n<p>Hoje abrimos espa\u00e7o no Blog para divulgar, mais uma vez, o documento que apoiamos.<\/p>\n<p>\u201cEnvelhecer \u00e9 um processo natural da nossa jornada nessa exist\u00eancia.<\/p>\n<p>\u00c9 uma conquista individual e da sociedade que a cada dia incorpora mais e mais gente acima de 60 anos, numa mudan\u00e7a in\u00e9dita da pir\u00e2mide et\u00e1ria.<\/p>\n<p>E a cada dia aprendemos como viver mais, de maneira ativa, saud\u00e1vel e inclusiva.<\/p>\n<p>Mas ainda assim, significativa parcela da nossa sociedade ainda olha para as pessoas mais velhas com um misto de pena ou indiferen\u00e7a, exceto se for algu\u00e9m pr\u00f3ximo ou poderoso.<\/p>\n<p>Esse olhar enviesado, muito presente na nossa cultura, cria preconceitos em rela\u00e7\u00e3o \u00e0 velhice e \u00e0s pessoas mais velhas.<\/p>\n<p>E mesmo institui\u00e7\u00f5es voltadas para a sa\u00fade e cuidado, tamb\u00e9m, eventualmente, se veem, avaliando de maneira equivocada esse per\u00edodo da vida de todos n\u00f3s.<\/p>\n<p>Recentemente, a Organiza\u00e7\u00e3o Mundial da Sa\u00fade (OMS) tentou categorizar a velhice como uma doen\u00e7a.<\/p>\n<p>Acima de qualquer ide\u00e1rio pol\u00edtico-partid\u00e1rio, unindo os mais diversos movimentos, institui\u00e7\u00f5es e pessoas ligadas \u00e0 quest\u00e3o da velhice e ao combate ao idadismo, o movimento &#8220;Velhice N\u00e3o \u00e9 Doen\u00e7a&#8221; conseguiu alterar a classifica\u00e7\u00e3o na OMS.<\/p>\n<p>Percebendo a necessidade e a urg\u00eancia de manter ativa a luta contra o idadismo e por uma longevidade ativa, saud\u00e1vel e inclusiva, para as in\u00fameras formas de velhices que s\u00e3o delineadas por diferentes realidades, consolidamos, agora, o Coletivo Velhices Cidad\u00e3s para dar ainda mais voz ao movimento &#8220;Velhice N\u00e3o \u00e9 Doen\u00e7a&#8221;.<\/p>\n<p>Um movimento de pessoas que sabem o valor de quem tem mais idade, que acreditam e querem consolidar uma sociedade multigeracional, formada por empresas, eventos, com\u00e9rcio, produtos e servi\u00e7os em geral, amigos dos mais velhos.<\/p>\n<p>E essa mudan\u00e7a na sociedade brasileira passa pela inclus\u00e3o do Estado nessa constru\u00e7\u00e3o.<\/p>\n<p>Nesse ano eleitoral a pauta do envelhecimento precisa ser conhecida e apoiada pelos candidatos \u00e0 Presid\u00eancia, aos Governos Estaduais, ao Senado, \u00e0 C\u00e2mara Federal e \u00e0s assembleias. Para que os pol\u00edticos incluam nos seus planos de governo ou de projetos, a\u00e7\u00f5es e or\u00e7amento por velhices cidad\u00e3s.<\/p>\n<p>Esta \u00e9 uma pauta indispens\u00e1vel de cada um dos cidad\u00e3os brasileiros, idosos ou n\u00e3o.<\/p>\n<p>Envelhecer com dignidade \u00e9 um direito de todos n\u00f3s. Afinal, o que melhor pode acontecer aos mais jovens, \u00e9 envelhecer.<\/p>\n<p>Estamos convocando todos a participarem dessa transforma\u00e7\u00e3o: empresas, institui\u00e7\u00f5es, entidades, grupos e para as pessoas que entendem que essa \u00e9 uma quest\u00e3o de todos.<\/p>\n<p>Queremos seu apoio. Queremos estar todos juntos\u201d.<\/p>\n<p>A carta manifesto est\u00e1 sendo enviada aos candidatos de todos os partidos pedindo para que se comprometam com as pautas em defesa do envelhecimento ativo, saud\u00e1vel e inclusivo.<\/p>\n<p>Acompanhe a campanha \u201cVelhices Cidad\u00e3s\u201d nas redes sociais digitais<br \/>\nINSTAGRAM: @velhices_cidadas<\/p>\n<p>TWITTER: @velhonaoedoente<\/p>\n<p>FACEBOOK: https:\/\/www.facebook.com\/velhicenaoedoenca22<\/p>\n<p>YOUTUBE: https:\/\/www.youtube.com\/channel\/UC2jagnzTHTk1zMDTtYZOtww<\/p>\n","protected":false},"excerpt":{"rendered":"<p>Ana Castro &amp; Cosette Castro Bras\u00edlia \u2013 Em tempos de feriados e poucas viagens, a P\u00e1scoa refor\u00e7a a id\u00e9ia de uma comemora\u00e7\u00e3o familiar, rodeada de s\u00edmbolos religiosos e pag\u00e3os. \u00c9 um tempo de renova\u00e7\u00e3o e mudan\u00e7a de esta\u00e7\u00e3o, onde os est\u00edmulos nada religiosos para aumentar o consumo de chocolate est\u00e3o presentes em todos os lugares. \u00c9 tempo tamb\u00e9m de brincar [&hellip;]<\/p>\n","protected":false},"author":126,"featured_media":0,"comment_status":"open","ping_status":"open","sticky":false,"template":"","format":"standard","meta":{"footnotes":""},"categories":[11],"tags":[119,394,395,393,169,390],"class_list":["post-875","post","type-post","status-publish","format-standard","hentry","category-cuidado-e-autocuidado","tag-cuidado-e-autocuidado","tag-madalena-rodrigues","tag-o-cheiro","tag-pascoa","tag-velhice-nao-e-doenca","tag-velhices-cidadas"],"_links":{"self":[{"href":"https:\/\/blogs.correiobraziliense.com.br\/coletivo-filhas-da-mae\/wp-json\/wp\/v2\/posts\/875","targetHints":{"allow":["GET"]}}],"collection":[{"href":"https:\/\/blogs.correiobraziliense.com.br\/coletivo-filhas-da-mae\/wp-json\/wp\/v2\/posts"}],"about":[{"href":"https:\/\/blogs.correiobraziliense.com.br\/coletivo-filhas-da-mae\/wp-json\/wp\/v2\/types\/post"}],"author":[{"embeddable":true,"href":"https:\/\/blogs.correiobraziliense.com.br\/coletivo-filhas-da-mae\/wp-json\/wp\/v2\/users\/126"}],"replies":[{"embeddable":true,"href":"https:\/\/blogs.correiobraziliense.com.br\/coletivo-filhas-da-mae\/wp-json\/wp\/v2\/comments?post=875"}],"version-history":[{"count":3,"href":"https:\/\/blogs.correiobraziliense.com.br\/coletivo-filhas-da-mae\/wp-json\/wp\/v2\/posts\/875\/revisions"}],"predecessor-version":[{"id":878,"href":"https:\/\/blogs.correiobraziliense.com.br\/coletivo-filhas-da-mae\/wp-json\/wp\/v2\/posts\/875\/revisions\/878"}],"wp:attachment":[{"href":"https:\/\/blogs.correiobraziliense.com.br\/coletivo-filhas-da-mae\/wp-json\/wp\/v2\/media?parent=875"}],"wp:term":[{"taxonomy":"category","embeddable":true,"href":"https:\/\/blogs.correiobraziliense.com.br\/coletivo-filhas-da-mae\/wp-json\/wp\/v2\/categories?post=875"},{"taxonomy":"post_tag","embeddable":true,"href":"https:\/\/blogs.correiobraziliense.com.br\/coletivo-filhas-da-mae\/wp-json\/wp\/v2\/tags?post=875"}],"curies":[{"name":"wp","href":"https:\/\/api.w.org\/{rel}","templated":true}]}}