{"id":856,"date":"2022-04-01T07:45:51","date_gmt":"2022-04-01T10:45:51","guid":{"rendered":"https:\/\/blogs.correiobraziliense.com.br\/coletivo-filhas-da-mae\/?p=856"},"modified":"2022-04-01T09:45:08","modified_gmt":"2022-04-01T12:45:08","slug":"ate-onde-vai-o-seu-preconceito","status":"publish","type":"post","link":"https:\/\/blogs.correiobraziliense.com.br\/coletivo-filhas-da-mae\/2022\/04\/01\/ate-onde-vai-o-seu-preconceito\/","title":{"rendered":"At\u00e9 Onde Vai o Seu Preconceito?"},"content":{"rendered":"<p>Ana Castro &amp; Cosette Castro<\/p>\n<p>Bras\u00edlia &#8211; Quanto tempo vamos seguir fazendo de conta que o tempo n\u00e3o est\u00e1 passando?<\/p>\n<p>Estamos todos envelhecendo, cada um na sua fase. Alguns t\u00eam tanto medo da pr\u00f3pria idade que s\u00e3o capazes de colocar o corpo em risco para disfar\u00e7ar o que consideram uma &#8220;decad\u00eancia&#8221;.<\/p>\n<p>Temos ouvido coment\u00e1rios de diferentes\u00a0 pessoas que tentam disfar\u00e7ar o avan\u00e7o da idade. Algumas na faixa dos 18, 20 anos, em uma verdadeira distor\u00e7\u00e3o do sentido da vida, de viver bem, desfrutar as experiencias e buscar qualidade de vida.<\/p>\n<p>H\u00e1 jovens que est\u00e3o usando botox, uma toxina que paralisa temporariamente os m\u00fasculos da face, para &#8220;prevenir o envelhecimento&#8221;. Um discurso que a ind\u00fastria da beleza repete diariamente e ouvimos desde a inf\u00e2ncia.<\/p>\n<p>Tal atitude mostra o n\u00edvel do medo da velhice\u00a0 em um pa\u00eds que renega as pessoas idosas. Mesmo que no Brasil existam 37,8 milh\u00f5es de pessoas com 60 anos ou mais e outros 50 milh\u00f5es de pessoas na faixa entre 50 e 59 anos. Ou seja, algo em torno de 87, 8 milh\u00f5es de brasileiros e brasileiras est\u00e3o envelhecendo.<\/p>\n<p>A nega\u00e7\u00e3o da idade\u00a0 transpassa todas faixas et\u00e1rias expondo a cultura de medo e preconceito \u00e0 idade no Brasil. Um dos indicadores desse preconceito \u00e9 fato do pa\u00eds ser o &#8220;campe\u00e3o&#8221; em cirurgias est\u00e9ticas no mundo desde 2019.<\/p>\n<p>Relatos n\u00e3o faltam. O medo se revela pelas caras e bocas deformadas de homens e mulheres pela tentativa de parar o tempo.<\/p>\n<p>Ontem uma amiga nos contou que estava pensando em colocar fios de ouro para &#8220;sustentar&#8221; o rosto. Outra contou que estava pensando em usar botox (mais uma vez). E tem os amigos que pintam cabelo, sobrancelha e bigode como se isso fosse barrar a passagem do tempo.<\/p>\n<p>H\u00e1 aqueles que n\u00e3o saem da academia. E o tempo passado l\u00e1\u00a0 dentro n\u00e3o \u00e9 destinado a melhorar a qualidade de vida, mas sim a esconder os sinais da idade.<\/p>\n<p>N\u00e3o \u00e9 por acaso que o Brasil era o segundo mercado fitness das Am\u00e9ricas em 2019, com uma arrecada\u00e7\u00e3o de 2,1 bilh\u00f5es de d\u00f3lares. Um mercado que, com a redu\u00e7\u00e3o do risco do Covid-19, tende a voltar a esquentar rapidamente.<\/p>\n<p>Para al\u00e9m do medo h\u00e1 o preconceito. Um preconceito que\u00a0 come\u00e7a pela estrutura dos governos ao invisibilizar as pessoas mais velhas e trat\u00e1-las como in\u00fateis.<\/p>\n<p>Esse mesmo preconceito est\u00e1 presente em todos os n\u00edveis da sociedade.<\/p>\n<p>Aparece nas fam\u00edlias nas constantes &#8220;brincadeiras&#8221; sobre velhice (&#8220;Uhm! Est\u00e1 ficando velha, heim?!?!&#8221; Ou &#8221; Voc\u00ea vai usar essa roupa? Com a sua idade?&#8221;).<\/p>\n<p>Est\u00e1 presente nas ofensas de motoristas no tr\u00e2nsito (&#8221; vai pra casa, sua velha!&#8221; Ou &#8221; sai, velho babaca&#8221;). Na falta de paci\u00eancia de atendentes de todos os setores, p\u00fablicos e privados e no descaso de gerentes e chefias em rela\u00e7\u00e3o a essa situa\u00e7\u00e3o.<\/p>\n<p>O que dizer do di\u00e1rio desrespeito de motoristas de \u00f4nibus \u00e0 pessoas com mais de 60 anos? Um desrespeito que se repete de Norte a Sul do pa\u00eds sem que os governos locais tenham a iniciativa de multar as empresas e motoristas a cada den\u00fancia. Ou exigir cursos sobre idadismo para barrar o preconceito de idade. Simplesmente deixam acontecer&#8230;<\/p>\n<p>N\u00e3o \u00e9 a passagem do tempo que nos faz viver melhor ou pior. Mesmo em um pa\u00eds repleto de desigualdades, como o Brasil. \u00c9 o preconceito em todos os n\u00edveis sociais e o nosso preconceito, que n\u00e3o aceita o pr\u00f3prio corpo e a nova fase.<\/p>\n<p>As rugas n\u00e3o s\u00e3o feias. Elas lembram nossas viv\u00eancias e s\u00e3o a garantia que temos hist\u00f3rias para contar. Mesmo que as empresas e as ag\u00eancias de publicidade sigam nos oferecendo cremes &#8220;m\u00e1gicos&#8221; para &#8220;impedir&#8221;a idade.<\/p>\n<p>Velhice n\u00e3o \u00e9 doen\u00e7a. Nossos corpos e vidas t\u00eam beleza. Podem e devem ser mostrados. \u00c9 falsa a disputa entre gente nova e gente velha. Temos que parar com esse falso binarismo.<\/p>\n<p>Feio \u00e9 o preconceito de idade que alimenta\u00a0 outros preconceitos (racismo, preconceito de g\u00eanero, gordofobia, homofobia, xenofobia) e impedem a vida plena.<\/p>\n<p>PS: Aguardem no dia 06 de abril lan\u00e7amento de campanha nacional contra o preconceito de idade que o Coletivo Filhas da M\u00e3e faz parte.<\/p>\n","protected":false},"excerpt":{"rendered":"<p>Ana Castro &amp; Cosette Castro Bras\u00edlia &#8211; Quanto tempo vamos seguir fazendo de conta que o tempo n\u00e3o est\u00e1 passando? Estamos todos envelhecendo, cada um na sua fase. Alguns t\u00eam tanto medo da pr\u00f3pria idade que s\u00e3o capazes de colocar o corpo em risco para disfar\u00e7ar o que consideram uma &#8220;decad\u00eancia&#8221;. Temos ouvido coment\u00e1rios de diferentes\u00a0 pessoas que tentam disfar\u00e7ar [&hellip;]<\/p>\n","protected":false},"author":126,"featured_media":0,"comment_status":"open","ping_status":"open","sticky":false,"template":"","format":"standard","meta":{"footnotes":""},"categories":[117],"tags":[105,3,107,106,385],"class_list":["post-856","post","type-post","status-publish","format-standard","hentry","category-autocuidado","tag-ageismo","tag-autocuidado","tag-etarismo","tag-idadismo","tag-preconceito"],"_links":{"self":[{"href":"https:\/\/blogs.correiobraziliense.com.br\/coletivo-filhas-da-mae\/wp-json\/wp\/v2\/posts\/856","targetHints":{"allow":["GET"]}}],"collection":[{"href":"https:\/\/blogs.correiobraziliense.com.br\/coletivo-filhas-da-mae\/wp-json\/wp\/v2\/posts"}],"about":[{"href":"https:\/\/blogs.correiobraziliense.com.br\/coletivo-filhas-da-mae\/wp-json\/wp\/v2\/types\/post"}],"author":[{"embeddable":true,"href":"https:\/\/blogs.correiobraziliense.com.br\/coletivo-filhas-da-mae\/wp-json\/wp\/v2\/users\/126"}],"replies":[{"embeddable":true,"href":"https:\/\/blogs.correiobraziliense.com.br\/coletivo-filhas-da-mae\/wp-json\/wp\/v2\/comments?post=856"}],"version-history":[{"count":3,"href":"https:\/\/blogs.correiobraziliense.com.br\/coletivo-filhas-da-mae\/wp-json\/wp\/v2\/posts\/856\/revisions"}],"predecessor-version":[{"id":859,"href":"https:\/\/blogs.correiobraziliense.com.br\/coletivo-filhas-da-mae\/wp-json\/wp\/v2\/posts\/856\/revisions\/859"}],"wp:attachment":[{"href":"https:\/\/blogs.correiobraziliense.com.br\/coletivo-filhas-da-mae\/wp-json\/wp\/v2\/media?parent=856"}],"wp:term":[{"taxonomy":"category","embeddable":true,"href":"https:\/\/blogs.correiobraziliense.com.br\/coletivo-filhas-da-mae\/wp-json\/wp\/v2\/categories?post=856"},{"taxonomy":"post_tag","embeddable":true,"href":"https:\/\/blogs.correiobraziliense.com.br\/coletivo-filhas-da-mae\/wp-json\/wp\/v2\/tags?post=856"}],"curies":[{"name":"wp","href":"https:\/\/api.w.org\/{rel}","templated":true}]}}