{"id":824,"date":"2022-03-11T08:07:11","date_gmt":"2022-03-11T11:07:11","guid":{"rendered":"https:\/\/blogs.correiobraziliense.com.br\/coletivo-filhas-da-mae\/?p=824"},"modified":"2022-03-11T08:07:11","modified_gmt":"2022-03-11T11:07:11","slug":"pesquisa-sobre-demencia-tem-cadastro-prorrogado","status":"publish","type":"post","link":"https:\/\/blogs.correiobraziliense.com.br\/coletivo-filhas-da-mae\/2022\/03\/11\/pesquisa-sobre-demencia-tem-cadastro-prorrogado\/","title":{"rendered":"Pesquisa Sobre Dem\u00eancia Tem Cadastro Prorrogado"},"content":{"rendered":"<p>Ana Castro &amp; Cosette Castro<\/p>\n<p>Bras\u00edlia &#8211; Antes de contar as novidades sobre a pesquisa que vai tra\u00e7ar o perfil de pessoas com dem\u00eancias e o perfil de cuidadoras e cuidadores no Distrito Federal, lembramos que esta foi uma semana de fortes emo\u00e7\u00f5es em Bras\u00edlia.<\/p>\n<p>Na mesma semana ocorreram duas manifesta\u00e7\u00f5es de rua na Capital Federal. Enquanto isso, o governador Ibaneis Rocha baixou o decreto que determina o fim do uso de m\u00e1scaras no DF. Uma medida temer\u00e1ria em ambientes fechados, j\u00e1 que o risco de Covid-19 ainda n\u00e3o foi extinto.<\/p>\n<p>A primeira manifesta\u00e7\u00e3o ocorreu ao entardecer da ter\u00e7a-feira, 08 de Mar\u00e7o quando homens e mulheres caminharam na Esplanada dos Minist\u00e9rios pelo fim da viol\u00eancia contra meninas e mulheres de todas as idades. A marcha n\u00e3o ocorreu por acaso.<\/p>\n<p>Segundo <a href=\"https:\/\/www.uol.com.br\/universa\/noticias\/redacao\/2022\/03\/07\/brasil-tem-1-estupro-a-cada-10-minutos-e-1-feminicidio-a-cada-7-horas.htm?fbclid=IwAR35CLlZS7ONBo9wd49ptP-F4Bu54vNH4Gb3G6QtBjClejFJJR8_FOLyhfo\">Relat\u00f3rio do F\u00f3rum Brasileiro de Seguran\u00e7a P\u00fablica<\/a> (2022), no Brasil a viol\u00eancia contra meninas e\u00a0 mulheres segue aumentando escandalosamente em meio ao sil\u00eancio e apatia do governo federal. A cada 10 minutos uma mulher sofre viol\u00eancia sexual.<\/p>\n<p>Em 2021, foram registrados 56.098 casos de estupros. S\u00e3o meninas e mulheres que v\u00e3o carregar as marcas da viol\u00eancia sexual masculina por toda vida. A maioria delas, negras.<\/p>\n<p>Desde mar\u00e7o de 2020, quando come\u00e7ou a pandemia, foram registrados 100.398 casos de viol\u00eancia contra as mulheres, sendo que em 18 estados do pa\u00eds houve aumento tamb\u00e9m de estupro de vulner\u00e1vel. Ou seja, cresceu o n\u00famero de meninas menores de 14 anos ou incapazes de oferecer resist\u00eancia, agredidas sexualmente.<\/p>\n<p>A cada 20 minutos \u00e9 registrado um estupro contra as meninas, sem que haja uma campanha nacional para dar\u00a0 um basta a essa situa\u00e7\u00e3o. Uma viol\u00eancia que ocorre em todas as classes sociais e onde conhecemos apenas os casos oficiais, aqueles que s\u00e3o denunciados\u00a0 em delegacias e outros locais, como\u00a0<a href=\"http:\/\/www.pmdf.df.gov.br\/index.php\/institucionais\/31742-provid-agora-e-regulado-por-lei\">Provid,<\/a>\u00a0<a href=\"https:\/\/www.sejus.df.gov.br\/pro-vitima\/\">Pr\u00f3-V\u00edtima<\/a>.<\/p>\n<p>A viol\u00eancia n\u00e3o para por a\u00ed. O assassinato pela condi\u00e7\u00e3o feminina, conhecido por feminic\u00eddio segue crescendo. A cada sete horas uma mulher \u00e9 assassinada no pa\u00eds e cada vez que isso ocorre, uma fam\u00edlia \u00e9 destru\u00edda. F\u00edsica e psicologicamente. Ainda assim, as campanhas contra o femin\u00edcidio seguem t\u00edmidas, quase inexistentes.<\/p>\n<p>A segunda manifesta\u00e7\u00e3o de rua ocorreu na quarta-feira em defesa das terras ind\u00edgenas, do meio ambiente e contra o Projeto de Lei que libera minera\u00e7\u00e3o em terras ind\u00edgenas. A Esplanada se encheu de m\u00fasica, cores e pessoas de todas as idades, em especial os jovens. E contou com a presen\u00e7a de Caetano Veloso e v\u00e1rios artistas. De costas para a popula\u00e7\u00e3o, o Congresso Nacional aprovou na mesma noite a tramita\u00e7\u00e3o em regime de urg\u00eancia do PL 191\/20.<\/p>\n<p><img loading=\"lazy\" decoding=\"async\" class=\"size-medium wp-image-825 aligncenter\" src=\"https:\/\/blogs.correiobraziliense.com.br\/coletivo-filhas-da-mae\/wp-content\/uploads\/sites\/60\/2022\/03\/pesquisa-codeplan-300x300.jpeg\" alt=\"\" width=\"300\" height=\"300\" srcset=\"https:\/\/blogs.correiobraziliense.com.br\/coletivo-filhas-da-mae\/wp-content\/uploads\/sites\/60\/2022\/03\/pesquisa-codeplan-300x300.jpeg 300w, https:\/\/blogs.correiobraziliense.com.br\/coletivo-filhas-da-mae\/wp-content\/uploads\/sites\/60\/2022\/03\/pesquisa-codeplan-150x150.jpeg 150w, https:\/\/blogs.correiobraziliense.com.br\/coletivo-filhas-da-mae\/wp-content\/uploads\/sites\/60\/2022\/03\/pesquisa-codeplan-768x768.jpeg 768w, https:\/\/blogs.correiobraziliense.com.br\/coletivo-filhas-da-mae\/wp-content\/uploads\/sites\/60\/2022\/03\/pesquisa-codeplan-800x800.jpeg 800w, https:\/\/blogs.correiobraziliense.com.br\/coletivo-filhas-da-mae\/wp-content\/uploads\/sites\/60\/2022\/03\/pesquisa-codeplan-550x550.jpeg 550w, https:\/\/blogs.correiobraziliense.com.br\/coletivo-filhas-da-mae\/wp-content\/uploads\/sites\/60\/2022\/03\/pesquisa-codeplan-230x230.jpeg 230w, https:\/\/blogs.correiobraziliense.com.br\/coletivo-filhas-da-mae\/wp-content\/uploads\/sites\/60\/2022\/03\/pesquisa-codeplan.jpeg 1024w\" sizes=\"auto, (max-width: 300px) 100vw, 300px\" \/><\/p>\n<p>Enquanto isso, n\u00f3s, do Coletivo Filhas da M\u00e3e, seguimos atuando no Grupo de Trabalho (GT)\u00a0 para divulgar o\u00a0 Estudo\u00a0 sobre Pessoas Idosas Com Dem\u00eancias e Cuidadores no DF. A Pesquisa distrital\u00a0 vai tra\u00e7ar o perfil\u00a0 das pessoas com diagn\u00f3stico de dem\u00eancia ou em processo de diagn\u00f3stico. A Pesquisa vai ainda o\u00a0 perfil de cuidadoras e cuidadores, familiares ou profissionais. Com isso, conheceremos os servi\u00e7os dispon\u00edveis e as demandas existentes.<\/p>\n<p>Esta semana, foi prorrogado o prazo para cuidadoras e cuidadores familiares e profissionais do DF se cadastrarem para participar da pesquisa. Com a prorroga\u00e7\u00e3o, queremos garantir a amplia\u00e7\u00e3o dos cadastros at\u00e9 o final de mar\u00e7o. Se voc\u00ea ainda n\u00e3o se cadastrou, aproveite. Cadastre-se <a href=\"http:\/\/bit.ly\/formscodeplanidosos\">AQUI<\/a>.<\/p>\n<p>Ao se cadastrar, cada pessoa escolhe como prefere participar: de forma presencial, por telefone ou pela internet. Al\u00e9m disso, escolhe o turno em que vai responder as quest\u00f5es, no caso das duas primeiras op\u00e7\u00f5es. Em pouco tempo, uma pessoa da equipe far\u00e1 contato para definir a data da aplica\u00e7\u00e3o da pesquisa.<\/p>\n<p>Sua participa\u00e7\u00e3o \u00e9 muito importante para n\u00f3s.<\/p>\n<p>A partir dos resultados, o Coletivo Filhas da M\u00e3e e seu parceiro, F\u00f3rum Distrital em Defesa da Pessoa Idosa, poder\u00e1 sugerir pol\u00edticas p\u00fablicas de cuidado espec\u00edficas para o DF. E contribuir como modelo para outros estados do pa\u00eds.<\/p>\n<p>Em Tempo:\u00a0Se voc\u00ea tiver algum problema para se cadastrar, envie uma mensagem para n\u00f3s aqui no Blog ou para o\u00a0\u00a0<em>email<\/em> filhasdamaecoletivo@gmail.com.<\/p>\n","protected":false},"excerpt":{"rendered":"<p>Ana Castro &amp; Cosette Castro Bras\u00edlia &#8211; Antes de contar as novidades sobre a pesquisa que vai tra\u00e7ar o perfil de pessoas com dem\u00eancias e o perfil de cuidadoras e cuidadores no Distrito Federal, lembramos que esta foi uma semana de fortes emo\u00e7\u00f5es em Bras\u00edlia. Na mesma semana ocorreram duas manifesta\u00e7\u00f5es de rua na Capital Federal. Enquanto isso, o governador [&hellip;]<\/p>\n","protected":false},"author":126,"featured_media":0,"comment_status":"open","ping_status":"open","sticky":false,"template":"","format":"standard","meta":{"footnotes":""},"categories":[177],"tags":[360,20,24,21,7,294,371,12],"class_list":["post-824","post","type-post","status-publish","format-standard","hentry","category-politicas-publicas","tag-codeplan","tag-cuidadoras-familiares","tag-cuidadoras-profissionais","tag-cuidadores-familiares","tag-demencias","tag-forum-em-defesa-da-pessoa-idosa-df","tag-pesquisa-estudo-sobre-pessoas-idosas-com-demencias-e-cuidadores-no-distrito-federal","tag-politicas-publicas-de-cuidado"],"_links":{"self":[{"href":"https:\/\/blogs.correiobraziliense.com.br\/coletivo-filhas-da-mae\/wp-json\/wp\/v2\/posts\/824","targetHints":{"allow":["GET"]}}],"collection":[{"href":"https:\/\/blogs.correiobraziliense.com.br\/coletivo-filhas-da-mae\/wp-json\/wp\/v2\/posts"}],"about":[{"href":"https:\/\/blogs.correiobraziliense.com.br\/coletivo-filhas-da-mae\/wp-json\/wp\/v2\/types\/post"}],"author":[{"embeddable":true,"href":"https:\/\/blogs.correiobraziliense.com.br\/coletivo-filhas-da-mae\/wp-json\/wp\/v2\/users\/126"}],"replies":[{"embeddable":true,"href":"https:\/\/blogs.correiobraziliense.com.br\/coletivo-filhas-da-mae\/wp-json\/wp\/v2\/comments?post=824"}],"version-history":[{"count":1,"href":"https:\/\/blogs.correiobraziliense.com.br\/coletivo-filhas-da-mae\/wp-json\/wp\/v2\/posts\/824\/revisions"}],"predecessor-version":[{"id":826,"href":"https:\/\/blogs.correiobraziliense.com.br\/coletivo-filhas-da-mae\/wp-json\/wp\/v2\/posts\/824\/revisions\/826"}],"wp:attachment":[{"href":"https:\/\/blogs.correiobraziliense.com.br\/coletivo-filhas-da-mae\/wp-json\/wp\/v2\/media?parent=824"}],"wp:term":[{"taxonomy":"category","embeddable":true,"href":"https:\/\/blogs.correiobraziliense.com.br\/coletivo-filhas-da-mae\/wp-json\/wp\/v2\/categories?post=824"},{"taxonomy":"post_tag","embeddable":true,"href":"https:\/\/blogs.correiobraziliense.com.br\/coletivo-filhas-da-mae\/wp-json\/wp\/v2\/tags?post=824"}],"curies":[{"name":"wp","href":"https:\/\/api.w.org\/{rel}","templated":true}]}}