{"id":802,"date":"2022-02-25T07:00:36","date_gmt":"2022-02-25T10:00:36","guid":{"rendered":"https:\/\/blogs.correiobraziliense.com.br\/coletivo-filhas-da-mae\/?p=802"},"modified":"2022-02-25T07:58:25","modified_gmt":"2022-02-25T10:58:25","slug":"802-voce-ja-conhece-a-pesquisa-sobre-demencias-e-cuidadores","status":"publish","type":"post","link":"https:\/\/blogs.correiobraziliense.com.br\/coletivo-filhas-da-mae\/2022\/02\/25\/802-voce-ja-conhece-a-pesquisa-sobre-demencias-e-cuidadores\/","title":{"rendered":"Voc\u00ea J\u00e1 Conhece a Pesquisa Sobre Dem\u00eancias e Cuidadores?"},"content":{"rendered":"<p>Ana Castro &amp; Cosette Castro<\/p>\n<p>Bras\u00edlia &#8211; Nestes dois anos de atividades, o Coletivo Filhas da M\u00e3e tem aberto muitas frentes de trabalho. E colhido frutos, apesar da pandemia e da mudan\u00e7a para o mundo online.<\/p>\n<p>Essas frentes t\u00eam diferentes n\u00edveis e come\u00e7am pelo acompanhamento cotidiano do cuidado familiar e dos pacientes com dem\u00eancias. Um trabalho de formiguinha,\u00a0 com pouca visibilidade.<\/p>\n<p>E seguem em outras \u00e1reas.<\/p>\n<p>Passam pelo est\u00edmulo ao l\u00fadico, ao cuidado e ao autocuidado. Atividades que se concretizam, por exemplo,\u00a0 atrav\u00e9s dos Saraus Virtuais de M\u00fasica, Poesia, Informa\u00e7\u00e3o e Afeto que ocorrem desde 2020. Em mar\u00e7o, realizaremos o nosso VII Sarau Virtual. Aguardem!<\/p>\n<p>Caminham pelo incentivo \u00e0s pol\u00edticas p\u00fablicas de cuidado, em defesa da pessoa idosa\u00a0 e pelas reflex\u00f5es sobre envelhecimento. Frentes que aparecem em campanhas p\u00fablicas e tamb\u00e9m nas p\u00e1ginas do Correio Braziliense.<\/p>\n<p>Em 2021, aprovamos a Lei Distrital 6926. Contamos com apoio de outras 10 entidades ligadas \u00e0 defesa da pessoa idosa, \u00e0 defesa de pessoas com dem\u00eancias. Um trabalho coletivo\u00a0 realizado em parceria com o F\u00f3rum\u00a0Distrital em Defesa da Pessoa Idosa.<\/p>\n<p>Garantimos o apoio e tratamento aos pacientes demenciados, mas tamb\u00e9m priorizamos a preven\u00e7\u00e3o da sa\u00fade de quem cuida. Nosso foco \u00e9 a qualidade de vida.<\/p>\n<p>Em 2022, o Coletivo est\u00e1 empenhado em conseguir a implementa\u00e7\u00e3o da Lei 6926\/2021. E logo estaremos contando novidades sobre esta frente de atua\u00e7\u00e3o.<\/p>\n<p>Esta semana, temos mais a comemorar.\u00a0H\u00e1 motivo de\u00a0alegria para o Coletivo Filhas da M\u00e3e que, desde a sua origem,\u00a0 apoia a ci\u00eancia, a pesquisa e a sa\u00fade p\u00fablica.<\/p>\n<p>Est\u00e1 nas ruas a <a href=\"https:\/\/drive.google.com\/file\/d\/19-UtnCdvl3blMFMFB2di7xAwJ-vXi6HG\/view?usp=sharing\">chamada para cadastro<\/a> e participa\u00e7\u00e3o na Pesquisa &#8220;Estudo Sobre Pessoas Idosas com Dem\u00eancias e Cuidadores no Distrito Federal&#8221;.<\/p>\n<p>\u00c9 uma pesquisa in\u00e9dita no Brasil e envolve p\u00fablicos invis\u00edveis: pacientes com dem\u00eancias ou em processo de diagn\u00f3stico e suas cuidadoras e cuidadores.<\/p>\n<p>Foram nove meses de atividades\u00a0 onde atuamos no grupo de trabalho formado tamb\u00e9m\u00a0 por representantes da Codeplan\/DF, do nosso parceiro, o\u00a0 F\u00f3rum Distrital em Defesa da Pessoa Idosa, e do gabinete da <a href=\"https:\/\/www.cl.df.gov.br\/arlete-sampaio1\">Deputada Arlete Sampaio<\/a>, presidente da Comiss\u00e3o de\u00a0 Educa\u00e7\u00e3o, Sa\u00fade e Cultura da C\u00e2mara Legislativa (CLDF).<\/p>\n<p>Nesse per\u00edodo, desenhamos os objetivos da pesquisa, definimos os p\u00fablicos, o alcance, a metodologia e as etapas. Tamb\u00e9m calculamos o or\u00e7amento necess\u00e1rio para as tr\u00eas etapas da pesquisa e\u00a0para as equipes de pesquisadores a serem contratados.<\/p>\n<p>Ainda em 2021,\u00a0trabalhamos para\u00a0 aprovar verba parlamentar na C\u00e2mara Legislativa do Distrito Federal. E, mais uma vez,\u00a0o apoio do gabinete da Deputada Arlete Sampaio foi fundamental.<\/p>\n<p>\u00c9 uma pesquisa in\u00e9dita no Brasil e envolve p\u00fablicos invis\u00edveis: pacientes com dem\u00eancias ou em processo de diagn\u00f3stico e suas cuidadoras e cuidadores<\/p>\n<p>Seguimos focadas na sa\u00fade p\u00fablica,\u00a0 pensando no futuro. Nas atuais e tamb\u00e9m nas pr\u00f3ximas gera\u00e7\u00f5es.<\/p>\n<p>O nosso interesse sobre pesquisa n\u00e3o \u00e9 individual.\u00a0Trata-se de um interesse coletivo que privilegia o cuidado e o autocuidado. Que estimula as mudan\u00e7as culturais e de comportamento para reduzir o preconceito contra a idade em um pa\u00eds que envelhece rapidamente.<\/p>\n<p>Mais uma vez\u00a0 nosso Coletivo, de m\u00e3os dadas com seus parceiros, est\u00e1 a frente de iniciativas sem soltar a m\u00e3o de ningu\u00e9m. Sejam pacientes, cuidadoras, familiares ou profissionais.<\/p>\n<p>Convidamos, voc\u00ea que mora no Distrito Federal,\u00a0 para se cadastrar\u00a0<a href=\"http:\/\/bit.ly\/formscodeplanidosos\">neste link<\/a> at\u00e9 o dia 10 de mar\u00e7o.\u00a0 E, principalmente, para ajudar a\u00a0 multiplicar a pesquisa no Distrito Federal. Ela vai contribuir para pensar e aprovar\u00a0pol\u00edticas p\u00fablicas para os pr\u00f3ximos anos.<\/p>\n<p>Apesar de tudo, seguimos resistindo e\u00a0 fazendo hist\u00f3ria!<\/p>\n","protected":false},"excerpt":{"rendered":"<p>Ana Castro &amp; Cosette Castro Bras\u00edlia &#8211; Nestes dois anos de atividades, o Coletivo Filhas da M\u00e3e tem aberto muitas frentes de trabalho. E colhido frutos, apesar da pandemia e da mudan\u00e7a para o mundo online. Essas frentes t\u00eam diferentes n\u00edveis e come\u00e7am pelo acompanhamento cotidiano do cuidado familiar e dos pacientes com dem\u00eancias. Um trabalho de formiguinha,\u00a0 com pouca [&hellip;]<\/p>\n","protected":false},"author":126,"featured_media":0,"comment_status":"open","ping_status":"open","sticky":false,"template":"","format":"standard","meta":{"footnotes":""},"categories":[17],"tags":[368,183,310,360,119,7,369,225,371,173,370,114],"class_list":["post-802","post","type-post","status-publish","format-standard","hentry","category-demencias","tag-arlete-sampaio","tag-camara-legislativa-df","tag-cldf","tag-codeplan","tag-cuidado-e-autocuidado","tag-demencias","tag-forum-distrital-em-defesa-da-pessoa-idosa","tag-lei-6926-2021","tag-pesquisa-estudo-sobre-pessoas-idosas-com-demencias-e-cuidadores-no-distrito-federal","tag-politicas-publicas","tag-prevencao","tag-qualidade-de-vida"],"_links":{"self":[{"href":"https:\/\/blogs.correiobraziliense.com.br\/coletivo-filhas-da-mae\/wp-json\/wp\/v2\/posts\/802","targetHints":{"allow":["GET"]}}],"collection":[{"href":"https:\/\/blogs.correiobraziliense.com.br\/coletivo-filhas-da-mae\/wp-json\/wp\/v2\/posts"}],"about":[{"href":"https:\/\/blogs.correiobraziliense.com.br\/coletivo-filhas-da-mae\/wp-json\/wp\/v2\/types\/post"}],"author":[{"embeddable":true,"href":"https:\/\/blogs.correiobraziliense.com.br\/coletivo-filhas-da-mae\/wp-json\/wp\/v2\/users\/126"}],"replies":[{"embeddable":true,"href":"https:\/\/blogs.correiobraziliense.com.br\/coletivo-filhas-da-mae\/wp-json\/wp\/v2\/comments?post=802"}],"version-history":[{"count":4,"href":"https:\/\/blogs.correiobraziliense.com.br\/coletivo-filhas-da-mae\/wp-json\/wp\/v2\/posts\/802\/revisions"}],"predecessor-version":[{"id":806,"href":"https:\/\/blogs.correiobraziliense.com.br\/coletivo-filhas-da-mae\/wp-json\/wp\/v2\/posts\/802\/revisions\/806"}],"wp:attachment":[{"href":"https:\/\/blogs.correiobraziliense.com.br\/coletivo-filhas-da-mae\/wp-json\/wp\/v2\/media?parent=802"}],"wp:term":[{"taxonomy":"category","embeddable":true,"href":"https:\/\/blogs.correiobraziliense.com.br\/coletivo-filhas-da-mae\/wp-json\/wp\/v2\/categories?post=802"},{"taxonomy":"post_tag","embeddable":true,"href":"https:\/\/blogs.correiobraziliense.com.br\/coletivo-filhas-da-mae\/wp-json\/wp\/v2\/tags?post=802"}],"curies":[{"name":"wp","href":"https:\/\/api.w.org\/{rel}","templated":true}]}}