{"id":771,"date":"2022-02-04T09:48:54","date_gmt":"2022-02-04T12:48:54","guid":{"rendered":"https:\/\/blogs.correiobraziliense.com.br\/coletivo-filhas-da-mae\/?p=771"},"modified":"2022-02-04T09:48:54","modified_gmt":"2022-02-04T12:48:54","slug":"planejando-o-envelhecimento-saudavel","status":"publish","type":"post","link":"https:\/\/blogs.correiobraziliense.com.br\/coletivo-filhas-da-mae\/2022\/02\/04\/planejando-o-envelhecimento-saudavel\/","title":{"rendered":"Planejando o Envelhecimento Saud\u00e1vel"},"content":{"rendered":"<p>Ana Castro e Cosette Castro<\/p>\n<p>Bras\u00edlia &#8211; Em 2021 come\u00e7ou oficialmente a d\u00e9cada do envelhecimento saud\u00e1vel. E. n\u00f3s, do Coletivo Filhas da M\u00e3e, nos somamos a atividades, projetos e a\u00e7\u00f5es que promovam a sa\u00fade e n\u00e3o a doen\u00e7a.<\/p>\n<p>Acreditamos que preven\u00e7\u00e3o \u00e9 o melhor rem\u00e9dio para o envelhecimento saud\u00e1vel. E que o cuidado precisa come\u00e7ar desde cedo.<\/p>\n<p>Esse cuidado inclui\u00a0alimenta\u00e7\u00e3o saud\u00e1vel (pouca fritura e sal, muitos legumes, verduras e frutas), exerc\u00edcios semanais, pausas para reflex\u00e3o e medita\u00e7\u00e3o e conviv\u00eancia com amigos e familiares.<\/p>\n<p>O envelhecimento \u00e9 apenas mais uma fase da vida que merece muito carinho e novos projetos. Esta \u00e9 a fase em que, em geral, nos sentimos gratos por estar vivos. \u00c9 o tempo tamb\u00e9m de agradecer por cada ruga, por cada marca, pois contam a historia de nossas viv\u00eancias.<\/p>\n<p>Dentro do prop\u00f3sito de estimular o envelhecimento saud\u00e1vel,\u00a0 o Coletivo vem desenvolvendo uma s\u00e9rie de a\u00e7\u00f5es\u00a0 com seus parceiros, refor\u00e7ando a ideia de que juntos e juntas somos mais fortes.<\/p>\n<p>Levamos em conta 04 as \u00e1reas de a\u00e7\u00e3o propostas pela Organiza\u00e7\u00e3o Mundial da Sa\u00fade (OMS) para os pr\u00f3ximos anos:<\/p>\n<p>1a \u00c1rea -Mudar a forma como pensamos, sentimos e agimos com rela\u00e7\u00e3o \u00e0 idade e ao envelhecimento<\/p>\n<p>2a \u00c1rea-Garantir que as comunidades promovam as capacidades das pessoas idosas<\/p>\n<p>3a \u00c1rea-Entregar servi\u00e7os de cuidados integrados e de aten\u00e7\u00e3o prim\u00e1ria \u00e0 sa\u00fade centrados na pessoa e adequados \u00e0 pessoa idosa<\/p>\n<p>4a \u00c1rea-Propiciar o acesso a cuidados de longo prazo \u00e0s pessoas idosas que necessitem<\/p>\n<p>Levando em conta as quatro a\u00e7\u00f5es da d\u00e9cada do envelhecimento saud\u00e1vel, o Coletivo, em parceria com o F\u00f3rum da Sociedade Civil em Defesa das Pessoas Idosas, t\u00eam muito trabalho pela frente.<\/p>\n<p><strong>\u00c1rea Jur\u00eddica\/Leis<\/strong> &#8211; temos duas a\u00e7\u00f5es<\/p>\n<p>1. LEI 6926\/2021, de \u00e2mbito distrital que conseguimos aprovar em 2021 &#8211;\u00a0\u00a0Definir estrat\u00e9gia de implementa\u00e7\u00e3o e divulga\u00e7\u00e3o da Lei que\u00a0Institui a Pol\u00edtica Distrital para a preven\u00e7\u00e3o, tratamento e apoio \u00e0s pessoas com doen\u00e7a de Alzheimer e outras dem\u00eancias, aos seus familiares e aos cuidadores e d\u00e1 outras provid\u00eancias<\/p>\n<p>2. Emendas ao Projeto de Lei Federal PL 4364\/2020 que tramita na C\u00e2mara Federal e\u00a0 institui a Pol\u00edtica Nacional de Cuidado Integral \u00e0s Pessoas com Doen\u00e7a de Alzheimer e Outras Dem\u00eancias, levando em conta uma pol\u00edtica voltada para a sa\u00fade, para o tratamento e o acolhimento<\/p>\n<p>2. <strong>Pesquisa<\/strong> &#8211;\u00a0 Conseguimos em 2021 libera\u00e7\u00e3o de verba para pesquisa sobre idosos com dem\u00eancias e cuidadoras que ser\u00e1 coordenada pela Codeplan\/DF. \u00c9 a primeira vez que o Distrito Federal vai realizar pesquisa sobre pessoas idosas com dem\u00eancia, pesquisa que vai levar em conta\u00a0 as cuidadoras e cuidadores familiares e profissionais.<\/p>\n<p>3. <strong>Campanhas Conjuntas<\/strong> &#8211; este ano estaremos envolvidas\u00a0 com pelo menos 05 campanhas durante o ano:<\/p>\n<p>A. D\u00e9cada do Envelhecimento Saud\u00e1vel, com informa\u00e7\u00f5es sobre envelhecimento<br \/>\nB. Campanha Prevenir a Sa\u00fade &#8211;\u00a0 \u00a0 mudando a l\u00f3gica do olhar apenas sobre a doen\u00e7a<br \/>\nC. Campanha de combate \u00e0 viol\u00eancia contra idosos\u00a0 &#8211; (junho)<br \/>\nD. Campanhas de combate ao preconceito contra pessoa idosa (etarismo\/ idadismo), aderindo a campanha internacional\u00a0 #StopIdadismo<br \/>\nE. Setembro Roxo &#8211; campanha de esclarecimento sobre dem\u00eancias (todo m\u00eas de setembro)<\/p>\n<p>Para que estas e outras atividades tomem corpo, contamos com os participantes do Coletivo Filhas da M\u00e3e, esperando que se somem a estes e outros projetos no decorrer do ano.<\/p>\n<p>Conte para n\u00f3s pelo Whats App, por mensagens no Blog, pela p\u00e1gina do Facebook ou pelo Instagram como voc\u00ea pode colaborar!<\/p>\n<p>&nbsp;<\/p>\n","protected":false},"excerpt":{"rendered":"<p>Ana Castro e Cosette Castro Bras\u00edlia &#8211; Em 2021 come\u00e7ou oficialmente a d\u00e9cada do envelhecimento saud\u00e1vel. E. n\u00f3s, do Coletivo Filhas da M\u00e3e, nos somamos a atividades, projetos e a\u00e7\u00f5es que promovam a sa\u00fade e n\u00e3o a doen\u00e7a. Acreditamos que preven\u00e7\u00e3o \u00e9 o melhor rem\u00e9dio para o envelhecimento saud\u00e1vel. E que o cuidado precisa come\u00e7ar desde cedo. Esse cuidado inclui\u00a0alimenta\u00e7\u00e3o [&hellip;]<\/p>\n","protected":false},"author":126,"featured_media":0,"comment_status":"open","ping_status":"open","sticky":false,"template":"","format":"standard","meta":{"footnotes":""},"categories":[9],"tags":[360,358,346,225,161,359,96],"class_list":["post-771","post","type-post","status-publish","format-standard","hentry","category-envelhecimento","tag-codeplan","tag-decada-do-envelhecimento-saudavel","tag-forum-da-sociedade-civil-em-defesa-da-pessoa-idosa-df","tag-lei-6926-2021","tag-oms","tag-organizacao-mundial-da-saudee","tag-pesquisa"],"_links":{"self":[{"href":"https:\/\/blogs.correiobraziliense.com.br\/coletivo-filhas-da-mae\/wp-json\/wp\/v2\/posts\/771","targetHints":{"allow":["GET"]}}],"collection":[{"href":"https:\/\/blogs.correiobraziliense.com.br\/coletivo-filhas-da-mae\/wp-json\/wp\/v2\/posts"}],"about":[{"href":"https:\/\/blogs.correiobraziliense.com.br\/coletivo-filhas-da-mae\/wp-json\/wp\/v2\/types\/post"}],"author":[{"embeddable":true,"href":"https:\/\/blogs.correiobraziliense.com.br\/coletivo-filhas-da-mae\/wp-json\/wp\/v2\/users\/126"}],"replies":[{"embeddable":true,"href":"https:\/\/blogs.correiobraziliense.com.br\/coletivo-filhas-da-mae\/wp-json\/wp\/v2\/comments?post=771"}],"version-history":[{"count":1,"href":"https:\/\/blogs.correiobraziliense.com.br\/coletivo-filhas-da-mae\/wp-json\/wp\/v2\/posts\/771\/revisions"}],"predecessor-version":[{"id":772,"href":"https:\/\/blogs.correiobraziliense.com.br\/coletivo-filhas-da-mae\/wp-json\/wp\/v2\/posts\/771\/revisions\/772"}],"wp:attachment":[{"href":"https:\/\/blogs.correiobraziliense.com.br\/coletivo-filhas-da-mae\/wp-json\/wp\/v2\/media?parent=771"}],"wp:term":[{"taxonomy":"category","embeddable":true,"href":"https:\/\/blogs.correiobraziliense.com.br\/coletivo-filhas-da-mae\/wp-json\/wp\/v2\/categories?post=771"},{"taxonomy":"post_tag","embeddable":true,"href":"https:\/\/blogs.correiobraziliense.com.br\/coletivo-filhas-da-mae\/wp-json\/wp\/v2\/tags?post=771"}],"curies":[{"name":"wp","href":"https:\/\/api.w.org\/{rel}","templated":true}]}}