{"id":766,"date":"2022-01-31T07:00:39","date_gmt":"2022-01-31T10:00:39","guid":{"rendered":"https:\/\/blogs.correiobraziliense.com.br\/coletivo-filhas-da-mae\/?p=766"},"modified":"2022-01-31T08:20:10","modified_gmt":"2022-01-31T11:20:10","slug":"a-quem-interessa-o-open-health","status":"publish","type":"post","link":"https:\/\/blogs.correiobraziliense.com.br\/coletivo-filhas-da-mae\/2022\/01\/31\/a-quem-interessa-o-open-health\/","title":{"rendered":"A Quem Interessa o Open Health?"},"content":{"rendered":"<p>Ana Castro &amp; Cosette Castro<\/p>\n<p>Bras\u00edlia &#8211; No pa\u00eds que possui o maior <em>sistema<\/em> de sa\u00fade p\u00fablico do mundo, o Ministro da Sa\u00fade,\u00a0 Marcelo Queiroga, pretende baixar medida provis\u00f3ria para impor o <em>open health.<\/em><\/p>\n<p style=\"text-align: left\">O<em> open health<\/em> significa a abertura de todos os dados m\u00e9dicos de\u00a0 brasileiras e brasileiros. Isso inclui informa\u00e7\u00f5es sobre nossas doen\u00e7as e fragilidades.<\/p>\n<p>\u00c9 algo similar \u00e0\u00a0\u00a0portabilidade entre as empresas de celulares (todas privadas) ou do <em>open bank<\/em>. S\u00f3 que usando dados p\u00fablicos\u00a0 m\u00e9dicos\u00a0 para beneficiar empresas privadas.<\/p>\n<p>Qual o impacto de uma medida provis\u00f3ria como essa na nossa vida cotidiana?<\/p>\n<p>Significa\u00a0 que n\u00f3s teremos todos os\u00a0 dados\u00a0 compartilhados\u00a0 entre as empresas de sa\u00fade particulares. Dados de sa\u00fade que\u00a0 deveriam ficar restritos a institui\u00e7\u00f5es p\u00fablicas.<\/p>\n<p>O Ministro afirma que quer &#8220;contribuir&#8221; para que as empresas\u00a0\u00a0 ofere\u00e7am\u00a0 planos de sa\u00fade e mensalidades de acordo com as necessidades dos clientes.<\/p>\n<p>A verdade \u00e9 que vai ajudar as empresas a selecionar pacientes, de acordo com a doen\u00e7a e a gravidade do caso. Isto \u00e9, vender planos mais baratos para as pessoas saud\u00e1veis e mais caros para pessoas com algum tipo de enfermidade. Se puderem pagar&#8230;<\/p>\n<p>Segundo o Ministro, o objetivo \u00e9\u00a0 \u201campliar a concorr\u00eancia no setor de sa\u00fade suplementar\u201d.<\/p>\n<p>Ou seja, ele pretende beneficiar as empresas\u00a0 de sa\u00fade privadas. Aquelas mesmas empresas que cobram\u00a0 quantias astron\u00f4micas mensalmente de seus clientes, particularmente os 60+, os que t\u00eam doen\u00e7as cr\u00f4nicas e aqueles com dem\u00eancias.<\/p>\n<p>A ideia do Ministro \u00e9 &#8220;estimular&#8221; a popula\u00e7\u00e3o a migrar do SUS, cujos servi\u00e7os s\u00e3o oferecidos gratuitamente,\u00a0 para a iniciativa privada, que cobra pelos mesmos servi\u00e7os.<\/p>\n<p>O mesmo Sistema \u00danico de Sa\u00fade que tem sofrido com os sucessivos\u00a0 cortes or\u00e7ament\u00e1rios feitos pelo Minist\u00e9rio da Sa\u00fade desde 2019.<\/p>\n<p>Em outras palavras, ao mesmo tempo que enaltece a iniciativa privada, o governo federal &#8220;estrangula&#8221; o SUS, debilitando o atendimento pela falta de dinheiro e pol\u00edticas p\u00fablicas para o setor.<\/p>\n<p>Isso n\u00e3o ocorre por acaso.<\/p>\n<p>O 4o. Ministro da Sa\u00fade de Bolsonaro\u00a0 tem interesse direto na privatiza\u00e7\u00e3o. \u00c9 empres\u00e1rio do setor de sa\u00fade.<\/p>\n<p>Para assumir o Minist\u00e9rio, teve que se afastar da fun\u00e7\u00e3o de s\u00f3cio-administrador da empresa Cardiocenter, que presta de servi\u00e7os m\u00e9dicos para doen\u00e7as card\u00edacas\u00a0 em Jo\u00e3o Pessoa (PB). \u00a0Queiroga segue defendendo o setor empresarial.<\/p>\n<p>O discurso do Ministro da Sa\u00fade \u00e9 absolutamente igual ao da Federa\u00e7\u00e3o Nacional de Sa\u00fade Suplementar (Fenasa\u00fade).<\/p>\n<p>O governo n\u00e3o defende a popula\u00e7\u00e3o nem se preocupa em colocar dados pessoais de milh\u00f5es de brasileiros nas m\u00e3os de empresas particulares,\u00a0 parte delas com capital estrangeiro parcial ou total. Empresas que visam\u00a0 lucro e fazem da sa\u00fade um neg\u00f3cio.<\/p>\n<p>Ao cortar o or\u00e7amento do SUS, o governo federal\u00a0 reduz as possibilidades de atua\u00e7\u00e3o do sistema p\u00fablico de sa\u00fade.<\/p>\n<p>Al\u00e9m da a\u00e7\u00e3o perversa, anuncia que o SUS est\u00e1 sobrecarregado, como se a popula\u00e7\u00e3o fosse a culpada pelos cortes or\u00e7ament\u00e1rios. Ou como se o pr\u00f3prio SUS fosse culpado.<\/p>\n<p>O mesmo SUS cujos funcion\u00e1rios seguem salvando vidas, apesar da pol\u00edtica negacionista do atual governo.<\/p>\n<p>Os cortes or\u00e7ament\u00e1rios atingem as vacinas e a inexistente campanha nacional de vacina\u00e7\u00e3o. As verbas para programas espec\u00edficos de sa\u00fade.\u00a0 A realiza\u00e7\u00e3o de concurso para amplia\u00e7\u00e3o do atendimento e o pagamento de aux\u00edlio doen\u00e7a, entre outros setores.<\/p>\n<p>O corte e atraso no repasse de verbas penalizam a popula\u00e7\u00e3o que depende de medicamentos gratuitos, atinge a farm\u00e1cia de alto custo e o setor de fraldas geri\u00e1tricas.<\/p>\n<p>Tamb\u00e9m atrasam exames e consultas, j\u00e1 que boa parte das equipes\u00a0 t\u00eam sido deslocadas de atendimentos espec\u00edficos para socorrer casos de Covid-19.<\/p>\n<p>O SUS \u00e9 um direito gratuito de toda popula\u00e7\u00e3o, independente de classe social.<\/p>\n<p>No entanto, enquanto parte das popula\u00e7\u00e3o se sentir diferente e fizer de conta que o SUS \u00e9 s\u00f3 para os pobres, governos como o atual podem se sentir no direito de vender o discurso que bom mesmo \u00e9 pagar pela sa\u00fade.<\/p>\n<p>Muitos 60 e 70+\u00a0 est\u00e3o comprometendo sua qualidade de vida para pagar os planos privados que oferecem cada vez menos m\u00e9dicos especialistas, negam exames e obrigam a recorrer \u00e0 justi\u00e7a para conseguir <em>home care<\/em>.<\/p>\n<p>Os sacrif\u00edcios s\u00e3o justificados por uma poss\u00edvel interna\u00e7\u00e3o em UTI que, em tempos de Covid-19,\u00a0 est\u00e3o superlotadas pelo descaso governamental. Essa l\u00f3gica acaba por se tornar uma dupla armadilha,(empresas e governo que apoia as empresas).<\/p>\n<p>At\u00e9 quando vamos continuar investindo na doen\u00e7a ao inv\u00e9s de nos responsabilizarmos e cuidarmos da sa\u00fade?<\/p>\n<p>Investir em sa\u00fade\u00a0 individual e coletiva e tamb\u00e9m em preven\u00e7\u00e3o s\u00e3o\u00a0 os primeiros passos para reverter qualquer tentativa de privatiza\u00e7\u00e3o.<\/p>\n<p>O SUS \u00e9 nosso. E os nossos dados m\u00e9dicos tamb\u00e9m.<\/p>\n<p>PS:\u00a0 Para conhecer mais o SUS assista o document\u00e1rio Se N\u00e3o Fosse o SUS, dispon\u00edvel em\u00a0https:\/\/youtu.be\/_s4PVPbO3rU<\/p>\n","protected":false},"excerpt":{"rendered":"<p>Ana Castro &amp; Cosette Castro Bras\u00edlia &#8211; No pa\u00eds que possui o maior sistema de sa\u00fade p\u00fablico do mundo, o Ministro da Sa\u00fade,\u00a0 Marcelo Queiroga, pretende baixar medida provis\u00f3ria para impor o open health. O open health significa a abertura de todos os dados m\u00e9dicos de\u00a0 brasileiras e brasileiros. Isso inclui informa\u00e7\u00f5es sobre nossas doen\u00e7as e fragilidades. \u00c9 algo similar [&hellip;]<\/p>\n","protected":false},"author":126,"featured_media":0,"comment_status":"open","ping_status":"open","sticky":false,"template":"","format":"standard","meta":{"footnotes":""},"categories":[11],"tags":[119,357,355,356,42],"class_list":["post-766","post","type-post","status-publish","format-standard","hentry","category-cuidado-e-autocuidado","tag-cuidado-e-autocuidado","tag-ministerio-da-saude","tag-open-health","tag-planos-de-saude-privados","tag-sus"],"_links":{"self":[{"href":"https:\/\/blogs.correiobraziliense.com.br\/coletivo-filhas-da-mae\/wp-json\/wp\/v2\/posts\/766","targetHints":{"allow":["GET"]}}],"collection":[{"href":"https:\/\/blogs.correiobraziliense.com.br\/coletivo-filhas-da-mae\/wp-json\/wp\/v2\/posts"}],"about":[{"href":"https:\/\/blogs.correiobraziliense.com.br\/coletivo-filhas-da-mae\/wp-json\/wp\/v2\/types\/post"}],"author":[{"embeddable":true,"href":"https:\/\/blogs.correiobraziliense.com.br\/coletivo-filhas-da-mae\/wp-json\/wp\/v2\/users\/126"}],"replies":[{"embeddable":true,"href":"https:\/\/blogs.correiobraziliense.com.br\/coletivo-filhas-da-mae\/wp-json\/wp\/v2\/comments?post=766"}],"version-history":[{"count":4,"href":"https:\/\/blogs.correiobraziliense.com.br\/coletivo-filhas-da-mae\/wp-json\/wp\/v2\/posts\/766\/revisions"}],"predecessor-version":[{"id":770,"href":"https:\/\/blogs.correiobraziliense.com.br\/coletivo-filhas-da-mae\/wp-json\/wp\/v2\/posts\/766\/revisions\/770"}],"wp:attachment":[{"href":"https:\/\/blogs.correiobraziliense.com.br\/coletivo-filhas-da-mae\/wp-json\/wp\/v2\/media?parent=766"}],"wp:term":[{"taxonomy":"category","embeddable":true,"href":"https:\/\/blogs.correiobraziliense.com.br\/coletivo-filhas-da-mae\/wp-json\/wp\/v2\/categories?post=766"},{"taxonomy":"post_tag","embeddable":true,"href":"https:\/\/blogs.correiobraziliense.com.br\/coletivo-filhas-da-mae\/wp-json\/wp\/v2\/tags?post=766"}],"curies":[{"name":"wp","href":"https:\/\/api.w.org\/{rel}","templated":true}]}}