{"id":721,"date":"2021-12-31T07:00:34","date_gmt":"2021-12-31T10:00:34","guid":{"rendered":"https:\/\/blogs.correiobraziliense.com.br\/coletivo-filhas-da-mae\/?p=721"},"modified":"2021-12-29T08:15:43","modified_gmt":"2021-12-29T11:15:43","slug":"731-um-balanco-necessario","status":"publish","type":"post","link":"https:\/\/blogs.correiobraziliense.com.br\/coletivo-filhas-da-mae\/2021\/12\/31\/731-um-balanco-necessario\/","title":{"rendered":"Um Balan\u00e7o Necess\u00e1rio"},"content":{"rendered":"<hr \/>\n<p>Ana Castro &amp; Cosette Castro<\/p>\n<p>Bras\u00edlia &#8211; Mais um ano est\u00e1 prestes a come\u00e7ar, desta vez com a possibilidade de ir \u00e0s ruas com m\u00e1scara e \u00e1lcool gel.<\/p>\n<p>Todo cuidado \u00e9 pouco para garantir o cuidado e autocuidado.<\/p>\n<p>Este \u00e9 um momento de gratid\u00e3o pela vida, de honrar os que j\u00e1 se foram e de fazer o balan\u00e7o de 2021.<\/p>\n<p>Em 2021 tivemos muitas a\u00e7\u00f5es e projetos e mais de 130 pessoas envolvidas, al\u00e9m de parceiras e parceiros de todo pa\u00eds. A todas e todos nossa gratid\u00e3o.<\/p>\n<p>Vale a pena lembrar de tudo que fizemos juntos e juntas neste ano:<\/p>\n<p>1) No come\u00e7o de mar\u00e7o passamos a escrever semanalmente no Blog Coletivo Filhas da M\u00e3e no Correio Braziliense sobre cuidado, autocuidado, dem\u00eancias, envelhecimento e pol\u00edticas p\u00fablicas. E tamb\u00e9m abrimos conta no Twitter;<\/p>\n<p>2) Realizamos quatro Saraus Virtuais de M\u00fasica, Poesia e Afeto onde mesclamos momentos culturais com informa\u00e7\u00f5es sobre dem\u00eancias. Ou seja, momentos de autocuidado e cuidado ( <a href=\"https:\/\/youtu.be\/9Uh_S0LL8O8\">link\u00a0 canal do YouTube<\/a>);<\/p>\n<p>3) Em 2021 n\u00e3o tivemos bloco de Carnaval na rua, mas realizamos um <a href=\"https:\/\/youtu.be\/fCuWJtmCu80\">Carnaval Virtua<\/a>l, com direito a marchinha pela vacina ( Vacina J\u00e1!, de autoria do apoiador Andr\u00e9 Barbosa Filho)<\/p>\n<p>4) No primeiro semestre realizamos durante um m\u00eas diariamente a campanha de v\u00eddeo VACINAS J\u00c1!\u00a0 com depoimentos de especialistas, parceiros e cuidadoras de todo pa\u00eds sobre a import\u00e2ncia de se proteger contra o Covid-19 ( <a href=\"https:\/\/youtube.com\/shorts\/1z6Fo5oDngg?feature=share\">link no YouTube<\/a>).<\/p>\n<p style=\"text-align: left\">5) No meio do ano realizamos proje\u00e7\u00f5es nos pr\u00e9dios p\u00fablicos e no Congresso Nacional\u00a0 denunciando a viol\u00eancia contra pessoa Idosa. A campanha foi realizada em parceria com o F\u00f3rum da Sociedade Civil em Defesa da Pessoa Idosa;<\/p>\n<p>\u00a06) Com apoio do gabinete da Deputada Distrital Arlete Sampaio apresentamos substitutivo ao projeto de lei do deputado Jos\u00e9 Gomes sobre dem\u00eancias. E conseguimos aprovar a Lei 6926\/2021, a primeira lei no Brasil qie trata de preven\u00e7\u00e3o, tratamento de dem\u00eancias e inclu\u00ed cuidadores e familiares. Recebemos apoio de parceiros de todo pa\u00eds em uma grande rede de cuidado e afeto;<\/p>\n<p>7) Tamb\u00e9m com apoio do gabinete da Deputada Arlete Sampaio foi aprovado or\u00e7amento para a Codeplan realizar o mapeamento das pessoas com dem\u00eancias e suas\u00a0 cuidadoras no Distrito Federal em 2022. Passamos todo o\u00a0 segundo semestre em reuni\u00f5es desenhando a pesquisa que ser\u00e1 realizada em tr\u00eas etapas;<\/p>\n<p>8)\u00a0No segundo\u00a0 semestre, participamos da campanha internacional VELHICE N\u00c3O \u00c9 DOEN\u00c7A e conseguimos que a Organiza\u00e7\u00e3o Mundial da Sa\u00fade voltasse atr\u00e1s em sua decis\u00e3o de considerar doen\u00e7a uma etapa da vida de todos seres humanos. Juntos Somos Mais Fortes!<\/p>\n<p>9) Em setembro, durante um m\u00eas, participamos da campanha\u00a0 mundial SETEMBRO ROXO, com a campanha\u00a0 ALZHEIMER, QUEBRE O SIL\u00caNCIO. FALAR ALIVIA A DOR\u00a0 com publica\u00e7\u00f5es especiais no Blog e campanha visual esclarecendo sobre\u00a0 dem\u00eancias. Durante a campanha mais uma vez demos voz \u00e0s cuidadoras;<\/p>\n<p>10) Apoiamos o Conselho do Idoso do Distrito Federal (CDI-DF)\u00a0 que perdeu recursos este ano para o governo distrital. Consideramos essencial a presen\u00e7a ativa e fortalecida de institui\u00e7\u00f5es da sociedade civil que atuem em defesa da pessoa idosa;<\/p>\n<p>11) Denunciamos publicamente a situa\u00e7\u00e3o de precariedade do Centro Multidisciplinar do Idoso do Hospital Universit\u00e1rio de Bras\u00edlia ( HUB). E, junto\u00a0 com outros parceiros, pedimos reuni\u00e3o com a dire\u00e7\u00e3o do Hospital buscando encontrar solu\u00e7\u00f5es para o ambulat\u00f3rio voltar a ter atendimento de excel\u00eancia. Essa reuni\u00e3o dever\u00e1 ocorrer em janeiro de 2022.<\/p>\n<p>Ufa!! E ainda temos muitos outros projetos pela frente.<\/p>\n<p>O fim de ano pede calma e tamb\u00e9m renova\u00e7\u00e3o das esperan\u00e7as. Seguiremos\u00a0 esperan\u00e7ando, como diria Paulo Freire.<\/p>\n<p>Seguiremos resistindo. E isso vai al\u00e9m de ampliar nossa participa\u00e7\u00e3o na vida on line.<\/p>\n<p>Seguiremos defendendo o SUS, maior sistema de sa\u00fade gratuita do mundo e a ci\u00eancia. Ambos sofreram cortes profundos no or\u00e7amento e t\u00eam sido maltratados pelo atual governo.<\/p>\n<p>Seguiremos defendendo pol\u00edticas regionais de cuidado, como a implementa\u00e7\u00e3o da Lei distrital 6926\/2021. E tamb\u00e9m pol\u00edticas nacionais para que leis voltadas para o tratamento\u00a0 e\u00a0 a preven\u00e7\u00e3o de dem\u00eancias\u00a0 que incluam cuidadoras e familiares, tenham validade em todo pa\u00eds.<\/p>\n<p>Seguiremos atuando nos n\u00edveis individuais de cuidado e autocuidado, mas tamb\u00e9m de cuidado coletivo, com pol\u00edticas p\u00fablicas que insiram a pessoa idosa e valorize seus conhecimentos.<\/p>\n<p>Em 2022 seguiremos defendendo a vida, com qualidade e inclus\u00e3o social.<\/p>\n","protected":false},"excerpt":{"rendered":"<p>Ana Castro &amp; Cosette Castro Bras\u00edlia &#8211; Mais um ano est\u00e1 prestes a come\u00e7ar, desta vez com a possibilidade de ir \u00e0s ruas com m\u00e1scara e \u00e1lcool gel. Todo cuidado \u00e9 pouco para garantir o cuidado e autocuidado. Este \u00e9 um momento de gratid\u00e3o pela vida, de honrar os que j\u00e1 se foram e de fazer o balan\u00e7o de 2021. [&hellip;]<\/p>\n","protected":false},"author":126,"featured_media":0,"comment_status":"open","ping_status":"open","sticky":false,"template":"","format":"standard","meta":{"footnotes":""},"categories":[11,1],"tags":[8,343,329,119,20,21,7,5,294,306,12,295,264,263],"class_list":["post-721","post","type-post","status-publish","format-standard","hentry","category-cuidado-e-autocuidado","category-sem-categoria","tag-alzheimer","tag-ano-novo","tag-centro-multidisciplinar-do-idoso-cmi","tag-cuidado-e-autocuidado","tag-cuidadoras-familiares","tag-cuidadores-familiares","tag-demencias","tag-envelhecimento","tag-forum-em-defesa-da-pessoa-idosa-df","tag-hub","tag-politicas-publicas-de-cuidado","tag-politicas-publicas-para-pessoas-idosas","tag-quebre-o-silencio","tag-setembro-roxo"],"_links":{"self":[{"href":"https:\/\/blogs.correiobraziliense.com.br\/coletivo-filhas-da-mae\/wp-json\/wp\/v2\/posts\/721","targetHints":{"allow":["GET"]}}],"collection":[{"href":"https:\/\/blogs.correiobraziliense.com.br\/coletivo-filhas-da-mae\/wp-json\/wp\/v2\/posts"}],"about":[{"href":"https:\/\/blogs.correiobraziliense.com.br\/coletivo-filhas-da-mae\/wp-json\/wp\/v2\/types\/post"}],"author":[{"embeddable":true,"href":"https:\/\/blogs.correiobraziliense.com.br\/coletivo-filhas-da-mae\/wp-json\/wp\/v2\/users\/126"}],"replies":[{"embeddable":true,"href":"https:\/\/blogs.correiobraziliense.com.br\/coletivo-filhas-da-mae\/wp-json\/wp\/v2\/comments?post=721"}],"version-history":[{"count":4,"href":"https:\/\/blogs.correiobraziliense.com.br\/coletivo-filhas-da-mae\/wp-json\/wp\/v2\/posts\/721\/revisions"}],"predecessor-version":[{"id":725,"href":"https:\/\/blogs.correiobraziliense.com.br\/coletivo-filhas-da-mae\/wp-json\/wp\/v2\/posts\/721\/revisions\/725"}],"wp:attachment":[{"href":"https:\/\/blogs.correiobraziliense.com.br\/coletivo-filhas-da-mae\/wp-json\/wp\/v2\/media?parent=721"}],"wp:term":[{"taxonomy":"category","embeddable":true,"href":"https:\/\/blogs.correiobraziliense.com.br\/coletivo-filhas-da-mae\/wp-json\/wp\/v2\/categories?post=721"},{"taxonomy":"post_tag","embeddable":true,"href":"https:\/\/blogs.correiobraziliense.com.br\/coletivo-filhas-da-mae\/wp-json\/wp\/v2\/tags?post=721"}],"curies":[{"name":"wp","href":"https:\/\/api.w.org\/{rel}","templated":true}]}}