{"id":707,"date":"2021-12-24T07:00:49","date_gmt":"2021-12-24T10:00:49","guid":{"rendered":"https:\/\/blogs.correiobraziliense.com.br\/coletivo-filhas-da-mae\/?p=707"},"modified":"2022-12-20T06:13:56","modified_gmt":"2022-12-20T09:13:56","slug":"o-natal-nao-precisa-ser-triste","status":"publish","type":"post","link":"https:\/\/blogs.correiobraziliense.com.br\/coletivo-filhas-da-mae\/2021\/12\/24\/o-natal-nao-precisa-ser-triste\/","title":{"rendered":"O Natal N\u00e3o Precisa Ser Triste"},"content":{"rendered":"<p>Ana Castro &amp; Cosette Castro<\/p>\n<p>Bras\u00edlia &#8211; H\u00e1 quem pense que o Natal ao lado de uma pessoa com dem\u00eancia ser\u00e1 triste ou chato. N\u00e3o necessariamente.<\/p>\n<p>H\u00e1 casas onde os Natais eram ou ainda s\u00e3o comemorados com Papai Noel e ajudantes mirins e adolescentes. Com distribui\u00e7\u00e3o de presentes cuidadosamente escolhidos e \u00e1rvores de Natal com decora\u00e7\u00e3o de chocolate. Com enfeites espalhados pela casa, como era e ainda \u00e9 o caso dos Natais da Ana e da Cosette, onde as mem\u00f3rias afetivas proliferam.<\/p>\n<p>S\u00e3o essas mem\u00f3rias que contribuem para alimentar os Natais atuais. Se tiver crian\u00e7as, o clima natalino ser\u00e1 perfeito, pois elas costumam alegrar os ambientes. Se as crian\u00e7as cresceram, pegue o \u00e1lbum de fotos e sente com a pessoa enferma para incentivar as lembran\u00e7as de bons momentos e de pessoas queridas.<\/p>\n<p>A comida, servida mais cedo, n\u00e3o precisa ser como as antigas ceias de Natal, at\u00e9 porque pacientes com dem\u00eancia precisam de alimentos mais leves para n\u00e3o correr o risco de engasgar. Uma sobremesa que incentive as mem\u00f3rias das festas natalinas pode ser uma boa pedida, se o familiar n\u00e3o tiver problema com a\u00e7\u00facar.<\/p>\n<p>Dar um passeio na volta da quadra ou do edif\u00edcio mostrando as ilumina\u00e7\u00f5es de Natal tamb\u00e9m pode ser uma boa pedida. Mais um bom momento para lembrar das luzinhas e enfeites na casa da fam\u00edlia.<\/p>\n<p>Pra quem gosta de m\u00fasica, \u00e9 um bom momento para escutar em um tom mais baixo, para n\u00e3o incomodar a pessoa enferma, m\u00fasicas de Natal. Quem sabe seu familiar consegue cantar com voc\u00ea um pouco de <a href=\"https:\/\/www.youtube.com\/watchv=qPvHXFombyU\">\u201cBate o Sino Pequenino&#8221;<\/a>\u00a0 ou \u201c<a href=\"https:\/\/www.youtube.com\/watch?v=_vCBWXGufl8\">Anoiteceu<\/a>\u201d ?<\/p>\n<p>Para quem se animar, deixamos\u00a0 uma lista com 20 m\u00fasicas natalinas em Portugu\u00eas (<a href=\"https:\/\/www.youtube.com\/watch?v=SFSGt1psFQ\">link aqui<\/a>).<\/p>\n<p>Outra possibilidade \u00e9 aproveitar a live de Natal de Caetano Veloso, de 2020, ao melhor estilo da m\u00fasica popular brasileira (MPB). <a href=\"https:\/\/www.youtube.com\/watch?v=MxKGIhqfHVs\">Link aqui<\/a><\/p>\n<p>Caso voc\u00ea passe o Natal sozinha com o familiar enfermo, n\u00e3o desanime.<\/p>\n<p>Compre um presente para si mesma e n\u00e3o esque\u00e7a de comprar flores para alegrar a casa.<\/p>\n<p>Ligue para uma ou mais pessoas queridas e fale por \u00e1udio ou v\u00eddeo. A troca\u00a0 afetiva aquece o cora\u00e7\u00e3o das pessoas enfermas, ainda que seja apenas por alguns minutos, e tamb\u00e9m de quem cuida.<\/p>\n<p>Lembre que, apesar de todas as dificuldades, voc\u00ea tem uma ou mais hist\u00f3rias para contar. Anote em um bloco ou caderno.<\/p>\n<p><img loading=\"lazy\" decoding=\"async\" class=\"size-medium wp-image-708 aligncenter\" src=\"https:\/\/blogs.correiobraziliense.com.br\/coletivo-filhas-da-mae\/wp-content\/uploads\/sites\/60\/2021\/12\/IMG-20211219-WA0080-300x300.jpg\" alt=\"\" width=\"300\" height=\"300\" srcset=\"https:\/\/blogs.correiobraziliense.com.br\/coletivo-filhas-da-mae\/wp-content\/uploads\/sites\/60\/2021\/12\/IMG-20211219-WA0080-300x300.jpg 300w, https:\/\/blogs.correiobraziliense.com.br\/coletivo-filhas-da-mae\/wp-content\/uploads\/sites\/60\/2021\/12\/IMG-20211219-WA0080-150x150.jpg 150w, https:\/\/blogs.correiobraziliense.com.br\/coletivo-filhas-da-mae\/wp-content\/uploads\/sites\/60\/2021\/12\/IMG-20211219-WA0080-768x768.jpg 768w, https:\/\/blogs.correiobraziliense.com.br\/coletivo-filhas-da-mae\/wp-content\/uploads\/sites\/60\/2021\/12\/IMG-20211219-WA0080-1024x1024.jpg 1024w, https:\/\/blogs.correiobraziliense.com.br\/coletivo-filhas-da-mae\/wp-content\/uploads\/sites\/60\/2021\/12\/IMG-20211219-WA0080-800x800.jpg 800w, https:\/\/blogs.correiobraziliense.com.br\/coletivo-filhas-da-mae\/wp-content\/uploads\/sites\/60\/2021\/12\/IMG-20211219-WA0080-550x550.jpg 550w, https:\/\/blogs.correiobraziliense.com.br\/coletivo-filhas-da-mae\/wp-content\/uploads\/sites\/60\/2021\/12\/IMG-20211219-WA0080-230x230.jpg 230w, https:\/\/blogs.correiobraziliense.com.br\/coletivo-filhas-da-mae\/wp-content\/uploads\/sites\/60\/2021\/12\/IMG-20211219-WA0080.jpg 1080w\" sizes=\"auto, (max-width: 300px) 100vw, 300px\" \/><\/p>\n<p>Um dia voc\u00ea poder\u00e1 recordar para familiares e amigos os Natais do tempo da pandemia, quando ainda t\u00ednhamos medo de variantes como o Omicron.<\/p>\n<p>N\u00f3s, do Coletivo Filhas da M\u00e3e, desejamos a voc\u00ea felizes festas.<\/p>\n<p>Nestes dois anos de exist\u00eancia, comemoramos a vida, o cuidado ( individual e coletivo) e o autocuidado. Somos resist\u00eancia.<\/p>\n<p>Acreditamos que somente com autocuidado, cuidando de n\u00f3s mesmas,\u00a0 podemos nos preparar para cuidar de outras pessoas.<\/p>\n<p>Ps: Agradecemos ao Filho da M\u00e3e Adriano Roza pela arte do card.<\/p>\n<p>Ps2: Escrevemos no feminino porque 96% da atividade do cuidado no Brasil \u00e9 realizada por mulheres. Homens s\u00e3o super bem-vindos ao Coletivo. O cuidado n\u00e3o deveria ter g\u00eanero.<\/p>\n<p>&nbsp;<\/p>\n","protected":false},"excerpt":{"rendered":"<p>Ana Castro &amp; Cosette Castro Bras\u00edlia &#8211; H\u00e1 quem pense que o Natal ao lado de uma pessoa com dem\u00eancia ser\u00e1 triste ou chato. N\u00e3o necessariamente. H\u00e1 casas onde os Natais eram ou ainda s\u00e3o comemorados com Papai Noel e ajudantes mirins e adolescentes. Com distribui\u00e7\u00e3o de presentes cuidadosamente escolhidos e \u00e1rvores de Natal com decora\u00e7\u00e3o de chocolate. Com enfeites [&hellip;]<\/p>\n","protected":false},"author":126,"featured_media":0,"comment_status":"open","ping_status":"open","sticky":false,"template":"","format":"standard","meta":{"footnotes":""},"categories":[117],"tags":[8,343,3,2,20,24,21,7,5,33,342],"class_list":["post-707","post","type-post","status-publish","format-standard","hentry","category-autocuidado","tag-alzheimer","tag-ano-novo","tag-autocuidado","tag-cuidado","tag-cuidadoras-familiares","tag-cuidadoras-profissionais","tag-cuidadores-familiares","tag-demencias","tag-envelhecimento","tag-familia","tag-natal"],"_links":{"self":[{"href":"https:\/\/blogs.correiobraziliense.com.br\/coletivo-filhas-da-mae\/wp-json\/wp\/v2\/posts\/707","targetHints":{"allow":["GET"]}}],"collection":[{"href":"https:\/\/blogs.correiobraziliense.com.br\/coletivo-filhas-da-mae\/wp-json\/wp\/v2\/posts"}],"about":[{"href":"https:\/\/blogs.correiobraziliense.com.br\/coletivo-filhas-da-mae\/wp-json\/wp\/v2\/types\/post"}],"author":[{"embeddable":true,"href":"https:\/\/blogs.correiobraziliense.com.br\/coletivo-filhas-da-mae\/wp-json\/wp\/v2\/users\/126"}],"replies":[{"embeddable":true,"href":"https:\/\/blogs.correiobraziliense.com.br\/coletivo-filhas-da-mae\/wp-json\/wp\/v2\/comments?post=707"}],"version-history":[{"count":5,"href":"https:\/\/blogs.correiobraziliense.com.br\/coletivo-filhas-da-mae\/wp-json\/wp\/v2\/posts\/707\/revisions"}],"predecessor-version":[{"id":1326,"href":"https:\/\/blogs.correiobraziliense.com.br\/coletivo-filhas-da-mae\/wp-json\/wp\/v2\/posts\/707\/revisions\/1326"}],"wp:attachment":[{"href":"https:\/\/blogs.correiobraziliense.com.br\/coletivo-filhas-da-mae\/wp-json\/wp\/v2\/media?parent=707"}],"wp:term":[{"taxonomy":"category","embeddable":true,"href":"https:\/\/blogs.correiobraziliense.com.br\/coletivo-filhas-da-mae\/wp-json\/wp\/v2\/categories?post=707"},{"taxonomy":"post_tag","embeddable":true,"href":"https:\/\/blogs.correiobraziliense.com.br\/coletivo-filhas-da-mae\/wp-json\/wp\/v2\/tags?post=707"}],"curies":[{"name":"wp","href":"https:\/\/api.w.org\/{rel}","templated":true}]}}