{"id":678,"date":"2021-12-10T07:10:27","date_gmt":"2021-12-10T10:10:27","guid":{"rendered":"https:\/\/blogs.correiobraziliense.com.br\/coletivo-filhas-da-mae\/?p=678"},"modified":"2021-12-10T14:57:37","modified_gmt":"2021-12-10T17:57:37","slug":"uma-lei-que-cuida-de-quem-cuida","status":"publish","type":"post","link":"https:\/\/blogs.correiobraziliense.com.br\/coletivo-filhas-da-mae\/2021\/12\/10\/uma-lei-que-cuida-de-quem-cuida\/","title":{"rendered":"Uma Lei que Cuida de Quem Cuida"},"content":{"rendered":"<p>Ana Castro &amp; Cosette Castro<\/p>\n<p>Bras\u00edlia &#8211; No m\u00eas que completamos 2 anos de exist\u00eancia e resist\u00eancia, temos muito a comemorar!<\/p>\n<p>Ontem a noite, 09 de dezembro, a C\u00e2mara Legislativa do Distrito Federal aprovou por 18 X 01 votos (veja o <a href=\"https:\/\/youfiles.herokuapp.com\/videodictionary\/?m=Video_Player_Drive&amp;state=%7B%22ids%22:%5B%221sUokR-uPUwecLnDvjUKjWl_xYPb5e7Os%22%5D,%22action%22:%22open%22,%22resourceKeys%22:%7B%7D%7D\">v\u00eddeo<\/a>) a derrubada de <a href=\"https:\/\/drive.google.com\/file\/d\/15soV0J8z5EvOCdBkGpqHPJiv-GovGjme\/view\">vetos<\/a> \u00e0 Lei 6926\/2021, que disp\u00f5e sobre Alzheimer e outras dem\u00eancias e inclui artigos espec\u00edficos para cuidadoras e suas fam\u00edlias.<\/p>\n<p>Pela primeira vez no pa\u00eds, temos uma lei sobre dem\u00eancias,\u00a0 cujo foco n\u00e3o \u00e9 apenas\u00a0 a doen\u00e7a.\u00a0O ineditismo da Lei Distrital \u00e9 apostar\u00a0 na preven\u00e7\u00e3o,\u00a0 incluindo cuidadoras de todos os tipos e o entorno familiar.<\/p>\n<p>A <a href=\"https:\/\/docs.google.com\/document\/d\/1ZKXM2K70zwaJAWp8OxrtYtLNEPZiAgCygNrsIgmxKng\/edit?usp=sharing\">Lei Distrital 6926\/2021<\/a> disp\u00f5e sobre o cuidado dos pacientes, mas tamb\u00e9m busca cuidar de quem cuida.\u00a0E disp\u00f5e sobre a\u00a0articula\u00e7\u00e3o de diferentes \u00e1reas. Entre elas\u00a0sa\u00fade, assist\u00eancia social, justi\u00e7a, direitos humanos, educa\u00e7\u00e3o,\u00a0 cultura, esportes, inova\u00e7\u00e3o e tecnologia para atender pacientes, cuidadoras e as fam\u00edlias.<\/p>\n<p>Criada pelo deputado Jos\u00e9 Gomes (PTB), o ent\u00e3o projeto de lei\u00a0recebeu substitutivo da Deputada Arlete Sampaio (PT), m\u00e9dica sanitarista que preside a Comiss\u00e3o de Sa\u00fade da C\u00e2mara do Distrito Federal. Aos dois deputados e suas equipes, nossos agradecimentos.<\/p>\n<p>Esta n\u00e3o \u00e9 uma conquista individual do Coletivo Filhas da M\u00e3e. Nem do F\u00f3rum Distrital da Sociedade Civil em Defesa dos Direitos das Pessoas Idosas, nosso parceiro desde o in\u00edcio.<\/p>\n<p>Trata-se de uma vit\u00f3ria coletiva que extrapolou o Distrito Federal, envolvendo outras institui\u00e7\u00f5es do pa\u00eds, e\u00a0comprova que juntos somos fortes.<\/p>\n<p>Acreditamos quando ningu\u00e9m acreditava. Mesmo quando nos disseram que est\u00e1vamos sonhando alto demais e que dificilmente um projeto desta envergadura seria aprovado.<\/p>\n<p>Mas sonhamos juntas e juntos e a v\u00e1rias m\u00e3os (Ana Castro,\u00a0 Cosette Castro, Cristina Flores, Jairo de Souza Junior e Vicente Faleiros) pesquisamos outras leis similares e escrevemos os artigos do Substitutivo.\u00a0Contamos com o apoio integral do gabinete da Deputada Arlete Sampaio e sua equipe t\u00e9cnica. E com a anu\u00eancia do Deputado Jos\u00e9 Gomes aos novos artigos.<\/p>\n<p>Participantes do Coletivo Filhas da M\u00e3e e do F\u00f3rum arrega\u00e7aram as mangas e enviaram e-mails aos deputados distritais. Volunt\u00e1rios do Coletivo, entre eles\u00a0Vitor Borisow, Fernanda S\u00e1 e Adriano Roza, criaram cards para divulga\u00e7\u00e3o nas redes sociais digitais digitais (Facebook, Instagram e Whats App) e Carmensita Corso criou a conta no Twitter em julho.<\/p>\n<p>Colaboradoras do Coletivo e do F\u00f3rum estiveram <em>on line<\/em> nas reuni\u00f5es da C\u00e2mara Legislativa pedindo ativamente pelo chat que o projeto de lei fosse aprovado. Um trabalho de formiguinha que pouca gente conhece.<\/p>\n<p>Cuidadoras de todas as idades &#8211; sim, a maioria\u00a0 absoluta \u00e9 de mulheres e por isso escrevemos no feminino &#8211; dedicaram tempo para construir um novo futuro.<\/p>\n<p>Nessa caminhada contamos com o apoio de<a href=\"https:\/\/blogs.correiobraziliense.com.br\/coletivo-filhas-da-mae\/2021\/07\/02\/politicas-publicas-nao-caem-do-ceu\/\"> v\u00e1rias institui\u00e7\u00f5es<\/a> que enviaram cartas ao governador Ibaneis Rocha pedindo a aprova\u00e7\u00e3o da Lei na \u00edntegra. E depois novas cartas pedindo a derrubada de vetos do Governador,\u00a0 como publicamos anteriormente. A todas as entidades,\u00a0 nossa\u00a0 gratid\u00e3o.<\/p>\n<p>A Lei Distrital 6926\/2021\u00a0 prev\u00ea a cria\u00e7\u00e3o de um Centro de Refer\u00eancia em dem\u00eancias no Distrito Federal, aposta na pesquisa, na forma\u00e7\u00e3o e em campanhas p\u00fablicas cont\u00ednuas para reduzir o desconhecimento e o preconceito. Mas\u00a0 ainda precisava passar por outras etapas at\u00e9 a derrubada de vetos. Foi parar no Col\u00e9gio de L\u00edderes\u00a0(que re\u00fane os l\u00edderes de cada partido) para avaliar a derrubada de vetos.<\/p>\n<p><img loading=\"lazy\" decoding=\"async\" class=\"size-medium wp-image-681 aligncenter\" src=\"https:\/\/blogs.correiobraziliense.com.br\/coletivo-filhas-da-mae\/wp-content\/uploads\/sites\/60\/2021\/12\/fotos-coletivo-300x225.jpeg\" alt=\"\" width=\"300\" height=\"225\" srcset=\"https:\/\/blogs.correiobraziliense.com.br\/coletivo-filhas-da-mae\/wp-content\/uploads\/sites\/60\/2021\/12\/fotos-coletivo-300x225.jpeg 300w, https:\/\/blogs.correiobraziliense.com.br\/coletivo-filhas-da-mae\/wp-content\/uploads\/sites\/60\/2021\/12\/fotos-coletivo-768x576.jpeg 768w, https:\/\/blogs.correiobraziliense.com.br\/coletivo-filhas-da-mae\/wp-content\/uploads\/sites\/60\/2021\/12\/fotos-coletivo-1024x768.jpeg 1024w, https:\/\/blogs.correiobraziliense.com.br\/coletivo-filhas-da-mae\/wp-content\/uploads\/sites\/60\/2021\/12\/fotos-coletivo-800x600.jpeg 800w, https:\/\/blogs.correiobraziliense.com.br\/coletivo-filhas-da-mae\/wp-content\/uploads\/sites\/60\/2021\/12\/fotos-coletivo-550x413.jpeg 550w, https:\/\/blogs.correiobraziliense.com.br\/coletivo-filhas-da-mae\/wp-content\/uploads\/sites\/60\/2021\/12\/fotos-coletivo-230x173.jpeg 230w, https:\/\/blogs.correiobraziliense.com.br\/coletivo-filhas-da-mae\/wp-content\/uploads\/sites\/60\/2021\/12\/fotos-coletivo.jpeg 1152w\" sizes=\"auto, (max-width: 300px) 100vw, 300px\" \/><\/p>\n<p>Na foto da esquerda para direita Everardo Aguiar, Ana Castro, Jairo de Souza Junior, Cosette Castro e Marlene Azevedo (gabinete Arlete Sampaio) na reuni\u00e3o com presidente da C\u00e2mara Legislativa. Sem m\u00e1scara, s\u00f3 para foto<\/p>\n<p>Enviamos mais\u00a0 e-mails para todos os l\u00edderes e pedimos audi\u00eancia com o presidente da C\u00e2mara, Deputado\u00a0 Rafael Prudente (MDB). Mais uma vez contamos com o apoio da Deputada Arlete Sampaio.\u00a0Em duas semanas, os vetos\u00a0 foram derrubados. Agradecemos aos 18\u00a0 deputados que mantiveram a Lei na sua \u00edntegra!<\/p>\n<p>Depois das comemora\u00e7\u00f5es segue o trabalho. Agora precisamos implementar a Lei 6926\/2021 e garantir que ela saia do papel.\u00a0#partiuimplementa\u00e7\u00e3o<\/p>\n<p>PS: Esta semana tamb\u00e9m recebemos\u00a0 retorno\u00a0 via e-mail da presid\u00eancia do Hospital Universit\u00e1rio de Bras\u00edlia (HUB) confirmando que ser\u00e1 marcada reuni\u00e3o sobre a situa\u00e7\u00e3o do Centro Multidisciplinar do Idoso (CMI). Estamos no aguardo!<\/p>\n","protected":false},"excerpt":{"rendered":"<p>Ana Castro &amp; Cosette Castro Bras\u00edlia &#8211; No m\u00eas que completamos 2 anos de exist\u00eancia e resist\u00eancia, temos muito a comemorar! Ontem a noite, 09 de dezembro, a C\u00e2mara Legislativa do Distrito Federal aprovou por 18 X 01 votos (veja o v\u00eddeo) a derrubada de vetos \u00e0 Lei 6926\/2021, que disp\u00f5e sobre Alzheimer e outras dem\u00eancias e inclui artigos espec\u00edficos [&hellip;]<\/p>\n","protected":false},"author":126,"featured_media":0,"comment_status":"open","ping_status":"open","sticky":false,"template":"","format":"standard","meta":{"footnotes":""},"categories":[84],"tags":[205,8,3,329,337,198,2,119,20,25,21,7,180,181,294,306,225,190,295,308,338],"class_list":["post-678","post","type-post","status-publish","format-standard","hentry","category-politicas-publicas-de-cuidado","tag-abraz-df","tag-alzheimer","tag-autocuidado","tag-centro-multidisciplinar-do-idoso-cmi","tag-conselho-da-saude-do-distrito-federal","tag-conselho-dos-direitos-do-idoso-df","tag-cuidado","tag-cuidado-e-autocuidado","tag-cuidadoras-familiares","tag-cuidadoras-informais","tag-cuidadores-familiares","tag-demencias","tag-deputada-arlete-sampaio","tag-deputado-jose-gomes","tag-forum-em-defesa-da-pessoa-idosa-df","tag-hub","tag-lei-6926-2021","tag-miriam-morata","tag-politicas-publicas-para-pessoas-idosas","tag-rafael-prudente","tag-sbgg-df"],"_links":{"self":[{"href":"https:\/\/blogs.correiobraziliense.com.br\/coletivo-filhas-da-mae\/wp-json\/wp\/v2\/posts\/678","targetHints":{"allow":["GET"]}}],"collection":[{"href":"https:\/\/blogs.correiobraziliense.com.br\/coletivo-filhas-da-mae\/wp-json\/wp\/v2\/posts"}],"about":[{"href":"https:\/\/blogs.correiobraziliense.com.br\/coletivo-filhas-da-mae\/wp-json\/wp\/v2\/types\/post"}],"author":[{"embeddable":true,"href":"https:\/\/blogs.correiobraziliense.com.br\/coletivo-filhas-da-mae\/wp-json\/wp\/v2\/users\/126"}],"replies":[{"embeddable":true,"href":"https:\/\/blogs.correiobraziliense.com.br\/coletivo-filhas-da-mae\/wp-json\/wp\/v2\/comments?post=678"}],"version-history":[{"count":6,"href":"https:\/\/blogs.correiobraziliense.com.br\/coletivo-filhas-da-mae\/wp-json\/wp\/v2\/posts\/678\/revisions"}],"predecessor-version":[{"id":686,"href":"https:\/\/blogs.correiobraziliense.com.br\/coletivo-filhas-da-mae\/wp-json\/wp\/v2\/posts\/678\/revisions\/686"}],"wp:attachment":[{"href":"https:\/\/blogs.correiobraziliense.com.br\/coletivo-filhas-da-mae\/wp-json\/wp\/v2\/media?parent=678"}],"wp:term":[{"taxonomy":"category","embeddable":true,"href":"https:\/\/blogs.correiobraziliense.com.br\/coletivo-filhas-da-mae\/wp-json\/wp\/v2\/categories?post=678"},{"taxonomy":"post_tag","embeddable":true,"href":"https:\/\/blogs.correiobraziliense.com.br\/coletivo-filhas-da-mae\/wp-json\/wp\/v2\/tags?post=678"}],"curies":[{"name":"wp","href":"https:\/\/api.w.org\/{rel}","templated":true}]}}