{"id":576,"date":"2021-11-01T07:00:44","date_gmt":"2021-11-01T10:00:44","guid":{"rendered":"https:\/\/blogs.correiobraziliense.com.br\/coletivo-filhas-da-mae\/?p=576"},"modified":"2021-11-01T08:25:11","modified_gmt":"2021-11-01T11:25:11","slug":"uma-sociedade-para-todas-as-idades","status":"publish","type":"post","link":"https:\/\/blogs.correiobraziliense.com.br\/coletivo-filhas-da-mae\/2021\/11\/01\/uma-sociedade-para-todas-as-idades\/","title":{"rendered":"Uma Sociedade Para Todas as Idades"},"content":{"rendered":"<p>Ana Castro &amp; Cosette Castro<\/p>\n<div class=\"adn ads\">\n<div class=\"gs\">\n<div class=\"\">\n<div id=\":ou\" class=\"ii gt\">\n<div id=\":ot\" class=\"a3s aiL \">\n<div dir=\"auto\"><\/div>\n<div class=\"adL\">\n<p>Bras\u00edlia &#8211; Com a virada do m\u00eas de novembro, nos aproximamos cada vez mais do anivers\u00e1rio de 2 anos do Coletivo Filhas da M\u00e3e,\u00a0 criado em dezembro de 2019.<\/p>\n<p>Enquanto dezembro n\u00e3o chega, seguimos tratando de temas como o envelhecimento populacional, assunto que diz respeito as brasileiras e brasileiros de hoje e de amanh\u00e3.<\/p>\n<p>De acordo com pesquisa realizada pelo Departamento Intersindical de Estat\u00edstica e Estudo Socioecon\u00f4mico (DIEESE) h\u00e1 37,5\u00a0 milh\u00f5es de pessoas idosas no Brasil. Dentro deste grupo, 18,5% ainda trabalham e 75%\u00a0 contribuem para o or\u00e7amento do local onde residem.<\/p>\n<p>No Brasil, a popula\u00e7\u00e3o idosa sofre v\u00e1rias viol\u00eancias.<\/p>\n<p>De um lado, tenta sobreviver \u00e0\u00a0 pandemia e de outro,\u00a0 sobreviver em meio a um governo conservador que apoia o congelamento do or\u00e7amento nas \u00e1reas de sa\u00fade, educa\u00e7\u00e3o, ci\u00eancia e tecnologia e corta cada vez mais o or\u00e7amento do Sistema \u00danico de Sa\u00fade (SUS).<\/p>\n<p>J\u00e1 a crise econ\u00f4mica faz com que 75% das pessoas idosas sejam obrigadas a contribuir para o or\u00e7amento dom\u00e9stico.<\/p>\n<p>Em 68% dos casos, s\u00e3o as pessoas 60+, com sua aposentadoria ou trabalho, que garantem a sobreviv\u00eancia da fam\u00edlia. Isso em um pa\u00eds com 14% de desempregados, conforme dados oficiais do IBGE (2021) e outros 39 milh\u00f5es de pessoas sobrevivendo no mercado informal.<\/p>\n<p>O Brasil est\u00e1 entre os pa\u00edses que envelhecem mais rapidamente no mundo, de acordo com dados da Organiza\u00e7\u00e3o para a Coopera\u00e7\u00e3o e Desenvolvimento Econ\u00f4mico (OCDE, 2018). Isso ocorre\u00a0 sem o\u00a0 preparo adequado nem a implementa\u00e7\u00e3o das pol\u00edticas p\u00fablicas existentes, necess\u00e1rias para proteger as pessoas idosas, garantir qualidade de vida, o envelhecimento ativo e a dignidade.<\/p>\n<p>Como se fosse pouco, das mais de 600 mil mortes por Covid-19,\u00a0 quatro em cada cinco poderiam ter sido evitadas. Isso se tivessem sido respeitados os protocolos recomendados pela Ag\u00eancia Nacional de Vigil\u00e2ncia Sanit\u00e1ria (ANVISA), pela Funda\u00e7\u00e3o Osvaldo Cruz (FIOCRUZ) e pela Organiza\u00e7\u00e3o Mundial da Sa\u00fade (OMS). A maior parte das mortes ocorreu entre popula\u00e7\u00f5es fragilizadas, como as pessoas idosas.<\/p>\n<p>Levando em conta esta realidade, o\u00a0 Coletivo Filhas da M\u00e3e passou a apoiar a campanha \u201cSociedade para todas as Idades\u201d,\u00a0 lan\u00e7ada no final de outubro, e a <em>Carta Aberta das Pessoas Idosas<\/em>, dispon\u00edvel em forma de <a href=\"https:\/\/www.change.org\/p\/plataformapi-brasil-gmail-com-carta-aberta-das-pessoas-idosas-do-brasil?recruiter=955184910&amp;utm_source=share_petition&amp;utm_campaign=psf_combo_share_message&amp;utm_medium=whatsapp&amp;utm_content=washarecopy_31223596_pt-BR%3A1&amp;recruited_by_id=0e600c90-68f6-11e9-8d01-cf31c1f1bcd9\">abaixo-assinado coletivo.\u00a0<\/a><\/p>\n<p>A campanha defende a implementa\u00e7\u00e3o de pol\u00edticas p\u00fablicas voltadas para as pessoas idosas e uma sociedade onde convivam diferentes gera\u00e7\u00f5es, sem preconceito, com qualidade de vida e respeito aos direitos humanos.<\/p>\n<p>A constru\u00e7\u00e3o\u00a0 de uma sociedade para todas as idades inclui a\u00e7\u00f5es e diretrizes que fazem parte da <a href=\"https:\/\/www.paho.org\/pt\/decada-do-envelhecimento-saudavel-2021-2030\">d\u00e9cada do envelhecimento saud\u00e1vel 2021-2030<\/a>, proposta pela Organiza\u00e7\u00e3o Mundial da Sa\u00fade (OMS).<\/p>\n<p>S\u00e3o quatro a\u00e7\u00f5es das quais podem fazer parte e participar cidad\u00e3os, institui\u00e7\u00f5es e comunidades do mundo inteiro, como mostra o link acima.<\/p>\n<p>A primeira a\u00e7\u00e3o se prop\u00f5e a mudar a forma como pensamos, sentimos e agimos com rela\u00e7\u00e3o \u00e0 idade e ao envelhecimento, combatendo\u00a0 o preconceito (ageismo, etarismo, idadismo) e o medo de ficar velho.<\/p>\n<p>A segunda a\u00e7\u00e3o se prop\u00f5e a garantir que as comunidades promovam as capacidades das pessoas idosas, criando ambientes amig\u00e1veis e\u00a0 garantindo a inclus\u00e3o dos\u00a0 mais vulner\u00e1veis. Para isso, a OMS disponibiliza\u00a0 um\u00a0\u00a0<a href=\"https:\/\/apps.who.int\/iris\/bitstream\/handle\/10665\/43755\/9789899556867_por.pdf;jsessionid=6799C2C6F5BC600B53CBC8393B290F48?sequence=3\">guia\u00a0 global para cidades amigas das pessoas idosas<\/a>.<\/p>\n<p>A terceira a\u00e7\u00e3o diz respeito a garantia de servi\u00e7os de cuidados integrados e de aten\u00e7\u00e3o prim\u00e1ria \u00e0 sa\u00fade centrados e adequados \u00e0 pessoa idosa. Algo que precisa ser garantido e ampliado no Brasil, incluido pol\u00edticas nacionais de cuidado para pessoas idosas e suas cuidadoras e cuidadores.<\/p>\n<p>A quarta a\u00e7\u00e3o proposta pela OMS est\u00e1 relacionada aos cuidados de longo prazo \u00e0s pessoas que necessitem, como \u00e9 o caso dos que tem\u00a0 dem\u00eancias, e inclui o apoio \u00e0s cuidadoras.<\/p>\n<p>Convidamos voc\u00ea e sua institui\u00e7\u00e3o a apoiar a campanha\u00a0 &#8220;Uma Sociedade Para Todas as Idades&#8221;. E a\u00a0 multiplicar o abaixo-assinado (link dispon\u00edvel acima), divulgando a\u00a0 campanha.\u00a0 Como aponta a <em>Carta Aberta das Pessoas Idosas<\/em>, &#8220;nada de n\u00f3s sem n\u00f3s!&#8221;<\/p>\n<p>&nbsp;<\/p>\n<p>&nbsp;<\/p>\n<p>&nbsp;<\/p>\n<p>&nbsp;<\/p>\n<\/div>\n<\/div>\n<\/div>\n<div class=\"hi\"><\/div>\n<\/div>\n<\/div>\n<div class=\"ajx\"><\/div>\n<\/div>\n<div class=\"gA gt acV\">\n<div class=\"gB xu\">\n<div class=\"ip iq\">\n<div id=\":ov\"><\/div>\n<\/div>\n<\/div>\n<\/div>\n<p>&nbsp;<\/p>\n<p>&nbsp;<\/p>\n<p>&nbsp;<\/p>\n<p>&nbsp;<\/p>\n<p>&nbsp;<\/p>\n<p>&nbsp;<\/p>\n<h3><\/h3>\n<h3><\/h3>\n<p>&nbsp;<\/p>\n","protected":false},"excerpt":{"rendered":"<p>Ana Castro &amp; Cosette Castro Bras\u00edlia &#8211; Com a virada do m\u00eas de novembro, nos aproximamos cada vez mais do anivers\u00e1rio de 2 anos do Coletivo Filhas da M\u00e3e,\u00a0 criado em dezembro de 2019. Enquanto dezembro n\u00e3o chega, seguimos tratando de temas como o envelhecimento populacional, assunto que diz respeito as brasileiras e brasileiros de hoje e de amanh\u00e3. De [&hellip;]<\/p>\n","protected":false},"author":126,"featured_media":0,"comment_status":"open","ping_status":"open","sticky":false,"template":"","format":"standard","meta":{"footnotes":""},"categories":[177],"tags":[105,2,119,7,14,106,152,161,70,295,42],"class_list":["post-576","post","type-post","status-publish","format-standard","hentry","category-politicas-publicas","tag-ageismo","tag-cuidado","tag-cuidado-e-autocuidado","tag-demencias","tag-direitos-humanos","tag-idadismo","tag-idosos","tag-oms","tag-pandemia","tag-politicas-publicas-para-pessoas-idosas","tag-sus"],"_links":{"self":[{"href":"https:\/\/blogs.correiobraziliense.com.br\/coletivo-filhas-da-mae\/wp-json\/wp\/v2\/posts\/576","targetHints":{"allow":["GET"]}}],"collection":[{"href":"https:\/\/blogs.correiobraziliense.com.br\/coletivo-filhas-da-mae\/wp-json\/wp\/v2\/posts"}],"about":[{"href":"https:\/\/blogs.correiobraziliense.com.br\/coletivo-filhas-da-mae\/wp-json\/wp\/v2\/types\/post"}],"author":[{"embeddable":true,"href":"https:\/\/blogs.correiobraziliense.com.br\/coletivo-filhas-da-mae\/wp-json\/wp\/v2\/users\/126"}],"replies":[{"embeddable":true,"href":"https:\/\/blogs.correiobraziliense.com.br\/coletivo-filhas-da-mae\/wp-json\/wp\/v2\/comments?post=576"}],"version-history":[{"count":7,"href":"https:\/\/blogs.correiobraziliense.com.br\/coletivo-filhas-da-mae\/wp-json\/wp\/v2\/posts\/576\/revisions"}],"predecessor-version":[{"id":586,"href":"https:\/\/blogs.correiobraziliense.com.br\/coletivo-filhas-da-mae\/wp-json\/wp\/v2\/posts\/576\/revisions\/586"}],"wp:attachment":[{"href":"https:\/\/blogs.correiobraziliense.com.br\/coletivo-filhas-da-mae\/wp-json\/wp\/v2\/media?parent=576"}],"wp:term":[{"taxonomy":"category","embeddable":true,"href":"https:\/\/blogs.correiobraziliense.com.br\/coletivo-filhas-da-mae\/wp-json\/wp\/v2\/categories?post=576"},{"taxonomy":"post_tag","embeddable":true,"href":"https:\/\/blogs.correiobraziliense.com.br\/coletivo-filhas-da-mae\/wp-json\/wp\/v2\/tags?post=576"}],"curies":[{"name":"wp","href":"https:\/\/api.w.org\/{rel}","templated":true}]}}