{"id":521,"date":"2021-10-15T07:09:31","date_gmt":"2021-10-15T10:09:31","guid":{"rendered":"https:\/\/blogs.correiobraziliense.com.br\/coletivo-filhas-da-mae\/?p=521"},"modified":"2021-10-15T10:46:17","modified_gmt":"2021-10-15T13:46:17","slug":"quem-cuida-tambem-envelhece","status":"publish","type":"post","link":"https:\/\/blogs.correiobraziliense.com.br\/coletivo-filhas-da-mae\/2021\/10\/15\/quem-cuida-tambem-envelhece\/","title":{"rendered":"Quem Cuida Tamb\u00e9m Envelhece"},"content":{"rendered":"<p>Ana Castro &amp; Cosette Castro<\/p>\n<p>Bras\u00edlia &#8211; Na semana\u00a0 em\u00a0 que acontece o X Congresso Brasileiro de Alzheimer, em vers\u00e3o online,\u00a0 Ana Castro marcou a presen\u00e7a do Coletivo Filhas da M\u00e3e\u00a0com\u00a0 palestra\u00a0 sobre\u00a0 &#8220;Filhos Idosos Cuidando de Pais com Dem\u00eancia&#8221;.<\/p>\n<p>Trata-se de um tema importante, j\u00e1 que,\u00a0no Brasil,\u00a0 a popula\u00e7\u00e3o idosa vem crescendo rapidamente.<\/p>\n<p>Segundo o Instituto Brasileiro de Geografia e Estat\u00edstica (IBGE), em 2021\u00a0 pessoas com mais de 60 anos somam\u00a0 37,7 milh\u00f5es de brasileiras e brasileiros.<\/p>\n<p>Em \u00e2mbito mundial, em 2020, havia 1,1 bilh\u00e3o de idosos. Isto \u00e9,\u00a0 13,5% da popula\u00e7\u00e3o de todo planeta. E a previs\u00e3o \u00e9 de que o n\u00famero chegue a 3,1 bilh\u00f5es em 2100. Um acr\u00e9scimo de 2 bilh\u00f5es de idosos em menos de 80 anos.<\/p>\n<p>No caso das pessoas +60 que cuidam\u00a0 familiares com Alzheimer, elas\u00a0 tiveram que trocar sua rotina, atividades de lazer e vida social,\u00a0 em um momento da vida em que deveriam\u00a0 estar planejando o descanso, a aposentadoria ou novos projetos. Isso traz um impacto negativo na vida social, financeira e nas rela\u00e7\u00f5es afetivas dessas pessoas.<\/p>\n<p>Tudo isso, somado as medidas de distanciamento social por causa da pandemia e ao luto coletivo, vem gerando consequ\u00eancias. Ins\u00f4nia, estresse, dores no corpo, principalmente nas costas, dores de cabe\u00e7a e les\u00f5es nas cuidadoras familiares.<\/p>\n<p>As informa\u00e7\u00f5es acima constam na <a href=\"https:\/\/ladoaladopelavida.org.br\/wp-content\/uploads\/2021\/09\/pesquisa-cuidadores_digital.pdf\">Pesquisa\u00a0 Cuidadores do Brasil<\/a>, realizada\u00a0com 2.047 pessoas., a maioria da Regi\u00e3o Sudeste. O estudo foi\u00a0 publicado\u00a0 em 2021 pela\u00a0 Veja Sa\u00fade e o Instituto Lado a Lado pela Vida.<\/p>\n<p>Do total de participantes,\u00a0 59%, tem 50 anos ou mais e 27%, s\u00e3o +60. Ou seja, 6 em cada 10 cuidadoras tem mais de 50 anos.<\/p>\n<p>O que se observa \u00e9 que, al\u00e9m das mulheres serem maioria absoluta, h\u00e1 gera\u00e7\u00f5es de idosas cuidadoras que n\u00e3o est\u00e3o se cuidando. E sequer tem ideia (na teoria e na pr\u00e1tica) do que significa autocuidado, esse momento de espa\u00e7o para s\u00ed, mesmo que seja para n\u00e3o fazer nada, que ajuda a reduzir o sofrimento emocional.<\/p>\n<p>Elas deixam de pagar seus pr\u00f3prios planos de sa\u00fade\u00a0 pelos alto custos do cuidado familiar. N\u00e3o encontram tempo para ir a m\u00e9dicos, fazer exames ou\u00a0<em>check ups. <\/em>E, quando encontram tempo para fazer\u00a0\u00a0exerc\u00edcios, j\u00e1 est\u00e3o exaustas.\u00a0 Tampouco se alimentam de forma saud\u00e1vel, colocando em risco a vida futura.<\/p>\n<p>Pesquisa realizada em Cuit\u00e9, munic\u00edpio da Para\u00edba, em 2019, mostrou a sobrecarga das cuidadoras. Uma sobrecarga que se amplia quando a cuidadora \u00e9 idosa. E o mais grave: as caracter\u00edsticas dessas pessoas s\u00e3o similares \u00e0s dos idosos dependentes.<\/p>\n<p>As cuidadoras familiares idosas sequer se d\u00e3o conta da sobrecarga que vivenciam.<\/p>\n<p>N\u00e3o percebem as ren\u00fancias que tiveram de fazer no passado. Nem percebem a sobrecarga do presente. E, em geral, n\u00e3o compreendem a rela\u00e7\u00e3o entre a sobrecarga f\u00edsica e emocional com o sofrimento ps\u00edquico, com o desgaste f\u00edsico, com o agravamento de doen\u00e7as existentes,\u00a0 com as dores e o cansa\u00e7o que vivenciam.<\/p>\n<p>A pesquisa apontou ainda\u00a0 o abandono das atividades laborais, a perda da liberdade, a perda do prazer, a falta de informa\u00e7\u00e3o, a inseguran\u00e7a no cuidar e o desequil\u00edbrio f\u00edsico e emocional como caracter\u00edsticas frequentes entre as cuidadoras.<\/p>\n<p>A isso, \u00e9 poss\u00edvel somar a falta de perspectiva futura, o isolamento e a constante frustra\u00e7\u00e3o por lidar com\u00a0 enfermidades que, embora tenham tratamento, n\u00e3o t\u00eam cura.<\/p>\n<p>N\u00e3o \u00e9 por acaso que o Coletivo Filhas da M\u00e3e investe e apoia projetos direcionados \u00e0s pol\u00edticas p\u00fablicas de preven\u00e7\u00e3o e tratamento e\u00a0 em a\u00e7\u00f5es de cuidado e autocuidado entre cuidadoras familiares.\u00a0 Tamb\u00e9m desenvolvemos e apoiamos projetos que valorizem a cultura, a arte e o l\u00fadico, como espa\u00e7os de incentivo \u00e0 sa\u00fade mental.<\/p>\n<p>Apostamos na for\u00e7a dos grupos de apoio espalhados por todo o pa\u00eds. E lembramos \u00e0s cuidadoras,\u00a0 cuidadores e demais famililares que, mesmo virtualmente, o\u00a0 Coletivo\u00a0 Filhas da M\u00e3e segue presente.\u00a0 #junt@ssomosmaisfortes.<\/p>\n<p>Ps: Neste dia 15\/10, nossa gratid\u00e3o \u00e0s professoras e professores, uma categoria essencial, mas desvalorizada no Brasil.<\/p>\n","protected":false},"excerpt":{"rendered":"<p>Ana Castro &amp; Cosette Castro Bras\u00edlia &#8211; Na semana\u00a0 em\u00a0 que acontece o X Congresso Brasileiro de Alzheimer, em vers\u00e3o online,\u00a0 Ana Castro marcou a presen\u00e7a do Coletivo Filhas da M\u00e3e\u00a0com\u00a0 palestra\u00a0 sobre\u00a0 &#8220;Filhos Idosos Cuidando de Pais com Dem\u00eancia&#8221;. Trata-se de um tema importante, j\u00e1 que,\u00a0no Brasil,\u00a0 a popula\u00e7\u00e3o idosa vem crescendo rapidamente. Segundo o Instituto Brasileiro de Geografia [&hellip;]<\/p>\n","protected":false},"author":126,"featured_media":0,"comment_status":"open","ping_status":"open","sticky":false,"template":"","format":"standard","meta":{"footnotes":""},"categories":[117],"tags":[3,68,119,20,21,7,296],"class_list":["post-521","post","type-post","status-publish","format-standard","hentry","category-autocuidado","tag-autocuidado","tag-covid-19","tag-cuidado-e-autocuidado","tag-cuidadoras-familiares","tag-cuidadores-familiares","tag-demencias","tag-pesquisa-cuidadores-do-brasil"],"_links":{"self":[{"href":"https:\/\/blogs.correiobraziliense.com.br\/coletivo-filhas-da-mae\/wp-json\/wp\/v2\/posts\/521","targetHints":{"allow":["GET"]}}],"collection":[{"href":"https:\/\/blogs.correiobraziliense.com.br\/coletivo-filhas-da-mae\/wp-json\/wp\/v2\/posts"}],"about":[{"href":"https:\/\/blogs.correiobraziliense.com.br\/coletivo-filhas-da-mae\/wp-json\/wp\/v2\/types\/post"}],"author":[{"embeddable":true,"href":"https:\/\/blogs.correiobraziliense.com.br\/coletivo-filhas-da-mae\/wp-json\/wp\/v2\/users\/126"}],"replies":[{"embeddable":true,"href":"https:\/\/blogs.correiobraziliense.com.br\/coletivo-filhas-da-mae\/wp-json\/wp\/v2\/comments?post=521"}],"version-history":[{"count":5,"href":"https:\/\/blogs.correiobraziliense.com.br\/coletivo-filhas-da-mae\/wp-json\/wp\/v2\/posts\/521\/revisions"}],"predecessor-version":[{"id":526,"href":"https:\/\/blogs.correiobraziliense.com.br\/coletivo-filhas-da-mae\/wp-json\/wp\/v2\/posts\/521\/revisions\/526"}],"wp:attachment":[{"href":"https:\/\/blogs.correiobraziliense.com.br\/coletivo-filhas-da-mae\/wp-json\/wp\/v2\/media?parent=521"}],"wp:term":[{"taxonomy":"category","embeddable":true,"href":"https:\/\/blogs.correiobraziliense.com.br\/coletivo-filhas-da-mae\/wp-json\/wp\/v2\/categories?post=521"},{"taxonomy":"post_tag","embeddable":true,"href":"https:\/\/blogs.correiobraziliense.com.br\/coletivo-filhas-da-mae\/wp-json\/wp\/v2\/tags?post=521"}],"curies":[{"name":"wp","href":"https:\/\/api.w.org\/{rel}","templated":true}]}}