{"id":485,"date":"2021-10-01T07:10:21","date_gmt":"2021-10-01T10:10:21","guid":{"rendered":"https:\/\/blogs.correiobraziliense.com.br\/coletivo-filhas-da-mae\/?p=485"},"modified":"2021-10-01T07:15:41","modified_gmt":"2021-10-01T10:15:41","slug":"um-dia-houve-uma-artista-de-croche","status":"publish","type":"post","link":"https:\/\/blogs.correiobraziliense.com.br\/coletivo-filhas-da-mae\/2021\/10\/01\/um-dia-houve-uma-artista-de-croche\/","title":{"rendered":"Um Dia Houve Uma Artista de Croch\u00ea"},"content":{"rendered":"<p>Ana Castro, Cosette Castro &amp; Convidada<\/p>\n<p>Bras\u00edlia &#8211; No dia internacional do Idoso e da Idosa, data instituida pela Organiza\u00e7\u00e3o das Na\u00e7\u00f5es Unidas (ONU) desde 1990, n\u00f3s, do Coletivo Filhas da M\u00e3e,\u00a0 refor\u00e7amos a import\u00e2ncia do <a href=\"https:\/\/sbgg.org.br\/espaco-cuidador\/envelhecimento-ativo\/\">envelhecimento ativo<\/a>.<\/p>\n<p>N\u00e3o concordamos com a\u00a0 Classifica\u00e7\u00e3o Estat\u00edstica Internacional de\u00a0Doen\u00e7as\u00a0e Problemas Relacionados \u00e0 Sa\u00fade &#8211; CID 11, proposta da Organiza\u00e7\u00e3o Mundial da Sa\u00fade (OMS) que dever\u00e1 entrar em vigor no dia 02 de janeiro de 2022. A partir desta data, a CID 11 passa a considerar velhice como doen\u00e7a.<\/p>\n<p>Desde julho de 2021, o Coletivo Filhas da M\u00e3e se juntou \u00e0 campanha\u00a0<a href=\"https:\/\/www.portaldoenvelhecimento.com.br\/brasil-pressiona-opas-oms-para-revisao-do-termo-velhice-como-doenca\/\"> #velhicen\u00e3o\u00e9doen\u00e7a<\/a> solicitando que o termo velhice seja retirado do documento da OMS.<\/p>\n<p>Existe vida depois dos 60 anos.\u00a0E vida com qualidade, criatividade,\u00a0 sonhos, projetos,\u00a0 sa\u00fade e muita atividade.<\/p>\n<p>No Brasil vivem mais de\u00a0 34 milh\u00f5es de pessoas acima dos 60 anos\u00a0 respons\u00e1veis por 23% do consumo de bens e servi\u00e7os no pa\u00eds.\u00a0 Ainda assim,\u00a0 governo e meios de comunica\u00e7\u00e3o\u00a0\u00a0teimam em fazer de conta que este \u00e9 um pa\u00eds eternamente jovem.<\/p>\n<p>Ao contr\u00e1rio. Somos tamb\u00e9m o pa\u00eds que envelhece mais rapidamente no mundo. E\u00a0 somos um dos pa\u00edses\u00a0 mais fragilizados quanto ao cuidado e respeito ao\u00a0 envelhecimento.<\/p>\n<p>N\u00e3o contamos at\u00e9 o momento com pol\u00edticas nacionais de cuidado que\u00a0 se preocupem realmente com a preven\u00e7\u00e3o de doen\u00e7as e estimulem o envelhecimento ativo dos idosos e seus cuidadores, envolvendo estrategicamente toda a fam\u00edlia.<\/p>\n<p>Temos, sim, o Estatuto do Idoso, embora parte das pol\u00edticas p\u00fablicas neste setor\u00a0 ainda n\u00e3o tenham sido\u00a0 implementadas.<\/p>\n<p>Para comemorar os +60, o Coletivo Filhas da M\u00e3e\u00a0 est\u00e1 disponibilizando a s\u00e9tima edi\u00e7\u00e3o do <a href=\"https:\/\/livraria.camara.leg.br\/index.php?route=product\/product&amp;product_id=240\">Estatuto do Idoso<\/a>, publicado pela C\u00e2mara dos Deputados\u00a0 gratuitamente <em>online<\/em>.<\/p>\n<p>Esta edi\u00e7\u00e3o\u00a0 inclui a Lei do Atendimento Priorit\u00e1rio, a Pol\u00edtica Nacional do Idoso, a Lei Org\u00e2nica da Assist\u00eancia Social (Loas), o Benef\u00edcio de Presta\u00e7\u00e3o Continuada para o Idoso, a Conven\u00e7\u00e3o Interamericana sobre a Prote\u00e7\u00e3o dos Direitos Humanos dos Idosos (OEA, 2015), o Plano de A\u00e7\u00e3o Internacional sobe o Envelhecimento (Madrid, 2002) e os Princ\u00edpios das Na\u00e7\u00f5es Unidas para as Pessoas Idosas (ONU, 1991).<\/p>\n<p>J\u00e1 no <em>Projeto Fototerapia 2021 &#8211; Relatos da Mem\u00f3ria<\/em> desta sexta-feira, convidamos a funcion\u00e1ria p\u00fablica aposentada Milena Souto Maior Medeiros para nos falar sobre sua m\u00e3e, Maria Concionila Souto Maior Medeiros, de 93 anos.<\/p>\n<p>Milena Medeiros &#8211; &#8220;Hoje dei-me conta que minha m\u00e3e, at\u00e9 pouco tempo uma artista de croch\u00ea, j\u00e1 n\u00e3o consegue pregar um simples bot\u00e3o.<\/p>\n<p>Saltou-me \u00e0 alma a trama da vida e a complexidade de sentimentos causados pela perda e desorganiza\u00e7\u00e3o cognitiva di\u00e1ria decorrentes da dem\u00eancia senil de minha m\u00e3e.<\/p>\n<p><img loading=\"lazy\" decoding=\"async\" class=\"alignnone wp-image-489 aligncenter\" src=\"https:\/\/blogs.correiobraziliense.com.br\/coletivo-filhas-da-mae\/wp-content\/uploads\/sites\/60\/2021\/10\/mae-Milena-200x300.jpeg\" alt=\"\" width=\"268\" height=\"402\" srcset=\"https:\/\/blogs.correiobraziliense.com.br\/coletivo-filhas-da-mae\/wp-content\/uploads\/sites\/60\/2021\/10\/mae-Milena-200x300.jpeg 200w, https:\/\/blogs.correiobraziliense.com.br\/coletivo-filhas-da-mae\/wp-content\/uploads\/sites\/60\/2021\/10\/mae-Milena-768x1150.jpeg 768w, https:\/\/blogs.correiobraziliense.com.br\/coletivo-filhas-da-mae\/wp-content\/uploads\/sites\/60\/2021\/10\/mae-Milena-684x1024.jpeg 684w, https:\/\/blogs.correiobraziliense.com.br\/coletivo-filhas-da-mae\/wp-content\/uploads\/sites\/60\/2021\/10\/mae-Milena-800x1198.jpeg 800w, https:\/\/blogs.correiobraziliense.com.br\/coletivo-filhas-da-mae\/wp-content\/uploads\/sites\/60\/2021\/10\/mae-Milena-550x823.jpeg 550w, https:\/\/blogs.correiobraziliense.com.br\/coletivo-filhas-da-mae\/wp-content\/uploads\/sites\/60\/2021\/10\/mae-Milena-230x344.jpeg 230w, https:\/\/blogs.correiobraziliense.com.br\/coletivo-filhas-da-mae\/wp-content\/uploads\/sites\/60\/2021\/10\/mae-Milena.jpeg 855w\" sizes=\"auto, (max-width: 268px) 100vw, 268px\" \/><\/p>\n<p style=\"text-align: center\">\u00daltima vez que minha m\u00e3e se arrumou para sair com as amigas antes da pandemia<\/p>\n<p>Foi um choque! Mas serviu de alerta para aprender a viver um dia de cada vez, sem me ater ao que ficou para tr\u00e1s, uma hist\u00f3ria lindamente escrita. E para estimular com intensidade, dedica\u00e7\u00e3o e muito mais amor o que ainda transborda de sua mente&#8221;.<\/p>\n<p>Estamos terminando o Projeto Fototerapia 2021, Relatos da <em>Mem\u00f3ria,<\/em> relativos ao Setembro Roxo, m\u00eas mundial de conscientiza\u00e7\u00e3o sobre o Alzheimer, mas at\u00e9 o final do ano estaremos publicando outros relatos que recebemos neste per\u00edodo. Agradecemos a todas as pessoas que contribu\u00edram compartilhando suas hist\u00f3rias.<\/p>\n<p>#alzheimerquebreosil\u00eancio\u00a0 \u00a0 \u00a0#alzheimerfalardiminuiador<\/p>\n<p>Em Tempo: Somos idosas, sim! Com muito orgulho.<\/p>\n","protected":false},"excerpt":{"rendered":"<p>Ana Castro, Cosette Castro &amp; Convidada Bras\u00edlia &#8211; No dia internacional do Idoso e da Idosa, data instituida pela Organiza\u00e7\u00e3o das Na\u00e7\u00f5es Unidas (ONU) desde 1990, n\u00f3s, do Coletivo Filhas da M\u00e3e,\u00a0 refor\u00e7amos a import\u00e2ncia do envelhecimento ativo. N\u00e3o concordamos com a\u00a0 Classifica\u00e7\u00e3o Estat\u00edstica Internacional de\u00a0Doen\u00e7as\u00a0e Problemas Relacionados \u00e0 Sa\u00fade &#8211; CID 11, proposta da Organiza\u00e7\u00e3o Mundial da Sa\u00fade (OMS) [&hellip;]<\/p>\n","protected":false},"author":126,"featured_media":0,"comment_status":"open","ping_status":"open","sticky":false,"template":"","format":"standard","meta":{"footnotes":""},"categories":[18],"tags":[8,290,118,20,289,5,288,274,152,256,286,287,263],"class_list":["post-485","post","type-post","status-publish","format-standard","hentry","category-alzheimer","tag-alzheimer","tag-alzheimer-quebre-o-silencio","tag-coletivo-filhas-da-mae","tag-cuidadoras-familiares","tag-dia-internacional-do-idoso","tag-envelhecimento","tag-estatuto-do-idoso","tag-falar-diminui-a-dor","tag-idosos","tag-mes-mundial-de-conscientizacao-do-alzheimer","tag-milena-souto-maior-medeiros","tag-onu","tag-setembro-roxo"],"_links":{"self":[{"href":"https:\/\/blogs.correiobraziliense.com.br\/coletivo-filhas-da-mae\/wp-json\/wp\/v2\/posts\/485","targetHints":{"allow":["GET"]}}],"collection":[{"href":"https:\/\/blogs.correiobraziliense.com.br\/coletivo-filhas-da-mae\/wp-json\/wp\/v2\/posts"}],"about":[{"href":"https:\/\/blogs.correiobraziliense.com.br\/coletivo-filhas-da-mae\/wp-json\/wp\/v2\/types\/post"}],"author":[{"embeddable":true,"href":"https:\/\/blogs.correiobraziliense.com.br\/coletivo-filhas-da-mae\/wp-json\/wp\/v2\/users\/126"}],"replies":[{"embeddable":true,"href":"https:\/\/blogs.correiobraziliense.com.br\/coletivo-filhas-da-mae\/wp-json\/wp\/v2\/comments?post=485"}],"version-history":[{"count":9,"href":"https:\/\/blogs.correiobraziliense.com.br\/coletivo-filhas-da-mae\/wp-json\/wp\/v2\/posts\/485\/revisions"}],"predecessor-version":[{"id":495,"href":"https:\/\/blogs.correiobraziliense.com.br\/coletivo-filhas-da-mae\/wp-json\/wp\/v2\/posts\/485\/revisions\/495"}],"wp:attachment":[{"href":"https:\/\/blogs.correiobraziliense.com.br\/coletivo-filhas-da-mae\/wp-json\/wp\/v2\/media?parent=485"}],"wp:term":[{"taxonomy":"category","embeddable":true,"href":"https:\/\/blogs.correiobraziliense.com.br\/coletivo-filhas-da-mae\/wp-json\/wp\/v2\/categories?post=485"},{"taxonomy":"post_tag","embeddable":true,"href":"https:\/\/blogs.correiobraziliense.com.br\/coletivo-filhas-da-mae\/wp-json\/wp\/v2\/tags?post=485"}],"curies":[{"name":"wp","href":"https:\/\/api.w.org\/{rel}","templated":true}]}}