{"id":454,"date":"2021-09-24T07:18:25","date_gmt":"2021-09-24T10:18:25","guid":{"rendered":"https:\/\/blogs.correiobraziliense.com.br\/coletivo-filhas-da-mae\/?p=454"},"modified":"2021-09-24T08:33:22","modified_gmt":"2021-09-24T11:33:22","slug":"no-setembro-roxo-sabado-e-dia-de-sarau-virtual","status":"publish","type":"post","link":"https:\/\/blogs.correiobraziliense.com.br\/coletivo-filhas-da-mae\/2021\/09\/24\/no-setembro-roxo-sabado-e-dia-de-sarau-virtual\/","title":{"rendered":"No Setembro Roxo, S\u00e1bado \u00c9 Dia de Sarau Virtual"},"content":{"rendered":"<p>Ana Castro &amp;\u00a0 Cosette Castro<\/p>\n<p>Bras\u00edlia\u00a0 &#8211;\u00a0 Esta foi uma semana intensa. Na ter\u00e7a-feira, 21\/09, ocorreu o dia mundial de conscientiza\u00e7\u00e3o sobre Alzheimer e no\u00a0 Brasil proliferaram<em> lives<\/em> e debates <em>online<\/em> com diferentes abordagens sobre o tema.<\/p>\n<p>Entre outras atividades,\u00a0 foi lan\u00e7ado\u00a0<a href=\"https:\/\/www.youtube.com\/watch?v=B3wHZUjPfgI\">v\u00eddeo da<\/a>\u00a0Federa\u00e7\u00e3o Brasileira das Associa\u00e7\u00f5es de Alzheimer (<a href=\"https:\/\/www.facebook.com\/febraz.br\/\">FEBRAZ<\/a>), houve\u00a0<a href=\"https:\/\/alzheimerminhamaet.wixsite.com\/anas\/e-book\">\u00a0lan\u00e7amento de e-book<\/a>\u00a0organizado por Ana\u00a0 Heloisa Arnaut e parceiros e\u00a0 sorteio de livros j\u00e1 editados, como os de <a href=\"https:\/\/www.facebook.com\/groups\/181285675769255\">M\u00edriam Morata<\/a>.<\/p>\n<p>Houve tamb\u00e9m o pronunciamento da m\u00e9dica e deputada distrital <a href=\"https:\/\/www.facebook.com\/filhasdamaecoletivo\/videos\/210164987749032\">Arlete Sampaio<\/a><a href=\"https:\/\/www.cl.df.gov.br\/arlete-sampaio1\">,<\/a> presidente da Comiss\u00e3o de Sa\u00fade da C\u00e2mara Legislativa &#8211; DF.<\/p>\n<p>O pronunciamento incluiu pedido sobre a queda dos vetos \u00e0<a href=\"https:\/\/blogs.correiobraziliense.com.br\/coletivo-filhas-da-mae\/2021\/08\/06\/368-lei-do-alzheimer-chega-com-vetos\/\"> Lei 6926\/2021<\/a>, que trata de Alzheimer e outras dem\u00eancias e o an\u00fancio da pesquisa sobre idosos com dem\u00eancias e cuidadores no Distrito Federal pela <a href=\"https:\/\/www.codeplan.df.gov.br\/\">Codeplan.<\/a> A\u00a0 pesquisa foi proposta pelo Coletivo Filhas da M\u00e3e em parceria com o F\u00f3rum dos Direitos da Pessoa Idosa\/DF, tendo recebido apoio da Deputada.<\/p>\n<p>O autor da Lei 6926\/2021, deputado distrital\u00a0 Jos\u00e9 Gomes, tamb\u00e9m se manifestou no Instagram sobre o dia mundial e sobre a lei distrital.<\/p>\n<p>N\u00f3s,\u00a0 do Coletivo Filhas da M\u00e3e,\u00a0 nesta semana espec\u00edfica, al\u00e9m dos Projetos <em>Hist\u00f3rias da Mem\u00f3ria<\/em> e <em>Fototerapia 2021,\u00a0 Relatos da Mem\u00f3ria<\/em> publicados no Blog nas segundas e sextas-feiras de setembro, organizamos duas atividades.<\/p>\n<p>A primeira foi a\u00a0<a href=\"https:\/\/www.facebook.com\/watch\/?v=446751810015132\">campanha visual<\/a>\u00a0 <em>Alzheimer, Quebre o Sil\u00eancio,<\/em>\u00a0 alertando para a necessidade de falar sobre o Alzheimer, com arte elaborada pela apoiadora Fernanda S\u00e1. E o an\u00fancio do V Sarau Virtual de M\u00fasica, Poesia, Informa\u00e7\u00e3o e Afeto, criado pelo participante do Coletivo,\u00a0 Vitor Borisow.<\/p>\n<p>O V Sarau Virtual vai acontecer neste s\u00e1bado, 25 de setembro, a partir das 16h30, no <a href=\"https:\/\/www.youtube.com\/c\/FilhasdaM%C3%A3eColetivo\">canal do You Tube\u00a0 Filhas da M\u00e3e<\/a>, em parceria com a Associa\u00e7\u00e3o Brasileira de Alzheimer &#8211; regional DF.<\/p>\n<p><img loading=\"lazy\" decoding=\"async\" class=\" wp-image-461 aligncenter\" src=\"https:\/\/blogs.correiobraziliense.com.br\/coletivo-filhas-da-mae\/wp-content\/uploads\/sites\/60\/2021\/09\/foto-V-Sarau-horizontal-300x169.jpeg\" alt=\"\" width=\"355\" height=\"200\" srcset=\"https:\/\/blogs.correiobraziliense.com.br\/coletivo-filhas-da-mae\/wp-content\/uploads\/sites\/60\/2021\/09\/foto-V-Sarau-horizontal-300x169.jpeg 300w, https:\/\/blogs.correiobraziliense.com.br\/coletivo-filhas-da-mae\/wp-content\/uploads\/sites\/60\/2021\/09\/foto-V-Sarau-horizontal-768x431.jpeg 768w, https:\/\/blogs.correiobraziliense.com.br\/coletivo-filhas-da-mae\/wp-content\/uploads\/sites\/60\/2021\/09\/foto-V-Sarau-horizontal-1024x575.jpeg 1024w, https:\/\/blogs.correiobraziliense.com.br\/coletivo-filhas-da-mae\/wp-content\/uploads\/sites\/60\/2021\/09\/foto-V-Sarau-horizontal-800x449.jpeg 800w, https:\/\/blogs.correiobraziliense.com.br\/coletivo-filhas-da-mae\/wp-content\/uploads\/sites\/60\/2021\/09\/foto-V-Sarau-horizontal-550x309.jpeg 550w, https:\/\/blogs.correiobraziliense.com.br\/coletivo-filhas-da-mae\/wp-content\/uploads\/sites\/60\/2021\/09\/foto-V-Sarau-horizontal-230x129.jpeg 230w, https:\/\/blogs.correiobraziliense.com.br\/coletivo-filhas-da-mae\/wp-content\/uploads\/sites\/60\/2021\/09\/foto-V-Sarau-horizontal.jpeg 1280w\" sizes=\"auto, (max-width: 355px) 100vw, 355px\" \/><\/p>\n<p>&nbsp;<\/p>\n<p>No Projeto<em> Fototerapia 2021 &#8211; Relatos da Mem\u00f3ria<\/em>\u00a0 desta sexta-feira nossa convidada \u00e9 a cuidadora familiar Toshiko\u00a0 Araki,\u00a0 que mora em Bras\u00edlia e conta sobre a rela\u00e7\u00e3o da sua m\u00e3e, Yaeko Watanabe Maeda, de 83 anos, com as fotos.<\/p>\n<p><img loading=\"lazy\" decoding=\"async\" class=\" wp-image-462 aligncenter\" src=\"https:\/\/blogs.correiobraziliense.com.br\/coletivo-filhas-da-mae\/wp-content\/uploads\/sites\/60\/2021\/09\/m\u00e3e-Toshiko-300x142.jpeg\" alt=\"\" width=\"374\" height=\"177\" srcset=\"https:\/\/blogs.correiobraziliense.com.br\/coletivo-filhas-da-mae\/wp-content\/uploads\/sites\/60\/2021\/09\/m\u00e3e-Toshiko-300x142.jpeg 300w, https:\/\/blogs.correiobraziliense.com.br\/coletivo-filhas-da-mae\/wp-content\/uploads\/sites\/60\/2021\/09\/m\u00e3e-Toshiko-768x363.jpeg 768w, https:\/\/blogs.correiobraziliense.com.br\/coletivo-filhas-da-mae\/wp-content\/uploads\/sites\/60\/2021\/09\/m\u00e3e-Toshiko-1024x484.jpeg 1024w, https:\/\/blogs.correiobraziliense.com.br\/coletivo-filhas-da-mae\/wp-content\/uploads\/sites\/60\/2021\/09\/m\u00e3e-Toshiko-1440x681.jpeg 1440w, https:\/\/blogs.correiobraziliense.com.br\/coletivo-filhas-da-mae\/wp-content\/uploads\/sites\/60\/2021\/09\/m\u00e3e-Toshiko-800x379.jpeg 800w, https:\/\/blogs.correiobraziliense.com.br\/coletivo-filhas-da-mae\/wp-content\/uploads\/sites\/60\/2021\/09\/m\u00e3e-Toshiko-550x260.jpeg 550w, https:\/\/blogs.correiobraziliense.com.br\/coletivo-filhas-da-mae\/wp-content\/uploads\/sites\/60\/2021\/09\/m\u00e3e-Toshiko-230x109.jpeg 230w, https:\/\/blogs.correiobraziliense.com.br\/coletivo-filhas-da-mae\/wp-content\/uploads\/sites\/60\/2021\/09\/m\u00e3e-Toshiko.jpeg 1600w\" sizes=\"auto, (max-width: 374px) 100vw, 374px\" \/><\/p>\n<p style=\"text-align: center\">Foto cedida por Toshiko Araki<\/p>\n<p>Toshiko Araki &#8211; &#8221; Minha m\u00e3e adora fotografia. Seguindo orienta\u00e7\u00e3o da geriatra,\u00a0 usamos as fotos para ativar as\u00a0 lembran\u00e7as e boas mem\u00f3rias da minha m\u00e3e. Escolhi fotos que\u00a0 remetiam a momentos de muita alegria\u00a0 e passei a deix\u00e1-las no quarto dela, na parede e\u00a0 em porta-retratos. Assim, nos momentos de agita\u00e7\u00e3o ela passou a ser seduzida por essas imagens.<\/p>\n<p>Minha m\u00e3e adora a sua <a href=\"https:\/\/drive.google.com\/file\/d\/1HbmNqbaP_k_tnD1YS4nXjlDzCL7a67sq\/view?usp=sharing\">foto de formatura<\/a>.\u00a0Todo dia ela acorda e anda pela casa com esse porta-retrato, sorrindo, feliz. Vamos fazer um poster para que ela possa ver a foto em tamanho grande todos os dias&#8221;.<\/p>\n<p>#Setembroroxo #Alzheimerquebreosil\u00eancio #Alzheimerfalardiminuiador<\/p>\n","protected":false},"excerpt":{"rendered":"<p>Ana Castro &amp;\u00a0 Cosette Castro Bras\u00edlia\u00a0 &#8211;\u00a0 Esta foi uma semana intensa. Na ter\u00e7a-feira, 21\/09, ocorreu o dia mundial de conscientiza\u00e7\u00e3o sobre Alzheimer e no\u00a0 Brasil proliferaram lives e debates online com diferentes abordagens sobre o tema. Entre outras atividades,\u00a0 foi lan\u00e7ado\u00a0v\u00eddeo da\u00a0Federa\u00e7\u00e3o Brasileira das Associa\u00e7\u00f5es de Alzheimer (FEBRAZ), houve\u00a0\u00a0lan\u00e7amento de e-book\u00a0organizado por Ana\u00a0 Heloisa Arnaut e parceiros e\u00a0 sorteio [&hellip;]<\/p>\n","protected":false},"author":126,"featured_media":0,"comment_status":"open","ping_status":"open","sticky":false,"template":"","format":"standard","meta":{"footnotes":""},"categories":[18],"tags":[57,205,8,191,2,20,21,7,180,285,170,225,256,190,264,127,263,284],"class_list":["post-454","post","type-post","status-publish","format-standard","hentry","category-alzheimer","tag-abraz","tag-abraz-df","tag-alzheimer","tag-ana-heloisa-arnaut","tag-cuidado","tag-cuidadoras-familiares","tag-cuidadores-familiares","tag-demencias","tag-deputada-arlete-sampaio","tag-febraz","tag-forum-distrital-de-defesa-dos-idosos","tag-lei-6926-2021","tag-mes-mundial-de-conscientizacao-do-alzheimer","tag-miriam-morata","tag-quebre-o-silencio","tag-sarau-virtual","tag-setembro-roxo","tag-v-sarau-virtual-do-coletivo-filhas-da-mae"],"_links":{"self":[{"href":"https:\/\/blogs.correiobraziliense.com.br\/coletivo-filhas-da-mae\/wp-json\/wp\/v2\/posts\/454","targetHints":{"allow":["GET"]}}],"collection":[{"href":"https:\/\/blogs.correiobraziliense.com.br\/coletivo-filhas-da-mae\/wp-json\/wp\/v2\/posts"}],"about":[{"href":"https:\/\/blogs.correiobraziliense.com.br\/coletivo-filhas-da-mae\/wp-json\/wp\/v2\/types\/post"}],"author":[{"embeddable":true,"href":"https:\/\/blogs.correiobraziliense.com.br\/coletivo-filhas-da-mae\/wp-json\/wp\/v2\/users\/126"}],"replies":[{"embeddable":true,"href":"https:\/\/blogs.correiobraziliense.com.br\/coletivo-filhas-da-mae\/wp-json\/wp\/v2\/comments?post=454"}],"version-history":[{"count":7,"href":"https:\/\/blogs.correiobraziliense.com.br\/coletivo-filhas-da-mae\/wp-json\/wp\/v2\/posts\/454\/revisions"}],"predecessor-version":[{"id":472,"href":"https:\/\/blogs.correiobraziliense.com.br\/coletivo-filhas-da-mae\/wp-json\/wp\/v2\/posts\/454\/revisions\/472"}],"wp:attachment":[{"href":"https:\/\/blogs.correiobraziliense.com.br\/coletivo-filhas-da-mae\/wp-json\/wp\/v2\/media?parent=454"}],"wp:term":[{"taxonomy":"category","embeddable":true,"href":"https:\/\/blogs.correiobraziliense.com.br\/coletivo-filhas-da-mae\/wp-json\/wp\/v2\/categories?post=454"},{"taxonomy":"post_tag","embeddable":true,"href":"https:\/\/blogs.correiobraziliense.com.br\/coletivo-filhas-da-mae\/wp-json\/wp\/v2\/tags?post=454"}],"curies":[{"name":"wp","href":"https:\/\/api.w.org\/{rel}","templated":true}]}}