{"id":447,"date":"2021-09-20T07:00:44","date_gmt":"2021-09-20T10:00:44","guid":{"rendered":"https:\/\/blogs.correiobraziliense.com.br\/coletivo-filhas-da-mae\/?p=447"},"modified":"2021-09-24T07:58:18","modified_gmt":"2021-09-24T10:58:18","slug":"447-a-ultima-viagem-juntas","status":"publish","type":"post","link":"https:\/\/blogs.correiobraziliense.com.br\/coletivo-filhas-da-mae\/2021\/09\/20\/447-a-ultima-viagem-juntas\/","title":{"rendered":"A \u00daltima Viagem Juntas"},"content":{"rendered":"<p>Ana Castro &amp; Cosette Castro<\/p>\n<p>Bras\u00edlia &#8211; No domingo, dia 19, o mundo comemorou os 100 anos do nascimento de Paulo Freire, patrono da educa\u00e7\u00e3o brasileira.<\/p>\n<p>E o Brasil n\u00e3o ficou para tr\u00e1s. Nas <a href=\"https:\/\/g1.globo.com\/pe\/pernambuco\/noticia\/2021\/09\/19\/centenario-de-paulo-freire-e-celebrado-com-homenagens-no-recife.ghtml\">ruas<\/a>, nas <a href=\"https:\/\/www.correio24horas.com.br\/noticia\/nid\/no-centenario-de-paulo-freire-universidade-columbia-anuncia-eventos\/\">universidades<\/a>, nos <a href=\"https:\/\/youtu.be\/tG_pVkhzr1c\">canais de televis\u00e3o<\/a> e\u00a0 outras <a href=\"https:\/\/www.correio24horas.com.br\/noticia\/nid\/google-homenageia-paulo-freire-com-doodle-sobre-centenario-do-educador\/\">m\u00eddias<\/a>,\u00a0 em plataformas como o <a href=\"https:\/\/g.co\/doodle\/m3pzhaq\">Google<\/a>,\u00a0 em diferentes<a href=\"https:\/\/sesctv.org.br\/programas-e-series\/paulo-freire\/\"> institui\u00e7\u00f5es sociais,<\/a>\u00a0atrav\u00e9s de<em><a href=\"https:\/\/www.youtube.com\/watch?v=3BGEruxXyoM\"> lives\u00a0<\/a><\/em>\u00a0 e <a href=\"https:\/\/armarialoja.com\/products\/camiseta-paulo-freire\">camisetas\u00a0<\/a>a popula\u00e7\u00e3o homenageou um dos principais pensadores do s\u00e9culo XX, cuja\u00a0 obra \u00e9 considerada patrim\u00f4nio da humanidade pela Unesco.<\/p>\n<p>Em uma das comemora\u00e7\u00f5es do centen\u00e1rio de Paulo Freire,\u00a0 quem ganha\u00a0 presente s\u00e3o os leitores: <a href=\"https:\/\/cpers.com.br\/paulo-freire-17-livros-para-baixar-em-pdf\/\">17 livros<\/a> do pensador pernambucano gratuitos para <em>download<\/em>.<\/p>\n<p>Enquanto isso, esta semana seguimos com o\u00a0 Projeto<em> Hist\u00f3rias da Mem\u00f3ria<\/em>. Desta vez quem escreve \u00e9\u00a0 Cosette Castro, contando a \u00faltima experi\u00eancia de viagem com sua m\u00e3e, Carmem, tamb\u00e9m chamada de Carmencita.<\/p>\n<p>Cosette Castro &#8211; &#8220;Em dezembro de 2017 cheguei mais cedo ao Rio Grande do Sul para passar uns dias com minha m\u00e3e, que estava entrando na fase intermedi\u00e1ria do Alzheimer.<\/p>\n<p>Combinei com ela de viajarmos \u00a0s\u00f3 n\u00f3s duas\u00a0 pela Serra ga\u00facha e ficar uns dias em Nova Petr\u00f3polis, onde mora um casal de amigos, cuja amizade dura mais\u00a0 de 30 anos.<\/p>\n<p>Aluguei um carro e l\u00e1 fomos n\u00f3s. M\u00e3e e filha, naquela que seria nossa \u00faltima viagem a passeio juntas. Fomos subindo a serra devagar, parando, olhando a paisagem. Almo\u00e7amos no templo budista de Tr\u00eas Irm\u00e3os, com minha m\u00e3e alternando momentos de bom e mau humor.<\/p>\n<p>Em Nova Petr\u00f3polis havia reservado uma linda cabana em um local quase fora da cidade, com piscina, muito verde, comida saud\u00e1vel e uma pequena biblioteca para os h\u00f3spedes aficionados por livros.<\/p>\n<p>At\u00e9 aquele momento eu ainda n\u00e3o tinha no\u00e7\u00e3o do impacto das mudan\u00e7as \u2013 ainda que tempor\u00e1rias e por uma boa causa &#8211; \u00a0na vida de pacientes com dem\u00eancias.<\/p>\n<p>Ao n\u00e3o reconhecer sua casa, trocada por um local estranho, e\u00a0 ter alterada a rotinha di\u00e1ria, Carmencita \u00a0regrediu instantaneamente. Ela se perdia na pequena cabana de sala\/cozinha, quarto e banheiro. Perguntava v\u00e1rias vezes ao dia onde era o banheiro. E todas as manh\u00e3s perguntava onde n\u00f3s est\u00e1vamos.<\/p>\n<p>O caf\u00e9 da manh\u00e3,\u00a0 que ficava a 30 metros de dist\u00e2ncia, tamb\u00e9m era um local desconhecido para minha m\u00e3e. E ela, que adorava viajar, passear, entrar em lojas, descobrir restaurantes, estava com medo, arredia e perdida.<\/p>\n<p>Apesar de ser um passeio lindo e de estar perto de amigos, sentia minha m\u00e3e cada vez mais distante. Decidi reduzir os dias de viagem e voltamos para sua casa em Porto Alegre.<\/p>\n<p>Depois das festas de Natal e Ano Novo, pr\u00f3ximo da data de voltar a Bras\u00edlia, \u00a0est\u00e1vamos caminhando pelo bairro e lembrei a ela que eu\u00a0 tinha de voltar pra casa.<\/p>\n<p>Pela primeira vez, minha m\u00e3e me disse que queria ir junto comigo.<\/p>\n<p>Era o momento que eu esperava. Organizei tudo, inclusive a sele\u00e7\u00e3o de cuidadoras, voltei para Porto Alegre, e trouxe minha m\u00e3e para Bras\u00edlia.<\/p>\n<p>Ela j\u00e1 tinha entrado na segunda fase do Alzheimer e nunca pediu pra voltar para o Sul. Carmencita faleceu em janeiro de 2021 j\u00e1 na fase avan\u00e7ada da doen\u00e7a&#8221;.<\/p>\n<p>Nesta ter\u00e7a-feira, 21 de setembro, \u00e9\u00a0 o dia mundial do Alzheimer. Acompanhe\u00a0 e multiplique a agenda de atividades nacionais e regionais sobre a doen\u00e7a.\u00a0Ajude a quebrar o sil\u00eancio.<\/p>\n<p>Em tempo: O\u00a0<a href=\"https:\/\/www.correiobraziliense.com.br\/revista-do-correio\/2021\/09\/4950104-por-tras-do-alzheimer-diagnostico-nao-deve-ser-visto-como-o-fim-de-tudo.html\">Correio Braziliense<\/a>, parceiro do Coletivo Filhas da M\u00e3e,\u00a0 neste domingo contribuiu com informa\u00e7\u00f5es importantes sobre a doen\u00e7a.<\/p>\n<p>#setembroroxo\u00a0 \u00a0#alzheimerfalaraliviaador #alzheimerquebreosilencio<\/p>\n<p>&nbsp;<\/p>\n","protected":false},"excerpt":{"rendered":"<p>Ana Castro &amp; Cosette Castro Bras\u00edlia &#8211; No domingo, dia 19, o mundo comemorou os 100 anos do nascimento de Paulo Freire, patrono da educa\u00e7\u00e3o brasileira. E o Brasil n\u00e3o ficou para tr\u00e1s. Nas ruas, nas universidades, nos canais de televis\u00e3o e\u00a0 outras m\u00eddias,\u00a0 em plataformas como o Google,\u00a0 em diferentes institui\u00e7\u00f5es sociais,\u00a0atrav\u00e9s de lives\u00a0\u00a0 e camisetas\u00a0a popula\u00e7\u00e3o homenageou um [&hellip;]<\/p>\n","protected":false},"author":126,"featured_media":0,"comment_status":"open","ping_status":"open","sticky":false,"template":"","format":"standard","meta":{"footnotes":""},"categories":[18],"tags":[8,281,118,282,279,256,280,283,264,263],"class_list":["post-447","post","type-post","status-publish","format-standard","hentry","category-alzheimer","tag-alzheimer","tag-centenario-paulo-freire","tag-coletivo-filhas-da-mae","tag-correio-braziliense","tag-falar-alivia-a-dor","tag-mes-mundial-de-conscientizacao-do-alzheimer","tag-paulo-freire","tag-projeto-historias-da-memoria","tag-quebre-o-silencio","tag-setembro-roxo"],"_links":{"self":[{"href":"https:\/\/blogs.correiobraziliense.com.br\/coletivo-filhas-da-mae\/wp-json\/wp\/v2\/posts\/447","targetHints":{"allow":["GET"]}}],"collection":[{"href":"https:\/\/blogs.correiobraziliense.com.br\/coletivo-filhas-da-mae\/wp-json\/wp\/v2\/posts"}],"about":[{"href":"https:\/\/blogs.correiobraziliense.com.br\/coletivo-filhas-da-mae\/wp-json\/wp\/v2\/types\/post"}],"author":[{"embeddable":true,"href":"https:\/\/blogs.correiobraziliense.com.br\/coletivo-filhas-da-mae\/wp-json\/wp\/v2\/users\/126"}],"replies":[{"embeddable":true,"href":"https:\/\/blogs.correiobraziliense.com.br\/coletivo-filhas-da-mae\/wp-json\/wp\/v2\/comments?post=447"}],"version-history":[{"count":7,"href":"https:\/\/blogs.correiobraziliense.com.br\/coletivo-filhas-da-mae\/wp-json\/wp\/v2\/posts\/447\/revisions"}],"predecessor-version":[{"id":466,"href":"https:\/\/blogs.correiobraziliense.com.br\/coletivo-filhas-da-mae\/wp-json\/wp\/v2\/posts\/447\/revisions\/466"}],"wp:attachment":[{"href":"https:\/\/blogs.correiobraziliense.com.br\/coletivo-filhas-da-mae\/wp-json\/wp\/v2\/media?parent=447"}],"wp:term":[{"taxonomy":"category","embeddable":true,"href":"https:\/\/blogs.correiobraziliense.com.br\/coletivo-filhas-da-mae\/wp-json\/wp\/v2\/categories?post=447"},{"taxonomy":"post_tag","embeddable":true,"href":"https:\/\/blogs.correiobraziliense.com.br\/coletivo-filhas-da-mae\/wp-json\/wp\/v2\/tags?post=447"}],"curies":[{"name":"wp","href":"https:\/\/api.w.org\/{rel}","templated":true}]}}