{"id":441,"date":"2021-09-17T09:49:24","date_gmt":"2021-09-17T12:49:24","guid":{"rendered":"https:\/\/blogs.correiobraziliense.com.br\/coletivo-filhas-da-mae\/?p=441"},"modified":"2021-09-24T08:01:57","modified_gmt":"2021-09-24T11:01:57","slug":"tcc-mostra-fototerapia-na-pratica441","status":"publish","type":"post","link":"https:\/\/blogs.correiobraziliense.com.br\/coletivo-filhas-da-mae\/2021\/09\/17\/tcc-mostra-fototerapia-na-pratica441\/","title":{"rendered":"TCC Mostra Fototerapia na Pr\u00e1tica"},"content":{"rendered":"<p>Ana Castro &amp; Cosette Castro<\/p>\n<p>Bras\u00edlia &#8211; Dedicamos o m\u00eas de setembro ao setembro roxo, de conscientiza\u00e7\u00e3o da doen\u00e7a de Alzheimer, tamb\u00e9m conhecida como DA. Nesse sentido, o Coletivo Filhas da M\u00e3e lan\u00e7ou diferentes projetos de informa\u00e7\u00e3o que abrangem o Alzheimer e das demais doen\u00e7as do grupo das dem\u00eancias.<\/p>\n<p>Nas sextas-feiras publicamos o Projeto <em>Fototerapia 2021, Relatos da Mem\u00f3ria<\/em>, com fotos legenda que mostram a rela\u00e7\u00e3o entre pessoas com Alzheimer e a fotografia.<\/p>\n<p>Nas segundas-feiras de setembro publicamos o Projeto <em>Hist\u00f3rias da Mem\u00f3ria<\/em>, onde cuidadoras ou ex-cuidadoras, contam hist\u00f3rias ( mais longas) que marcaram sua vida.<\/p>\n<div dir=\"auto\">A participa\u00e7\u00e3o desta sexta\u00a0 no Projeto\u00a0 Fototerapia 2021 \u00e9 de\u00a0 Maria de Jesus R. Santos. Residente em Bras\u00edlia,\u00a0 ela foi\u00a0 diagnosticada com Alzheimer em 2011.<\/div>\n<div dir=\"auto\"><\/div>\n<div dir=\"auto\"><\/div>\n<div dir=\"auto\" style=\"text-align: center\"><img loading=\"lazy\" decoding=\"async\" class=\" wp-image-442 aligncenter\" src=\"https:\/\/blogs.correiobraziliense.com.br\/coletivo-filhas-da-mae\/wp-content\/uploads\/sites\/60\/2021\/09\/Maria-de-Jesus-300x170.jpg\" alt=\"\" width=\"369\" height=\"209\" srcset=\"https:\/\/blogs.correiobraziliense.com.br\/coletivo-filhas-da-mae\/wp-content\/uploads\/sites\/60\/2021\/09\/Maria-de-Jesus-300x170.jpg 300w, https:\/\/blogs.correiobraziliense.com.br\/coletivo-filhas-da-mae\/wp-content\/uploads\/sites\/60\/2021\/09\/Maria-de-Jesus-768x435.jpg 768w, https:\/\/blogs.correiobraziliense.com.br\/coletivo-filhas-da-mae\/wp-content\/uploads\/sites\/60\/2021\/09\/Maria-de-Jesus-1024x580.jpg 1024w, https:\/\/blogs.correiobraziliense.com.br\/coletivo-filhas-da-mae\/wp-content\/uploads\/sites\/60\/2021\/09\/Maria-de-Jesus-800x453.jpg 800w, https:\/\/blogs.correiobraziliense.com.br\/coletivo-filhas-da-mae\/wp-content\/uploads\/sites\/60\/2021\/09\/Maria-de-Jesus-550x311.jpg 550w, https:\/\/blogs.correiobraziliense.com.br\/coletivo-filhas-da-mae\/wp-content\/uploads\/sites\/60\/2021\/09\/Maria-de-Jesus-230x130.jpg 230w, https:\/\/blogs.correiobraziliense.com.br\/coletivo-filhas-da-mae\/wp-content\/uploads\/sites\/60\/2021\/09\/Maria-de-Jesus.jpg 1256w\" sizes=\"auto, (max-width: 369px) 100vw, 369px\" \/><\/div>\n<div dir=\"auto\"><\/div>\n<div dir=\"auto\" style=\"text-align: center\">foto cedida por Lu\u00edsa Lemos<\/div>\n<div dir=\"auto\"><\/div>\n<div dir=\"auto\">Sua neta, Lu\u00edsa Santos Lemos,\u00a0 decidiu fazer\u00a0 o Trabalho de Conclus\u00e3o de Curso (TCC ) na \u00e1rea de fotografia tendo com Maria de Jesus como modelo.<\/div>\n<div dir=\"auto\"><\/div>\n<div dir=\"auto\">O tema do TCC foi &#8221; Mem\u00f3ria e Fotografia &#8211; metalinguagem&#8221;.\u00a0O projeto \u00e9 composto de fotos e frases que sua av\u00f3 dizia repetidamente durante o dia, como: \u201cj\u00e1 estou pronta pra ir pra casa\u201d &#8211; sendo que j\u00e1 estava em casa.<\/div>\n<div dir=\"auto\"><\/div>\n<div dir=\"auto\">As fotos de Lu\u00edsa s\u00e3o mais do que um trabalho de conclus\u00e3o de curso. Elas ajudam a preservar a mem\u00f3ria, mostram seu amor e respeito pela av\u00f3 e, atrav\u00e9s de\u00a0 Maria de Jesus, homenageia todas as mulheres da fam\u00edlia.<\/div>\n<div dir=\"auto\"><\/div>\n<div dir=\"auto\">Para al\u00e9m do setembro roxo, neste m\u00eas h\u00e1 iniciativas que merecem destaque na \u00e1rea da sa\u00fade. Uma delas vem do consulado da China no Rio de Janeiro.<\/div>\n<div dir=\"auto\"><\/div>\n<div dir=\"auto\">O pa\u00eds oriental vem doando equipamentos a hospitais\u00a0 brasileiros para atendimento \u00e0 Covid-19 desde 2020.\u00a0 \u00a0Esta semana o consulado realizou <a href=\"https:\/\/jbnbahia.com.br\/noticia\/13379\/perspectivas-e-oportunidades-da--saude-inteligente--na-agenda-estrategica-brasil-china\">websemin\u00e1rio<\/a> sobre sa\u00fade inteligente com profissionais brasileiros.<\/div>\n<div dir=\"auto\"><\/div>\n<div dir=\"auto\">O uso de tecnologias inteligentes, como Intelig\u00eancia Artificial (IA), aprendizado de m\u00e1quina (ML), recursos de Internet das coisas (IoT) e an\u00e1lise em mem\u00f3ria em tempo real \u00e9 um dos setores que mais crescem no mundo. E\u00a0 ajudam nas pesquisas e tratamentos na \u00e1rea da sa\u00fade. Quem sabe pode ajudar nas pesquisas sobre Alzheimer&#8230;<\/div>\n<div dir=\"auto\"><\/div>\n<div dir=\"auto\"><\/div>\n<div dir=\"auto\"><\/div>\n<p>&nbsp;<\/p>\n<p>&nbsp;<\/p>\n","protected":false},"excerpt":{"rendered":"<p>Ana Castro &amp; Cosette Castro Bras\u00edlia &#8211; Dedicamos o m\u00eas de setembro ao setembro roxo, de conscientiza\u00e7\u00e3o da doen\u00e7a de Alzheimer, tamb\u00e9m conhecida como DA. Nesse sentido, o Coletivo Filhas da M\u00e3e lan\u00e7ou diferentes projetos de informa\u00e7\u00e3o que abrangem o Alzheimer e das demais doen\u00e7as do grupo das dem\u00eancias. Nas sextas-feiras publicamos o Projeto Fototerapia 2021, Relatos da Mem\u00f3ria, com [&hellip;]<\/p>\n","protected":false},"author":126,"featured_media":0,"comment_status":"open","ping_status":"open","sticky":false,"template":"","format":"standard","meta":{"footnotes":""},"categories":[18],"tags":[8,3,118,276,278,68,2,20,7,277,275,256,12,263],"class_list":["post-441","post","type-post","status-publish","format-standard","hentry","category-alzheimer","tag-alzheimer","tag-autocuidado","tag-coletivo-filhas-da-mae","tag-consulado-da-china","tag-consulado-da-china-rj","tag-covid-19","tag-cuidado","tag-cuidadoras-familiares","tag-demencias","tag-embaixada-da-china","tag-fototerapia-2021","tag-mes-mundial-de-conscientizacao-do-alzheimer","tag-politicas-publicas-de-cuidado","tag-setembro-roxo"],"_links":{"self":[{"href":"https:\/\/blogs.correiobraziliense.com.br\/coletivo-filhas-da-mae\/wp-json\/wp\/v2\/posts\/441","targetHints":{"allow":["GET"]}}],"collection":[{"href":"https:\/\/blogs.correiobraziliense.com.br\/coletivo-filhas-da-mae\/wp-json\/wp\/v2\/posts"}],"about":[{"href":"https:\/\/blogs.correiobraziliense.com.br\/coletivo-filhas-da-mae\/wp-json\/wp\/v2\/types\/post"}],"author":[{"embeddable":true,"href":"https:\/\/blogs.correiobraziliense.com.br\/coletivo-filhas-da-mae\/wp-json\/wp\/v2\/users\/126"}],"replies":[{"embeddable":true,"href":"https:\/\/blogs.correiobraziliense.com.br\/coletivo-filhas-da-mae\/wp-json\/wp\/v2\/comments?post=441"}],"version-history":[{"count":4,"href":"https:\/\/blogs.correiobraziliense.com.br\/coletivo-filhas-da-mae\/wp-json\/wp\/v2\/posts\/441\/revisions"}],"predecessor-version":[{"id":467,"href":"https:\/\/blogs.correiobraziliense.com.br\/coletivo-filhas-da-mae\/wp-json\/wp\/v2\/posts\/441\/revisions\/467"}],"wp:attachment":[{"href":"https:\/\/blogs.correiobraziliense.com.br\/coletivo-filhas-da-mae\/wp-json\/wp\/v2\/media?parent=441"}],"wp:term":[{"taxonomy":"category","embeddable":true,"href":"https:\/\/blogs.correiobraziliense.com.br\/coletivo-filhas-da-mae\/wp-json\/wp\/v2\/categories?post=441"},{"taxonomy":"post_tag","embeddable":true,"href":"https:\/\/blogs.correiobraziliense.com.br\/coletivo-filhas-da-mae\/wp-json\/wp\/v2\/tags?post=441"}],"curies":[{"name":"wp","href":"https:\/\/api.w.org\/{rel}","templated":true}]}}