{"id":426,"date":"2021-09-06T07:00:37","date_gmt":"2021-09-06T10:00:37","guid":{"rendered":"https:\/\/blogs.correiobraziliense.com.br\/coletivo-filhas-da-mae\/?p=426"},"modified":"2021-09-05T22:17:58","modified_gmt":"2021-09-06T01:17:58","slug":"fototerapia-2021-relatos-da-memoria","status":"publish","type":"post","link":"https:\/\/blogs.correiobraziliense.com.br\/coletivo-filhas-da-mae\/2021\/09\/06\/fototerapia-2021-relatos-da-memoria\/","title":{"rendered":"Fototerapia 2021, Relatos da Mem\u00f3ria"},"content":{"rendered":"<p>Ana Castro &amp; Cosette Castro<\/p>\n<p>Bras\u00edlia &#8211; Esta semana, por ideia da Ana Castro, estamos iniciando mais\u00a0 um projeto\u00a0 no Blog do Coletivo Filhas da M\u00e3e.<\/p>\n<p>Ele se chama<em> Fototerapia 2021, Relatos da Mem\u00f3ria<\/em>, e \u00e9 complementar ao projeto que estamos apresentando nas sextas-feiras, conhecido como Hist\u00f3rias da Mem\u00f3ria. No projeto das sextas-feiras de setembro,\u00a0 convidadas e convidados contam historias sobre a experi\u00eancia de cuidar.<\/p>\n<p>O projeto\u00a0<em> Fototerapia 2021, Relatos da Mem\u00f3ria<\/em>,\u00a0 foi criado especialmente para a campanha #setembroroxo, m\u00eas\u00a0 mundial de conscientiza\u00e7\u00e3o sobre a doen\u00e7a de Alzheimer ( DA). O Alzheimer \u00e9 a forma mais conhecida de dem\u00eancia. e\u00a0 cada 03 minutos uma pessoa \u00e9 diagnosticada com dem\u00eancia no mundo.<\/p>\n<p>Trata-se de um projeto visual, onde publicamos\u00a0 fotos\u00a0 com legendas escolhidas pelas cuidadoras. Neles, cada cuidadora pode trazer uma lembran\u00e7a e um registro fotogr\u00e1fico de algo que contribuiu para o bem-estar das pessoas enfermas.<\/p>\n<p>As boas mem\u00f3rias mostram pequenas (ou grandes) solu\u00e7\u00f5es para quest\u00f5es tempor\u00e1rias. Isso porque\u00a0 os pacientes\u00a0 de DA v\u00e3o mudando de fases e solu\u00e7\u00f5es que davam certo na semana passada podem n\u00e3o dar certo esta semana.<\/p>\n<p>Nesse sentido, acreditamos que o projeto <em>Fototerapia2021, Relatos da Mem\u00f3ria<\/em> atrav\u00e9s de fotos legenda contribui para o compartilhamento de experi\u00eancias. E para mostrar que, mesmo em meio a dor, \u00e9 poss\u00edvel encontrar momentos de alegria e at\u00e9 engra\u00e7ados.<\/p>\n<p>Convidamos voc\u00ea a enviar uma foto e\u00a0 texto entre\u00a0 06 a 10 linhas, informando seu nome e a cidade da onde est\u00e1 enviando o relato.<\/p>\n<p>Se voc\u00ea j\u00e1 participa de nosso grupo de Whats App, fa\u00e7a contato no privado.\u00a0 Caso voc\u00ea ainda n\u00e3o participa,\u00a0 entre no grupo do Whats App (<a href=\"https:\/\/chat.whatsapp.com\/LsCig9YOHdFExZZfQC4sNB\">aqui<\/a>) e combine a melhor forma de enviar o material.<\/p>\n<p>N\u00f3s multiplicaremos a foto legenda em todas nossas redes sociais digitais (<a href=\"https:\/\/www.facebook.com\/filhasdamaecoletivo\/photos\/a.108075087388051\/116513476544212\/\">Facebook<\/a>,<a href=\"https:\/\/www.instagram.com\/blocofilhasdamae\/?hl=pt\"> Instagram<\/a>, <a href=\"https:\/\/twitter.com\/filhasdamaecol1\">Twitter<\/a> e tamb\u00e9m aqui no Blog do Coletivo Filhas da M\u00e3e. Ao final do projeto, faremos um pequeno v\u00eddeo, incluindo todas as fotos, que posteriormente ficar\u00e1 dispon\u00edvel no<a href=\"https:\/\/www.youtube.com\/c\/FilhasdaM%C3%A3eColetivo\/videos\"> canal do YouTube<\/a>.<\/p>\n<p>Hoje vamos apresentar a Normita, m\u00e3e da Ana Castro.<\/p>\n<p>&nbsp;<\/p>\n<p><img loading=\"lazy\" decoding=\"async\" class=\" wp-image-427 aligncenter\" src=\"https:\/\/blogs.correiobraziliense.com.br\/coletivo-filhas-da-mae\/wp-content\/uploads\/sites\/60\/2021\/09\/normita-225x300.jpg\" alt=\"\" width=\"261\" height=\"348\" srcset=\"https:\/\/blogs.correiobraziliense.com.br\/coletivo-filhas-da-mae\/wp-content\/uploads\/sites\/60\/2021\/09\/normita-225x300.jpg 225w, https:\/\/blogs.correiobraziliense.com.br\/coletivo-filhas-da-mae\/wp-content\/uploads\/sites\/60\/2021\/09\/normita-230x307.jpg 230w, https:\/\/blogs.correiobraziliense.com.br\/coletivo-filhas-da-mae\/wp-content\/uploads\/sites\/60\/2021\/09\/normita.jpg 480w\" sizes=\"auto, (max-width: 261px) 100vw, 261px\" \/><\/p>\n<p>Ana Castro, Bras\u00edlia &#8211; &#8220;Como cuidadora, eu\u00a0organizava festas incr\u00edveis para registros fotogr\u00e1ficos que alimentavam as conversas por um ano!<\/p>\n<p>Foi assim que a gente criou a &#8220;fototerapia&#8221; da Normita. Consistia em passar na TV as fotos de fam\u00edlia, das viagens e das festas de anivers\u00e1rio com pipoca e suco.<br \/>\nSess\u00f5es de risadas e coment\u00e1rios sobre a eleg\u00e2ncia dela, as amigas, as comidas.<\/p>\n<p>Em 2012, com diagn\u00f3stico de doen\u00e7a de Alzheimer h\u00e1 8 anos, o tema da festa foi Carnaval antecipado. Normita de cigana dan\u00e7ou e curtiu muito a festa.&#8221;<\/p>\n<p>Participe voc\u00ea tamb\u00e9m da campanha Fototerapia 2021, Relatos da Mem\u00f3ria.<\/p>\n<p>Quanto mais falamos e nos informamos sobre dem\u00eancias, mais ajudamos a reduzir os medos e preconceitos.<\/p>\n<p>#Alzheimerquebreosil\u00eancio #Alzheimerfalardiminuiador<\/p>\n","protected":false},"excerpt":{"rendered":"<p>Ana Castro &amp; Cosette Castro Bras\u00edlia &#8211; Esta semana, por ideia da Ana Castro, estamos iniciando mais\u00a0 um projeto\u00a0 no Blog do Coletivo Filhas da M\u00e3e. Ele se chama Fototerapia 2021, Relatos da Mem\u00f3ria, e \u00e9 complementar ao projeto que estamos apresentando nas sextas-feiras, conhecido como Hist\u00f3rias da Mem\u00f3ria. No projeto das sextas-feiras de setembro,\u00a0 convidadas e convidados contam historias [&hellip;]<\/p>\n","protected":false},"author":126,"featured_media":0,"comment_status":"open","ping_status":"open","sticky":false,"template":"","format":"standard","meta":{"footnotes":""},"categories":[18],"tags":[8,2,20,25,21,7,256,264,263],"class_list":["post-426","post","type-post","status-publish","format-standard","hentry","category-alzheimer","tag-alzheimer","tag-cuidado","tag-cuidadoras-familiares","tag-cuidadoras-informais","tag-cuidadores-familiares","tag-demencias","tag-mes-mundial-de-conscientizacao-do-alzheimer","tag-quebre-o-silencio","tag-setembro-roxo"],"_links":{"self":[{"href":"https:\/\/blogs.correiobraziliense.com.br\/coletivo-filhas-da-mae\/wp-json\/wp\/v2\/posts\/426","targetHints":{"allow":["GET"]}}],"collection":[{"href":"https:\/\/blogs.correiobraziliense.com.br\/coletivo-filhas-da-mae\/wp-json\/wp\/v2\/posts"}],"about":[{"href":"https:\/\/blogs.correiobraziliense.com.br\/coletivo-filhas-da-mae\/wp-json\/wp\/v2\/types\/post"}],"author":[{"embeddable":true,"href":"https:\/\/blogs.correiobraziliense.com.br\/coletivo-filhas-da-mae\/wp-json\/wp\/v2\/users\/126"}],"replies":[{"embeddable":true,"href":"https:\/\/blogs.correiobraziliense.com.br\/coletivo-filhas-da-mae\/wp-json\/wp\/v2\/comments?post=426"}],"version-history":[{"count":3,"href":"https:\/\/blogs.correiobraziliense.com.br\/coletivo-filhas-da-mae\/wp-json\/wp\/v2\/posts\/426\/revisions"}],"predecessor-version":[{"id":429,"href":"https:\/\/blogs.correiobraziliense.com.br\/coletivo-filhas-da-mae\/wp-json\/wp\/v2\/posts\/426\/revisions\/429"}],"wp:attachment":[{"href":"https:\/\/blogs.correiobraziliense.com.br\/coletivo-filhas-da-mae\/wp-json\/wp\/v2\/media?parent=426"}],"wp:term":[{"taxonomy":"category","embeddable":true,"href":"https:\/\/blogs.correiobraziliense.com.br\/coletivo-filhas-da-mae\/wp-json\/wp\/v2\/categories?post=426"},{"taxonomy":"post_tag","embeddable":true,"href":"https:\/\/blogs.correiobraziliense.com.br\/coletivo-filhas-da-mae\/wp-json\/wp\/v2\/tags?post=426"}],"curies":[{"name":"wp","href":"https:\/\/api.w.org\/{rel}","templated":true}]}}