{"id":4191,"date":"2026-08-24T19:49:57","date_gmt":"2026-08-24T22:49:57","guid":{"rendered":"https:\/\/blogs.correiobraziliense.com.br\/coletivo-filhas-da-mae\/?p=4191"},"modified":"2026-08-24T19:49:58","modified_gmt":"2026-08-24T22:49:58","slug":"campanhas-nacionais-para-garantir-direitos","status":"publish","type":"post","link":"https:\/\/blogs.correiobraziliense.com.br\/coletivo-filhas-da-mae\/2026\/08\/24\/campanhas-nacionais-para-garantir-direitos\/","title":{"rendered":"Campanhas Nacionais para Garantir Direitos"},"content":{"rendered":"\n<p class=\"wp-block-paragraph\">Cosette Castro<\/p>\n\n\n\n<p class=\"wp-block-paragraph\">Bras\u00edlia &#8211; O m\u00eas de agosto est\u00e1 quase terminando. O que n\u00e3o terminaram s\u00e3o as campanhas nacionais que o Coletivo Filhas da M\u00e3e est\u00e1 participando.<\/p>\n\n\n\n<p class=\"wp-block-paragraph\">Temos apoiado mensalmente campanhas nacionais em defesa da vida em seguran\u00e7a e com dignidade das mulheres de todas as idades. No Brasil\u00a0\u00a0elas s\u00e3o v\u00edtimas de viol\u00eancia pelo simples fato de serem mulheres. <\/p>\n\n\n\n<p class=\"wp-block-paragraph\">A viol\u00eancia come\u00e7a dentro de casa, ainda na inf\u00e2ncia, e segue nas ruas, na adolesc\u00eancia, juventude e vida adulta na escola, nos ambientes de trabalho e em encontros sociais e festas. Em muitos casos, os diferentes tipos de viol\u00eancia, inclusive a sexual, segue ocorrendo contra mulheres com 60 anos ou mais.<\/p>\n\n\n\n<figure class=\"wp-block-image size-large\"><img decoding=\"async\" src=\"https:\/\/blogs.correiobraziliense.com.br\/coletivo-filhas-da-mae\/wp-content\/uploads\/sites\/60\/2026\/08\/1000927868-819x1024.jpg\" alt=\"\" class=\"wp-image-4192\" \/><\/figure>\n\n\n\n<p class=\"wp-block-paragraph\">\u00c9 por isso que nesta ter\u00e7a-feira, 25, das 19 \u00e0s 20h, o Programa de Entrevistas online  TERCEIRAS INTEN\u00c7\u00d5ES  ter\u00e1 uma edi\u00e7\u00e3o especial relacionada ao Agosto Lil\u00e1s, m\u00eas de combate \u00e0 viol\u00eancia contra \u00e0s mulheres.<\/p>\n\n\n\n<p class=\"wp-block-paragraph\">Durante uma hora, tr\u00eas entrevistadas v\u00e3o conversar sobre direitos das pessoas idosas e direitos das mulheres com a apresentadora e jornalista M\u00f4nica Carvalho. E quem estiver assistindo ao vivo poder\u00e1 participar fazendo perguntas e coment\u00e1rios.<\/p>\n\n\n\n<p class=\"wp-block-paragraph\">As tr\u00eas entrevistadas s\u00e3o:<\/p>\n\n\n\n<p class=\"wp-block-paragraph\">L\u00facia Secoti, da coordena\u00e7\u00e3o da campanha nacional pela Ratifica\u00e7\u00e3o da Conven\u00e7\u00e3o Interamericana de Prote\u00e7\u00e3o aos Direitos Humanos das Pessoas Idosas. Ela vai contar sobre os desafios de colocar em vota\u00e7\u00e3o a Ratifica\u00e7\u00e3o. Desde 2017, o Congresso &#8220;esquece&#8221; de votar a proposta. <\/p>\n\n\n\n<p class=\"wp-block-paragraph\">Para conversar sobre o PL Contra a Misoginia e sobre o Agosto Lil\u00e1s estar\u00e3o Rachel Ripani, artista e ativista, que representa a coordena\u00e7\u00e3o nacional do Levante Mulheres Vivas e Mona Lisa Nascimento, pedagoga, especialista em Direitos Humanos e Conselheira Tutelar, que representa a coordena\u00e7\u00e3o nacional do Levante Mulheres Contra o Feminic\u00eddio, o Lesbocidio e o Transfeminic\u00eddio.<\/p>\n\n\n\n<p class=\"wp-block-paragraph\">O Programa de Entrevistas TERCEIRAS INTEN\u00c7\u00d5ES \u00e9 apresentado ao vivo e fica gravado no canal do YouTube Coletivo Filhas da M\u00e3e. <a href=\"https:\/\/www.youtube.com\/live\/h9gnaUK8zLc?si=R354YfUIcVbHP383\" data-type=\"link\" data-id=\"https:\/\/www.youtube.com\/live\/h9gnaUK8zLc?si=R354YfUIcVbHP383\">Link aqui<\/a><\/p>\n\n\n\n<p class=\"wp-block-paragraph\">Ainda dentro do Agosto Lil\u00e1s, vale lembrar que est\u00e1 aberto o edital do Minist\u00e9rio das Mulheres para composi\u00e7\u00e3o do F\u00f3rum Nacional pelo Protagonismo das Mulheres Idosas. Movimentos sociais de todo o pa\u00eds com foco nas mulheres 60 + est\u00e3o convidados a participar. Mais informa\u00e7\u00f5es  <a href=\"https:\/\/www.gov.br\/mulheres\/pt-br\/central-de-conteudos\/noticias\/2026\/agosto-defeso-eleitoral\/ate-8-de-setembro-edital-seleciona-organizacoes-para-integrar-forum-nacional-pelo-protagonismo-das-mulheres-idosas\" data-type=\"link\" data-id=\"https:\/\/www.gov.br\/mulheres\/pt-br\/central-de-conteudos\/noticias\/2026\/agosto-defeso-eleitoral\/ate-8-de-setembro-edital-seleciona-organizacoes-para-integrar-forum-nacional-pelo-protagonismo-das-mulheres-idosas\">Aqui<\/a>.<\/p>\n\n\n\n<p class=\"wp-block-paragraph\"> <\/p>\n\n\n\n<p class=\"wp-block-paragraph\"> <\/p>\n\n\n\n<p class=\"wp-block-paragraph\"><\/p>\n","protected":false},"excerpt":{"rendered":"<p>Cosette Castro Bras\u00edlia &#8211; O m\u00eas de agosto est\u00e1 quase terminando. O que n\u00e3o terminaram s\u00e3o as campanhas nacionais que o Coletivo Filhas da M\u00e3e est\u00e1 participando. Temos apoiado mensalmente campanhas nacionais em defesa da vida em seguran\u00e7a e com dignidade das mulheres de todas as idades. No Brasil\u00a0\u00a0elas s\u00e3o v\u00edtimas de viol\u00eancia pelo simples fato de serem mulheres. A [&hellip;]<\/p>\n","protected":false},"author":126,"featured_media":0,"comment_status":"open","ping_status":"open","sticky":false,"template":"","format":"standard","meta":{"footnotes":""},"categories":[1],"tags":[],"class_list":["post-4191","post","type-post","status-publish","format-standard","hentry","category-sem-categoria"],"_links":{"self":[{"href":"https:\/\/blogs.correiobraziliense.com.br\/coletivo-filhas-da-mae\/wp-json\/wp\/v2\/posts\/4191","targetHints":{"allow":["GET"]}}],"collection":[{"href":"https:\/\/blogs.correiobraziliense.com.br\/coletivo-filhas-da-mae\/wp-json\/wp\/v2\/posts"}],"about":[{"href":"https:\/\/blogs.correiobraziliense.com.br\/coletivo-filhas-da-mae\/wp-json\/wp\/v2\/types\/post"}],"author":[{"embeddable":true,"href":"https:\/\/blogs.correiobraziliense.com.br\/coletivo-filhas-da-mae\/wp-json\/wp\/v2\/users\/126"}],"replies":[{"embeddable":true,"href":"https:\/\/blogs.correiobraziliense.com.br\/coletivo-filhas-da-mae\/wp-json\/wp\/v2\/comments?post=4191"}],"version-history":[{"count":1,"href":"https:\/\/blogs.correiobraziliense.com.br\/coletivo-filhas-da-mae\/wp-json\/wp\/v2\/posts\/4191\/revisions"}],"predecessor-version":[{"id":4193,"href":"https:\/\/blogs.correiobraziliense.com.br\/coletivo-filhas-da-mae\/wp-json\/wp\/v2\/posts\/4191\/revisions\/4193"}],"wp:attachment":[{"href":"https:\/\/blogs.correiobraziliense.com.br\/coletivo-filhas-da-mae\/wp-json\/wp\/v2\/media?parent=4191"}],"wp:term":[{"taxonomy":"category","embeddable":true,"href":"https:\/\/blogs.correiobraziliense.com.br\/coletivo-filhas-da-mae\/wp-json\/wp\/v2\/categories?post=4191"},{"taxonomy":"post_tag","embeddable":true,"href":"https:\/\/blogs.correiobraziliense.com.br\/coletivo-filhas-da-mae\/wp-json\/wp\/v2\/tags?post=4191"}],"curies":[{"name":"wp","href":"https:\/\/api.w.org\/{rel}","templated":true}]}}