{"id":4154,"date":"2026-08-10T13:26:49","date_gmt":"2026-08-10T16:26:49","guid":{"rendered":"https:\/\/blogs.correiobraziliense.com.br\/coletivo-filhas-da-mae\/?p=4154"},"modified":"2026-08-10T18:28:27","modified_gmt":"2026-08-10T21:28:27","slug":"os-candidatos-e-o-cuidado-coletivo","status":"publish","type":"post","link":"https:\/\/blogs.correiobraziliense.com.br\/coletivo-filhas-da-mae\/2026\/08\/10\/os-candidatos-e-o-cuidado-coletivo\/","title":{"rendered":"Os Candidatos e o Cuidado Coletivo"},"content":{"rendered":"<p>Cosette Castro<\/p>\n<p>Bras\u00edlia \u2013 Toda rela\u00e7\u00e3o humana inclui um dar e um receber. Na rela\u00e7\u00e3o de cuidado de pessoas tamb\u00e9m deveria ser assim, mas em geral n\u00e3o \u00e9. Principalmente quando a rela\u00e7\u00e3o envolve uma pessoa que cuida de um familiar e precisa colocar em segundo ou terceiro plano os projetos pessoais, como estudo e trabalho.<\/p>\n<p>As pesquisas apontam que mulheres de diferentes idades passam a vida cuidando de uma ou mais pessoas sem remunera\u00e7\u00e3o. A cada 10 pessoas que cuidam pessoas com dem\u00eancia, por exemplo, nove s\u00e3o filhas, esposas ou noras dos pacientes, segundo estudo da Unifesp (2025).\u00a0E elas n\u00e3o param de cuidar ap\u00f3s os 60 anos. Seguem a vida cuidado de crian\u00e7as, de pessoas com defici\u00eancia, familiares com doen\u00e7as tempor\u00e1rias ou permanentes, e de pessoas idosas.<\/p>\n<p>No Brasil, com o envelhecimento populacional e\u00a0 a falta de pol\u00edticas de preven\u00e7\u00e3o, os casos de pessoas com dem\u00eancias est\u00e3o aumentando rapidamente.<\/p>\n<p>N\u00e3o h\u00e1 n\u00fameros concretos sobre a quantidade de pessoas com dem\u00eancia no pa\u00eds. A estimativa \u00e9 de que seja algo em torno de 2,3 milh\u00f5es de pessoas. O que, sim, se sabe, \u00e9 que h\u00e1 80% de pacientes a espera de diagn\u00f3stico. Vivemos em um pa\u00eds onde n\u00e3o existe diagn\u00f3stico precoce.<\/p>\n<p>Existem mais de 120 tipos de dem\u00eancias e a mais conhecida \u00e9 o Alzheimer. \u00c9 a mais longa, com casos de pacientes acamados sobrevivendo h\u00e1 25 anos, e \u00e9 o tipo que mais atinge as mulheres.\u00a0Mas ningu\u00e9m que cuida de um familiar est\u00e1 preparada para as diferentes fases dessa s\u00edndrome multifatorial.<\/p>\n<p>N\u00e3o h\u00e1 campanhas nacionais, n\u00e3o h\u00e1 materiais informativos, a n\u00e3o ser os produzidos pelos movimentos sociais. Entre eles o Coletivo Filhas da M\u00e3e,\u00a0 a partir de estudos nacionais (ELSE- Brasil) ou internacionais (Comiss\u00e3o Lancet, Organiza\u00e7\u00e3o Mundial da Sa\u00fade).<\/p>\n<p>H\u00e1 poucos cursos gratuitos no pa\u00eds para preparar cuidadoras e cuidadores familiares e para preparar profissionais. No Distrito Federal, um dos exemplos \u00e9 o curso bianual oferecido pela Faculdade de Enfermagem da Universidade de Bras\u00edlia (UnB) h\u00e1 nove anos.<\/p>\n<p>Tampouco existem disciplinas obrigat\u00f3rias sobre envelhecimento e sobre dem\u00eancias na gradua\u00e7\u00e3o. Seja para formar profissionais da sa\u00fade, seja para as demais \u00e1reas de aprendizagem nas universidades brasileiras. Nem cursos permanentes de forma\u00e7\u00e3o para os diferentes tipos de velhice voltados para o servi\u00e7o p\u00fablico.<\/p>\n<p>No cuidado familiar de pessoas com dem\u00eancia, s\u00edndrome neurodegenerativa progressiva e sem cura, h\u00e1 muito desequil\u00edbrio entre o dar e o receber.<\/p>\n<p>Do lado de quem cuida um familiar, h\u00e1 algu\u00e9m que se doa, que cuida diariamente, em geral sem nenhum preparo te\u00f3rico ou emocional anterior. E, dependendo da fam\u00edlia e do or\u00e7amento dom\u00e9stico, pode ser um cuidado solit\u00e1rio, onde todas as obriga\u00e7\u00f5es recaem sobre uma \u00fanica pessoa: uma mulher. Isso ocorre mesmo que, legalmente, o cuidado de pessoas idosas seja uma obriga\u00e7\u00e3o de todos os filhos.<\/p>\n<p>Com o envelhecimento populacional cresce o n\u00famero de mulheres 60+ cuidando uma ou mais pessoas na fam\u00edlia. Elas sofrem sobrecarga f\u00edsica e mental di\u00e1ria, mas seguem sendo invisibilizadas socialmente.<\/p>\n<p>Do outro lado, h\u00e1 algu\u00e9m que necessita cada vez mais de cuidados. No caso das dem\u00eancias, trata-se de uma doen\u00e7a progressiva e sem cura.\u00a0 Mesmo que a maior parte de n\u00f3s espere um milagre\u00a0 (a cura) no decorrer dos anos de cuidado familiar.<\/p>\n<p>Existe uma rela\u00e7\u00e3o de interdepend\u00eancia entre quem cuida e quem necessita de cuidados. Com a sobrecarga do trabalho de cuidado de pessoas e de cuidado dom\u00e9stico, h\u00e1 o risco cada vez maior das pessoas cuidadoras adoecerem. Por isso, n\u00e3o da para pensar em pol\u00edticas p\u00fablicas para pessoas idosas sem cuidar de quem cuida.<\/p>\n<p>\u00c9 preciso garantir o cuidado coletivo de diferentes gera\u00e7\u00f5es refor\u00e7ando as pol\u00edticas p\u00fablicas de preven\u00e7\u00e3o de doen\u00e7as e o diagn\u00f3stico precoce. E essa \u00e9 a hora de lembrar isso a cada candidata\/o.<\/p>\n<p>PS: Fui entrevistada no <em>podcast <\/em>Podeenvelher do Correio Braziliense que foi ao ar nesta segunda, 10\/08. A conversa foi sobre envelhecimento populacional, cuidado e autocuidado, preconceito e pol\u00edticas p\u00fablicas para as diferentes velhices. Me perguntaram o que eu diria para o Presidente Lula se pudesse falar com ele. E eu disse&#8230; (<a href=\"https:\/\/youtube.com\/playlist?list=PLQ4vd9cZpWqtXYVdUS-7WaRpbM_uU3RYe&amp;si=PUonLhajNdaonA42\">link aqui<\/a>)<\/p>\n<p>PS 2:No domingo, 09\/08, aconteceu a primeira rodada de debates de candidatos a governador\/a coordenado pela Band News. Os debates ocorreram em 11 estados e no Distrito Federal e est\u00e3o dispon\u00edveis <em>online<\/em>. Conhe\u00e7a as propostas para o DF <a href=\"https:\/\/www.youtube.com\/watch?v=XvIzzrxhogU\">(link aqui<\/a>).<\/p>\n<p>PS3: Este texto foi publicado originalmente em 2025 e atualizado para esta edi\u00e7\u00e3o.<\/p>\n<p>&nbsp;<\/p>\n","protected":false},"excerpt":{"rendered":"<p>Cosette Castro Bras\u00edlia \u2013 Toda rela\u00e7\u00e3o humana inclui um dar e um receber. Na rela\u00e7\u00e3o de cuidado de pessoas tamb\u00e9m deveria ser assim, mas em geral n\u00e3o \u00e9. Principalmente quando a rela\u00e7\u00e3o envolve uma pessoa que cuida de um familiar e precisa colocar em segundo ou terceiro plano os projetos pessoais, como estudo e trabalho. As pesquisas apontam que mulheres [&hellip;]<\/p>\n","protected":false},"author":126,"featured_media":0,"comment_status":"open","ping_status":"open","sticky":false,"template":"","format":"standard","meta":{"footnotes":""},"categories":[1989],"tags":[1854],"class_list":["post-4154","post","type-post","status-publish","format-standard","hentry","category-eleicoes-2026","tag-eleicoes-2026"],"_links":{"self":[{"href":"https:\/\/blogs.correiobraziliense.com.br\/coletivo-filhas-da-mae\/wp-json\/wp\/v2\/posts\/4154","targetHints":{"allow":["GET"]}}],"collection":[{"href":"https:\/\/blogs.correiobraziliense.com.br\/coletivo-filhas-da-mae\/wp-json\/wp\/v2\/posts"}],"about":[{"href":"https:\/\/blogs.correiobraziliense.com.br\/coletivo-filhas-da-mae\/wp-json\/wp\/v2\/types\/post"}],"author":[{"embeddable":true,"href":"https:\/\/blogs.correiobraziliense.com.br\/coletivo-filhas-da-mae\/wp-json\/wp\/v2\/users\/126"}],"replies":[{"embeddable":true,"href":"https:\/\/blogs.correiobraziliense.com.br\/coletivo-filhas-da-mae\/wp-json\/wp\/v2\/comments?post=4154"}],"version-history":[{"count":7,"href":"https:\/\/blogs.correiobraziliense.com.br\/coletivo-filhas-da-mae\/wp-json\/wp\/v2\/posts\/4154\/revisions"}],"predecessor-version":[{"id":4161,"href":"https:\/\/blogs.correiobraziliense.com.br\/coletivo-filhas-da-mae\/wp-json\/wp\/v2\/posts\/4154\/revisions\/4161"}],"wp:attachment":[{"href":"https:\/\/blogs.correiobraziliense.com.br\/coletivo-filhas-da-mae\/wp-json\/wp\/v2\/media?parent=4154"}],"wp:term":[{"taxonomy":"category","embeddable":true,"href":"https:\/\/blogs.correiobraziliense.com.br\/coletivo-filhas-da-mae\/wp-json\/wp\/v2\/categories?post=4154"},{"taxonomy":"post_tag","embeddable":true,"href":"https:\/\/blogs.correiobraziliense.com.br\/coletivo-filhas-da-mae\/wp-json\/wp\/v2\/tags?post=4154"}],"curies":[{"name":"wp","href":"https:\/\/api.w.org\/{rel}","templated":true}]}}