{"id":4149,"date":"2026-08-07T14:35:03","date_gmt":"2026-08-07T17:35:03","guid":{"rendered":"https:\/\/blogs.correiobraziliense.com.br\/coletivo-filhas-da-mae\/?p=4149"},"modified":"2026-08-07T14:46:36","modified_gmt":"2026-08-07T17:46:36","slug":"entre-as-violencias-e-o-cuidado-coletivo","status":"publish","type":"post","link":"https:\/\/blogs.correiobraziliense.com.br\/coletivo-filhas-da-mae\/2026\/08\/07\/entre-as-violencias-e-o-cuidado-coletivo\/","title":{"rendered":"Entre as Viol\u00eancias e o Cuidado Coletivo"},"content":{"rendered":"<p>Cosette Castro<\/p>\n<p>Bras\u00edlia &#8211; Hoje o Blog trata de temas como\u00a0\u00a0os 20 anos da Lei Maria da Penha, sobre o\u00a0\u00a0estudo internacional que aponta o envelhecimento precoce da popula\u00e7\u00e3o brasileira. E traz outras novidades.<\/p>\n<p>Este 07 de agosto \u00e9 o dia que se reconhece a import\u00e2ncia dos 20 anos da Lei Maria da Penha. S\u00e3o 20 anos quebrando o sil\u00eancio para romper\u00a0\u00a0ciclos de viol\u00eancia dom\u00e9stica que incluem tentativas de assassinato ou o feminic\u00eddio de mulheres.<\/p>\n<p>S\u00e3o 20 anos de sim, &#8220;tem que meter a colher em briga de marido e mulher&#8221;porque n\u00e3o \u00e9 apenas briga. \u00c9 viol\u00eancia f\u00edsica, sexual, psicol\u00f3gica, moral, financeira e patrimonial.<\/p>\n<p>No decorrer dos anos, a Lei Maria da Penha passou por atualiza\u00e7\u00f5es, como a inclus\u00e3o da viol\u00eancia vic\u00e1ria. Ela ocorre quando o companheiro ou ex-marido, comete viol\u00eancia contra outras pessoas da fam\u00edlia, como as crian\u00e7as, para atingir a mulher.<\/p>\n<p>Tamb\u00e9m cabe registrar a condena\u00e7\u00e3o in\u00e9dita no pa\u00eds do Ministro Marco Buzzi. pelo Supremo Tribunal de Justi\u00e7a (STJ) esta semana. \u00c9 a primeira vez que um magistrado perde o cargo com remunera\u00e7\u00e3o proporcional por tempo de contribui\u00e7\u00e3o.<\/p>\n<p>Com isso, o Conselho Nacional de Justi\u00e7a (CNJ) mandou um recado para os agressores sexuais de mulheres de todo o pa\u00eds: o combate \u00e0 viol\u00eancia contra as mulheres conta com o apoio do judici\u00e1rio, inclusive dentro da pr\u00f3pria casa.<\/p>\n<p><strong>Envelhecimento<\/strong><\/p>\n<p>Esta semana um novo estudo comparativo realizado com 30 mil\u00a0\u00a0pessoas idosas do Brasil e da Espanha aponta o que a popula\u00e7\u00e3o 60+\u00a0\u00a0brasileira j\u00e1 sabe na pr\u00e1tica. Aqui envelhecemos antes.<\/p>\n<p>O estudo comparou o envelhecimento de pessoas idosas a partir do decl\u00ednio da habilidade de realizar tarefas di\u00e1rias nos dois pa\u00edses. E aponta que\u00a0no Brasil envelhecemos 10 anos antes que na Espanha. Isso ocorre\u00a0\u00a0causa das desigualdades sociais.<\/p>\n<p>\u00c9 preciso levar em conta que, diferente dos pa\u00edses desenvolvidos, temos diversos tipos de envelhecimento no pa\u00eds. Vivemos em um pa\u00eds onde 75% da popula\u00e7\u00e3o depende exclusivamente do Sistema \u00danico de Sa\u00fade (SUS). E onde mais de 70% das pessoas que conseguem se aposentar recebem. 01 sal\u00e1rio m\u00ednimo.<\/p>\n<p>Ainda bem que temos o SUS, o maior sistema p\u00fablico de sa\u00fade do mundo. Na maior parte dos pa\u00edses,\u00a0\u00a0o sistema de sa\u00fade \u00e9 pago. Ou seja, se voc\u00ea n\u00e3o pode pagar por um plano sa\u00fade privado mensalmente, fica sem atendimento.<\/p>\n<p>Al\u00e9m disso, temos uma popula\u00e7\u00e3o onde a maior parte dos\u00a0\u00a0trabalhadores s\u00e3o obrigados a fazer jornadas 6&#215;1 anos a fio. J\u00e1 as mulheres trabalhadoras t\u00eam jornadas 7&#215;0. Quando chegam em casa,\u00a0elas\u00a0seguem realizando trabalho gratuito de pessoas e o cuidado dom\u00e9stico<\/p>\n<p>N\u00e3o \u00e9 de estranhar o envelhecimento precoce no Brasil quando n\u00e3o h\u00e1 reconhecimento do trabalho de cuidado gratuito\u00a0\u00a0realizado diariamente por mulheres, entre elas as 60+, quando n\u00e3o h\u00e1 pol\u00edticas p\u00fablicas para pessoas idosas e n\u00e3o h\u00e1 espa\u00e7o para o autocuidado.<\/p>\n<p>No Brasil, a\u00a0\u00a0maioria dos 36 milh\u00f5es de pessoas idosas s\u00f3 procura ajuda quando j\u00e1 est\u00e1 adoecida. E quando procura, fica\u00a0\u00a0na fila de espera para exames nas \u00e1reas\u00a0\u00a0cardiol\u00f3gica, neurol\u00f3gica, ginecol\u00f3gica,\u00a0\u00a0locomotora, bucal, de vis\u00e3o, audi\u00e7\u00e3o, etc. Temos um longo caminho a percorrer no aprendizado\u00a0\u00a0sobre preven\u00e7\u00e3o de doen\u00e7as.<\/p>\n<p>Mas ainda \u00e9 baixo o percentual da popula\u00e7\u00e3o que sabe disso.\u00a0\u00a0N\u00e3o h\u00e1 campanhas p\u00fablicas permanentes para informar\u00a0\u00a0a popula\u00e7\u00e3o e estimular a\u00a0\u00a0preven\u00e7\u00e3o das doen\u00e7as. Informa\u00e7\u00e3o para o autocuidado e o cuidado coletivo s\u00e3o essenciais. Elas salvam vidas.<\/p>\n<p>PS: Este domingo, 09\/08, estaremos caminhando no Parque das Sucupiras, no Sudoeste. Encontro \u00e0s 8h30 na entrada no Parque.<\/p>\n","protected":false},"excerpt":{"rendered":"<p>Cosette Castro Bras\u00edlia &#8211; Hoje o Blog trata de temas como\u00a0\u00a0os 20 anos da Lei Maria da Penha, sobre o\u00a0\u00a0estudo internacional que aponta o envelhecimento precoce da popula\u00e7\u00e3o brasileira. E traz outras novidades. Este 07 de agosto \u00e9 o dia que se reconhece a import\u00e2ncia dos 20 anos da Lei Maria da Penha. S\u00e3o 20 anos quebrando o sil\u00eancio para [&hellip;]<\/p>\n","protected":false},"author":126,"featured_media":0,"comment_status":"open","ping_status":"open","sticky":false,"template":"","format":"standard","meta":{"footnotes":""},"categories":[1985],"tags":[1986,1988,1987,20,632,1023],"class_list":["post-4149","post","type-post","status-publish","format-standard","hentry","category-lei-maria-da-penha","tag-20-anos-da-lei-maria-da-penha","tag-cnj","tag-condenacao-marco-buzzi","tag-cuidadoras-familiares","tag-mulheres-idosas","tag-violencia-contra-as-mulheres"],"_links":{"self":[{"href":"https:\/\/blogs.correiobraziliense.com.br\/coletivo-filhas-da-mae\/wp-json\/wp\/v2\/posts\/4149","targetHints":{"allow":["GET"]}}],"collection":[{"href":"https:\/\/blogs.correiobraziliense.com.br\/coletivo-filhas-da-mae\/wp-json\/wp\/v2\/posts"}],"about":[{"href":"https:\/\/blogs.correiobraziliense.com.br\/coletivo-filhas-da-mae\/wp-json\/wp\/v2\/types\/post"}],"author":[{"embeddable":true,"href":"https:\/\/blogs.correiobraziliense.com.br\/coletivo-filhas-da-mae\/wp-json\/wp\/v2\/users\/126"}],"replies":[{"embeddable":true,"href":"https:\/\/blogs.correiobraziliense.com.br\/coletivo-filhas-da-mae\/wp-json\/wp\/v2\/comments?post=4149"}],"version-history":[{"count":4,"href":"https:\/\/blogs.correiobraziliense.com.br\/coletivo-filhas-da-mae\/wp-json\/wp\/v2\/posts\/4149\/revisions"}],"predecessor-version":[{"id":4153,"href":"https:\/\/blogs.correiobraziliense.com.br\/coletivo-filhas-da-mae\/wp-json\/wp\/v2\/posts\/4149\/revisions\/4153"}],"wp:attachment":[{"href":"https:\/\/blogs.correiobraziliense.com.br\/coletivo-filhas-da-mae\/wp-json\/wp\/v2\/media?parent=4149"}],"wp:term":[{"taxonomy":"category","embeddable":true,"href":"https:\/\/blogs.correiobraziliense.com.br\/coletivo-filhas-da-mae\/wp-json\/wp\/v2\/categories?post=4149"},{"taxonomy":"post_tag","embeddable":true,"href":"https:\/\/blogs.correiobraziliense.com.br\/coletivo-filhas-da-mae\/wp-json\/wp\/v2\/tags?post=4149"}],"curies":[{"name":"wp","href":"https:\/\/api.w.org\/{rel}","templated":true}]}}