{"id":4136,"date":"2026-07-31T15:16:07","date_gmt":"2026-07-31T18:16:07","guid":{"rendered":"https:\/\/blogs.correiobraziliense.com.br\/coletivo-filhas-da-mae\/?p=4136"},"modified":"2026-07-31T15:28:34","modified_gmt":"2026-07-31T18:28:34","slug":"odio-as-mulheres-nao-e-opiniao","status":"publish","type":"post","link":"https:\/\/blogs.correiobraziliense.com.br\/coletivo-filhas-da-mae\/2026\/07\/31\/odio-as-mulheres-nao-e-opiniao\/","title":{"rendered":"\u00d3dio \u00e0s Mulheres N\u00e3o \u00e9 Opini\u00e3o"},"content":{"rendered":"<p dir=\"auto\">Cosette Castro<\/p>\n<p dir=\"auto\">Bras\u00edlia &#8211; Este fim de semana promete ser movimentado no Distrito Federal.\u00a0No s\u00e1bado haver\u00e1 caminhadas pelas trilhas do DF e no domingo, manifesta\u00e7\u00e3o dos movimentos sociais pela aprova\u00e7\u00e3o do Projeto de Lei 896\/2023, o PL contra a Misoginia.<\/p>\n<p dir=\"auto\">O s\u00e1bado, 01\/08,\u00a0 marca o primeiro Dia dos Trilheiros e Trilheiras do DF com\u00a0 caminhadas gratuitas em 18 parques e unidades de conserva\u00e7\u00e3o.<\/p>\n<p dir=\"auto\">Entre eles, \u00e9 poss\u00edvel visitar com guia a\u00a0 Floresta Nacional de Bras\u00edlia\/Flona (Taguatinga), o Parque Ecol\u00f3gico de \u00c1guas Claras, o Parque Ecol\u00f3gico Veredinha (Brazl\u00e2ndia), o Parque Tr\u00eas Meninas (Samambaia Norte), o Parque Ecol\u00f3gico Ezechias Heringer (Guar\u00e1 1), o\u00a0 Parque do Cortado (Taguatinga), o Parque Sucupiras (Sudoeste) e\u00a0 o Parque Mangueiral (Regi\u00e3o Administrativa Jardim Bot\u00e2nico). Veja a <a href=\"https:\/\/agenciabrasilia.df.gov.br\/w\/vagas-abertas-para-caminhadas-em-trilhas-ecologicas-do-df\">lista completa aqui<\/a>.<\/p>\n<p dir=\"auto\">A primeira edi\u00e7\u00e3o da Caminhada nas Trilhas Ecol\u00f3gicas foi institu\u00edda pelo Decreto Distrital n\u00ba 48.742 de 2026\u00a0 e promete mobilizar pessoas interessadas em praticar atividade f\u00edsica na natureza e, ao mesmo tempo, contribuir para preservar o Cerrado.<\/p>\n<p dir=\"auto\"><strong>\u00d3dio \u00e0s Mulheres N\u00e3o \u00c9 Opini\u00e3o\u00a0<\/strong><\/p>\n<p dir=\"auto\">E no domingo, 02\/08, dia de metr\u00f4 e \u00f4nibus gratuito, o Distrito Federal vai participar do ato nacional pela aprova\u00e7\u00e3o do Projeto de Lei (PL) 896\/2023, mais conhecido como PL contra a Misoginia.<\/p>\n<p dir=\"auto\">O Projeto de Lei inclui o \u00f3dio, o preconceito ou discrimina\u00e7\u00e3o contra mulheres como crime similar ao racismo. Em mar\u00e7o, o PL foi aprovado no Senado por unanimidade. Isto \u00e9, com 67 votos a 0. Mas empacou ao chegar na C\u00e2mara dos Deputados.\u00a0Enquanto deputados federais se calam e se omitem,\u00a0 a viol\u00eancia contra as mulheres no mundo f\u00edsico e no mundo virtual segue crescendo.<\/p>\n<p dir=\"auto\">Atualmente, uma mulher \u00e9 assassinada no Brasil\u00a0 a cada 05 horas, o equivalente a quatro feminic\u00eddios por dia. Mas o\u00a0\u00a0femin\u00edcidio \u00e9 o \u00e1pice de uma escalada de viol\u00eancias que come\u00e7a bem antes. Inicia com o preconceito, com humilha\u00e7\u00e3o,\u00a0 com gritos e amea\u00e7as, inclusive na frente dos filhos, crescendo para outros tipos de viol\u00eancia dom\u00e9stica. <a href=\"https:\/\/www.institutomariadapenha.org.br\/\">Saiba mais aqui.<\/a><\/p>\n<p dir=\"auto\">Essa escalada n\u00e3o se restringe mais ao mundo presencial. Com a internet, a viol\u00eancia foi ampliada para o mundo digital. L\u00e1,\u00a0 grupos de homens, entre eles aqueles que se consideram melhores que as mulheres, destilam <em>online<\/em> preconceito e \u00f3dio contra meninas e mulheres.<\/p>\n<p dir=\"auto\">\u00d3dio e preconceito n\u00e3o \u00e9 apenas opini\u00e3o. Al\u00e9m de desrespeitar as mulheres, esses sites\u00a0 estimulam o\u00a0 \u00f3dio e a viol\u00eancia tamb\u00e9m contra as meninas e\u00a0 est\u00e3o estimulando a viol\u00eancia entre meninos e adolescentes. Em geral, sem o conhecimento dos pais.<\/p>\n<p dir=\"auto\">Toda viol\u00eancia contra as mulheres, a maioria delas cuidadoras familiares sem rede de apoio ou prote\u00e7\u00e3o, precisa ser denunciada e combatida.\u00a0Somente assim sairemos da Sociedade da Viol\u00eancia em que o pa\u00eds vive para construir uma Sociedade do Cuidado.<\/p>\n<p dir=\"auto\">No Brasil, 15 Estados j\u00e1 confirmaram a realiza\u00e7\u00e3o de Atos em defesa do PL contra a Misoginia. Em Bras\u00edlia, o Ato vai acontecer a partir das 9h30 no Eix\u00e3o Norte na altura da quadra 204.<\/p>\n<p dir=\"auto\">Traga a fam\u00edlia, convide as amigas, o namorado\/marido. Vista sua camiseta e defenda a vida das meninas e das mulheres.<\/p>\n<p dir=\"auto\">Nos queremos vivas e em seguran\u00e7a.<\/p>\n<p dir=\"auto\">PS: No domingo o\u00a0 Grupo Caminhantes estar\u00e1 no Parque Olhos d&#8217;\u00c1gua a partir das 8h30. Encontro na entrada do Parque, logo ap\u00f3s os banheiros. E depois do lanche compartilhado, estaremos apoiando o\u00a0 Ato Nacional pela aprova\u00e7\u00e3o do PL 896\/2023, no Eix\u00e3o Norte.<\/p>\n","protected":false},"excerpt":{"rendered":"<p>Cosette Castro Bras\u00edlia &#8211; Este fim de semana promete ser movimentado no Distrito Federal.\u00a0No s\u00e1bado haver\u00e1 caminhadas pelas trilhas do DF e no domingo, manifesta\u00e7\u00e3o dos movimentos sociais pela aprova\u00e7\u00e3o do Projeto de Lei 896\/2023, o PL contra a Misoginia. O s\u00e1bado, 01\/08,\u00a0 marca o primeiro Dia dos Trilheiros e Trilheiras do DF com\u00a0 caminhadas gratuitas em 18 parques e [&hellip;]<\/p>\n","protected":false},"author":126,"featured_media":0,"comment_status":"open","ping_status":"open","sticky":false,"template":"","format":"standard","meta":{"footnotes":""},"categories":[1979],"tags":[1981,1982,1865],"class_list":["post-4136","post","type-post","status-publish","format-standard","hentry","category-pl-contra-misoginia","tag-ato-nacional-dia-02-08","tag-dia-dos-trilheiros-e-trilheiras-do-df","tag-pl-contra-misoginia"],"_links":{"self":[{"href":"https:\/\/blogs.correiobraziliense.com.br\/coletivo-filhas-da-mae\/wp-json\/wp\/v2\/posts\/4136","targetHints":{"allow":["GET"]}}],"collection":[{"href":"https:\/\/blogs.correiobraziliense.com.br\/coletivo-filhas-da-mae\/wp-json\/wp\/v2\/posts"}],"about":[{"href":"https:\/\/blogs.correiobraziliense.com.br\/coletivo-filhas-da-mae\/wp-json\/wp\/v2\/types\/post"}],"author":[{"embeddable":true,"href":"https:\/\/blogs.correiobraziliense.com.br\/coletivo-filhas-da-mae\/wp-json\/wp\/v2\/users\/126"}],"replies":[{"embeddable":true,"href":"https:\/\/blogs.correiobraziliense.com.br\/coletivo-filhas-da-mae\/wp-json\/wp\/v2\/comments?post=4136"}],"version-history":[{"count":4,"href":"https:\/\/blogs.correiobraziliense.com.br\/coletivo-filhas-da-mae\/wp-json\/wp\/v2\/posts\/4136\/revisions"}],"predecessor-version":[{"id":4140,"href":"https:\/\/blogs.correiobraziliense.com.br\/coletivo-filhas-da-mae\/wp-json\/wp\/v2\/posts\/4136\/revisions\/4140"}],"wp:attachment":[{"href":"https:\/\/blogs.correiobraziliense.com.br\/coletivo-filhas-da-mae\/wp-json\/wp\/v2\/media?parent=4136"}],"wp:term":[{"taxonomy":"category","embeddable":true,"href":"https:\/\/blogs.correiobraziliense.com.br\/coletivo-filhas-da-mae\/wp-json\/wp\/v2\/categories?post=4136"},{"taxonomy":"post_tag","embeddable":true,"href":"https:\/\/blogs.correiobraziliense.com.br\/coletivo-filhas-da-mae\/wp-json\/wp\/v2\/tags?post=4136"}],"curies":[{"name":"wp","href":"https:\/\/api.w.org\/{rel}","templated":true}]}}