{"id":4115,"date":"2026-07-17T16:50:59","date_gmt":"2026-07-17T19:50:59","guid":{"rendered":"https:\/\/blogs.correiobraziliense.com.br\/coletivo-filhas-da-mae\/?p=4115"},"modified":"2026-07-18T07:43:10","modified_gmt":"2026-07-18T10:43:10","slug":"um-congresso-de-costas-para-a-populacao","status":"publish","type":"post","link":"https:\/\/blogs.correiobraziliense.com.br\/coletivo-filhas-da-mae\/2026\/07\/17\/um-congresso-de-costas-para-a-populacao\/","title":{"rendered":"Um Congresso de Costas para a Popula\u00e7\u00e3o"},"content":{"rendered":"<p>Cosette Castro<\/p>\n<p>Bras\u00edlia &#8211; Esta semana tr\u00eas pautas importantes\u00a0\u00a0para a popula\u00e7\u00e3o brasileira foram deixadas de lado pelo Congresso Nacional.<\/p>\n<p>A falta de prioridade ocorreu apesar da press\u00e3o dos movimentos sociais de Norte a Sul do pa\u00eds que enviaram emails, publicaram v\u00eddeos, fotos e cards nas redes sociais digitais. Tamb\u00e9m foram realizadas visitas aos gabinetes de deputados e senadores de todos os partidos.<\/p>\n<p>Essas tr\u00eas pautas garantem a seguran\u00e7a das mulheres e a qualidade de vida da popula\u00e7\u00e3o em diferentes fases da vida. Elas foram &#8216;esquecidas&#8217; na gaveta at\u00e9 o \u00faltimo dia de trabalhos, 17\/07.<\/p>\n<p>A primeira pauta est\u00e1 tramitando no Senado.<\/p>\n<p>\u00c9 a\u00a0\u00a0Proposta de Emenda Constitucional (PEC) que acaba com a escala 6&#215;1 e diminui a jornada semanal de 44 para 40 horas sem redu\u00e7\u00e3o salarial.<\/p>\n<p>A PEC 221\/2019 foi aprovada na C\u00e2mara dos Deputados por 461 votos a favor e 19 contra e est\u00e1 no Senado esperando entrar na pauta de vota\u00e7\u00e3o. Votaram contra: o PL, o Novo, o Uni\u00e3o Brasil, o PSD, o MDB, o PP e o Miss\u00e3o.<\/p>\n<p>Na C\u00e2mara dos Deputados h\u00e1 duas pautas urgentes que ficaram na gaveta.<\/p>\n<p>Uma das pautas priorit\u00e1rias \u00e9 o Projeto de Lei (PL) 896\/2023, mais conhecido como PL da misoginia. Ele inclui o \u00f3dio, preconceito ou discrimina\u00e7\u00e3o contra mulheres como crime. O PL foi aprovado pelo Senado em mar\u00e7o por unanimidade. Isto \u00e9 67 votos a 0.<\/p>\n<p>Enquanto os deputados federais se calam e se omitem, as viol\u00eancia contra as mulheres no mundo f\u00edsico e no mundo virtual seguem aumentando. Atualmente, uma mulher \u00e9 assassinada no Brasil a cada 05 horas, o equivalente a quatro feminic\u00eddios por dia. Isso n\u00e3o pode continuar ocorrendo.<\/p>\n<p>E a terceira pauta, n\u00e3o menos importante, \u00e9 a Ratifica\u00e7\u00e3o da Conven\u00e7\u00e3o dos Direitos Humanos das Pessoas Idosas atrav\u00e9s do Projeto de Decreto Legislativo (PDL) 863\/2017. Ao contr\u00e1rio dos Projetos de Lei (PLs), um PDL n\u00e3o precisa da san\u00e7\u00e3o ou veto do Presidente da Rep\u00fablica.<\/p>\n<p>A Conven\u00e7\u00e3o Interamericana sobre a Prote\u00e7\u00e3o dos Direitos Humanos dos Idosos \u00e9 um tratado internacional de Direitos Humanos, aprovado pela Assembleia Geral da Organiza\u00e7\u00e3o dos Estados Americanos (OEA) que entrou em vigor internacional no dia 13\/12\/2016. Ou seja, h\u00e1 quase 10 anos.<\/p>\n<p>O Brasil foi o primeiro pa\u00eds a assinar o documento em junho de 2015 na reuni\u00e3o da OEA. Mas para que ele passe a valer em todo o pa\u00eds \u00e9 preciso aprovar a Ratifica\u00e7\u00e3o no Congresso.<\/p>\n<p>O Congresso Nacional volta a se reunir no dia 1o. de agosto, mas vai trabalhar de forma concentrada em dois per\u00edodos: 10 a 14 de agosto e entre 31\/08 e 03 de setembro. E l\u00e1 estar\u00e3o mais uma vez os movimentos sociais e institui\u00e7\u00f5es da sociedade civil em defesa da popula\u00e7\u00e3o brasileira de todas as idades.<\/p>\n<p>Enquanto isso, o Coletivo Filhas da M\u00e3e volta \u00e0s caminhadas de domingo. Dia 19\/07, haver\u00e1 caminhada na Trilha Jatob\u00e1, da Floresta Nacional (FLONA), em Taguatinga. Come\u00e7o da caminhada: 9h. Chegue um pouco antes e participe do Projeto UM DIA NO PARQUE.<\/p>\n<p>Marque na Agenda &#8211;\u00a0 ter\u00e7a-feira, dia 21, tem programa de entrevistas Terceiras Inten\u00e7\u00f5es ao vivo, das 19 \u00e0s 20h no canal do YouTube do Coletivo Filhas da M\u00e3e. A convidada de julho \u00e9 Lenny Blue de Oliveira, advogada e ativista. Ela ser\u00e1 entrevistada pela jornalista M\u00f4nica Carvalho.<\/p>\n<p>&nbsp;<\/p>\n","protected":false},"excerpt":{"rendered":"<p>Cosette Castro Bras\u00edlia &#8211; Esta semana tr\u00eas pautas importantes\u00a0\u00a0para a popula\u00e7\u00e3o brasileira foram deixadas de lado pelo Congresso Nacional. A falta de prioridade ocorreu apesar da press\u00e3o dos movimentos sociais de Norte a Sul do pa\u00eds que enviaram emails, publicaram v\u00eddeos, fotos e cards nas redes sociais digitais. Tamb\u00e9m foram realizadas visitas aos gabinetes de deputados e senadores de todos [&hellip;]<\/p>\n","protected":false},"author":126,"featured_media":0,"comment_status":"open","ping_status":"open","sticky":false,"template":"","format":"standard","meta":{"footnotes":""},"categories":[1642],"tags":[897,442,1972,1973,1971,1970,803],"class_list":["post-4115","post","type-post","status-publish","format-standard","hentry","category-congresso-nacional","tag-camara-dos-deputados","tag-congresso-nacional","tag-pdl-863-2017","tag-pec-da-escala-6x1","tag-pl-da-misoginia","tag-recesso-parlamentar","tag-senado-federal"],"_links":{"self":[{"href":"https:\/\/blogs.correiobraziliense.com.br\/coletivo-filhas-da-mae\/wp-json\/wp\/v2\/posts\/4115","targetHints":{"allow":["GET"]}}],"collection":[{"href":"https:\/\/blogs.correiobraziliense.com.br\/coletivo-filhas-da-mae\/wp-json\/wp\/v2\/posts"}],"about":[{"href":"https:\/\/blogs.correiobraziliense.com.br\/coletivo-filhas-da-mae\/wp-json\/wp\/v2\/types\/post"}],"author":[{"embeddable":true,"href":"https:\/\/blogs.correiobraziliense.com.br\/coletivo-filhas-da-mae\/wp-json\/wp\/v2\/users\/126"}],"replies":[{"embeddable":true,"href":"https:\/\/blogs.correiobraziliense.com.br\/coletivo-filhas-da-mae\/wp-json\/wp\/v2\/comments?post=4115"}],"version-history":[{"count":4,"href":"https:\/\/blogs.correiobraziliense.com.br\/coletivo-filhas-da-mae\/wp-json\/wp\/v2\/posts\/4115\/revisions"}],"predecessor-version":[{"id":4119,"href":"https:\/\/blogs.correiobraziliense.com.br\/coletivo-filhas-da-mae\/wp-json\/wp\/v2\/posts\/4115\/revisions\/4119"}],"wp:attachment":[{"href":"https:\/\/blogs.correiobraziliense.com.br\/coletivo-filhas-da-mae\/wp-json\/wp\/v2\/media?parent=4115"}],"wp:term":[{"taxonomy":"category","embeddable":true,"href":"https:\/\/blogs.correiobraziliense.com.br\/coletivo-filhas-da-mae\/wp-json\/wp\/v2\/categories?post=4115"},{"taxonomy":"post_tag","embeddable":true,"href":"https:\/\/blogs.correiobraziliense.com.br\/coletivo-filhas-da-mae\/wp-json\/wp\/v2\/tags?post=4115"}],"curies":[{"name":"wp","href":"https:\/\/api.w.org\/{rel}","templated":true}]}}