{"id":4109,"date":"2026-07-10T13:31:37","date_gmt":"2026-07-10T16:31:37","guid":{"rendered":"https:\/\/blogs.correiobraziliense.com.br\/coletivo-filhas-da-mae\/?p=4109"},"modified":"2026-07-10T13:31:37","modified_gmt":"2026-07-10T16:31:37","slug":"vacinas-salvam-vidas","status":"publish","type":"post","link":"https:\/\/blogs.correiobraziliense.com.br\/coletivo-filhas-da-mae\/2026\/07\/10\/vacinas-salvam-vidas\/","title":{"rendered":"Vacinas Salvam Vidas"},"content":{"rendered":"<p>Cosette Castro<\/p>\n<p>Bras\u00edlia &#8211; As consequ\u00eancias das not\u00edcias falsas relacionadas \u00e0 sa\u00fade que circulam na internet j\u00e1 aparecem entre a popula\u00e7\u00e3o.<\/p>\n<p>Estudo da Universidade Federal de S\u00e3o Paulo (Unifesp, 2026) aponta que quase 20% da popula\u00e7\u00e3o n\u00e3o est\u00e1 se vacinando. Isso \u00e9 grav\u00edssimo e coloca em risco a sa\u00fade das fam\u00edlias e da popula\u00e7\u00e3o.<\/p>\n<p>N\u00e3o \u00e9 por acaso que o sarampo, doen\u00e7a que j\u00e1 havia sido superada no pa\u00eds, voltou a circular atacando as crian\u00e7as.<\/p>\n<p>Quando a popula\u00e7\u00e3o sem conhecimento t\u00e9cnico sobre os riscos das doen\u00e7as e os sobre benef\u00edcios das vacinas \u00e9 bombardeada com not\u00edcias falsas,\u00a0\u00a0quem\u00a0 sofre s\u00e3o os grupos mais fragilizados. Entre elas as crian\u00e7as, pessoas com defici\u00eancia e pessoas idosas.<\/p>\n<p>Em S\u00e3o Paulo, estado com maior contingente populacional do Brasil, h\u00e1 um surto de sarampo entre a Capital e Guarulhos. J\u00e1 foram registrados sete casos de sarampo e h\u00e1 outros 22 em an\u00e1lise. Em 2025, houve\u00a0\u00a0apenas dois registros no Estado no mesmo per\u00edodo.<\/p>\n<p>Pode parecer um n\u00famero baixo, mas n\u00e3o \u00e9.\u00a0 O v\u00edrus do sarampo permanece\u00a0\u00a0suspenso no ar at\u00e9 duas horas ap\u00f3s sair da pessoa infectada. Ou seja, tem alt\u00edssima taxa de cont\u00e1gio; 90%, particularmente entre os beb\u00eas.<\/p>\n<p>Como medida de preven\u00e7\u00e3o, o Minist\u00e9rio da Sa\u00fade passou a recomendar\u00a0\u00a0&#8220;dose zero&#8221;. Ou seja, o uso de uma vacina adicional da vacina tr\u00edplice viral para beb\u00eas entre 06 e 11 meses e 29 dias. A vacina tr\u00edplice viral protege contra sarampo, caxumba e rub\u00e9ola.<\/p>\n<p>Al\u00e9m dos 10% da popula\u00e7\u00e3o que n\u00e3o est\u00e1 se vacinando nem vacinando os filhos, outros 9,2% deixaram de se vacinar ainda na pandemia. Ao circularem pelos bairros, cidades, estados e pelo pa\u00eds estas pessoas ampliam os riscos de transmiss\u00e3o de doen\u00e7as.<\/p>\n<p>Vale a pena conhecer as principais not\u00edcias falsas que circulam sobre vacinas infantis:<\/p>\n<p>1. A vacina tr\u00edplice viral (SCR) causaria Transtorno do Espectro Autista (TEA).<\/p>\n<p>Fato: o TEA \u00e9 uma condi\u00e7\u00e3o da crian\u00e7a. N\u00e3o \u00e9 adquirido.<\/p>\n<p>2. A aplica\u00e7\u00e3o de m\u00faltiplas vacinas causaria a S\u00edndrome da Morte S\u00fabita Infantil (SMSI).<\/p>\n<p>Fato: Na mesma idade em que as crian\u00e7as precisam tomar vacinas, pode ocorrer a SMSI. N\u00e3o h\u00e1 estudos cient\u00edficos que apresentem rela\u00e7\u00e3o entre eles.<\/p>\n<p>3.As vacinas acumulam metais pesados t\u00f3xicos no organismo das crian\u00e7as.<\/p>\n<p>Fato: As vacinas n\u00e3o cont\u00eam metais pesados como chumbo ou merc\u00fario. No caso do alum\u00ednio, beb\u00eas que amamentam recebem mais taxas de alum\u00ednio pelo leite materno do que ao se vacinar.<\/p>\n<p><strong>Pessoas Idosas<\/strong><\/p>\n<p>Para pessoas idosas, o\u00a0 SUS disponibiliza gratuitamente vacinas contra Influenza, Covid-19, Hepatite B, Difteria e T\u00e9tano (dT), Febre Amarela e Pneumoc\u00f3cica (para grupos espec\u00edficos). Basta ir a Unidade B\u00e1sica de Sa\u00fade (UBS) do seu bairro com identidade e carteira do SUS.<\/p>\n<p>O calend\u00e1rio de vacina\u00e7\u00e3o do SUS tem\u00a0 oferta gratuita de todas as vacinas indicadas pela Organiza\u00e7\u00e3o Mundial da Sa\u00fade (OMS). Elas est\u00e3o dispon\u00edveis para todas as idades.<\/p>\n<p>Mantenha em dia a sua carteira\u00a0 de vacina\u00e7\u00e3o. Vacinas previnem doen\u00e7as e salvam vidas.<\/p>\n","protected":false},"excerpt":{"rendered":"<p>Cosette Castro Bras\u00edlia &#8211; As consequ\u00eancias das not\u00edcias falsas relacionadas \u00e0 sa\u00fade que circulam na internet j\u00e1 aparecem entre a popula\u00e7\u00e3o. Estudo da Universidade Federal de S\u00e3o Paulo (Unifesp, 2026) aponta que quase 20% da popula\u00e7\u00e3o n\u00e3o est\u00e1 se vacinando. Isso \u00e9 grav\u00edssimo e coloca em risco a sa\u00fade das fam\u00edlias e da popula\u00e7\u00e3o. N\u00e3o \u00e9 por acaso que o [&hellip;]<\/p>\n","protected":false},"author":126,"featured_media":0,"comment_status":"open","ping_status":"open","sticky":false,"template":"","format":"standard","meta":{"footnotes":""},"categories":[142],"tags":[924,300,1969,1968,1967],"class_list":["post-4109","post","type-post","status-publish","format-standard","hentry","category-vacina","tag-cuidado-coletivo","tag-pessoas-idosas","tag-prevencao-de-doencas","tag-sarampo","tag-vacinas"],"_links":{"self":[{"href":"https:\/\/blogs.correiobraziliense.com.br\/coletivo-filhas-da-mae\/wp-json\/wp\/v2\/posts\/4109","targetHints":{"allow":["GET"]}}],"collection":[{"href":"https:\/\/blogs.correiobraziliense.com.br\/coletivo-filhas-da-mae\/wp-json\/wp\/v2\/posts"}],"about":[{"href":"https:\/\/blogs.correiobraziliense.com.br\/coletivo-filhas-da-mae\/wp-json\/wp\/v2\/types\/post"}],"author":[{"embeddable":true,"href":"https:\/\/blogs.correiobraziliense.com.br\/coletivo-filhas-da-mae\/wp-json\/wp\/v2\/users\/126"}],"replies":[{"embeddable":true,"href":"https:\/\/blogs.correiobraziliense.com.br\/coletivo-filhas-da-mae\/wp-json\/wp\/v2\/comments?post=4109"}],"version-history":[{"count":2,"href":"https:\/\/blogs.correiobraziliense.com.br\/coletivo-filhas-da-mae\/wp-json\/wp\/v2\/posts\/4109\/revisions"}],"predecessor-version":[{"id":4111,"href":"https:\/\/blogs.correiobraziliense.com.br\/coletivo-filhas-da-mae\/wp-json\/wp\/v2\/posts\/4109\/revisions\/4111"}],"wp:attachment":[{"href":"https:\/\/blogs.correiobraziliense.com.br\/coletivo-filhas-da-mae\/wp-json\/wp\/v2\/media?parent=4109"}],"wp:term":[{"taxonomy":"category","embeddable":true,"href":"https:\/\/blogs.correiobraziliense.com.br\/coletivo-filhas-da-mae\/wp-json\/wp\/v2\/categories?post=4109"},{"taxonomy":"post_tag","embeddable":true,"href":"https:\/\/blogs.correiobraziliense.com.br\/coletivo-filhas-da-mae\/wp-json\/wp\/v2\/tags?post=4109"}],"curies":[{"name":"wp","href":"https:\/\/api.w.org\/{rel}","templated":true}]}}