{"id":4092,"date":"2026-06-29T12:08:32","date_gmt":"2026-06-29T15:08:32","guid":{"rendered":"https:\/\/blogs.correiobraziliense.com.br\/coletivo-filhas-da-mae\/?p=4092"},"modified":"2026-06-29T17:52:13","modified_gmt":"2026-06-29T20:52:13","slug":"entre-o-futebol-e-os-cuidados","status":"publish","type":"post","link":"https:\/\/blogs.correiobraziliense.com.br\/coletivo-filhas-da-mae\/2026\/06\/29\/entre-o-futebol-e-os-cuidados\/","title":{"rendered":"Entre o Futebol e os Cuidados"},"content":{"rendered":"<p>Cosette Castro<\/p>\n<p>Bras\u00edlia &#8211; Hoje a Capital a Federal acordou com aten\u00e7\u00e3o voltada para a Copa do Mundo. Os bancos alteraram o hor\u00e1rio (9 \u00e0s 12h) e a reparti\u00e7\u00f5es p\u00fablicas do Distrito Federal aproveitam o ponto facultativo.<\/p>\n<p>Mas nem todos t\u00eam\u00a0\u00a0direito ao lazer, a assistir futebol e a estar com a fam\u00edlia, com amigos ou vizinhos para torcer pelo Brasil.<\/p>\n<p>Em Bras\u00edlia por exemplo,\u00a0\u00a0quem trabalha em supermercados t\u00eam menos de uma hora de dispensa antes do jogo come\u00e7ar quando ocorre a noite. Como moram nas periferias e dependem do transporte p\u00fablico,\u00a0\u00a0n\u00e3o chegam a tempo para assistir o primeiro tempo. E jogos durante o dia, seguem trabalhando depois do jogo.<\/p>\n<p>Esta \u00e9 apenas uma das facetas da desigualdade existente no pa\u00eds.<\/p>\n<p>\u00c9 tamb\u00e9m nos dias de jogos de futebol que o consumo de \u00e1lcool aumenta e a viol\u00eancia contra a mulher se torna mais pesada. Muitos homens &#8220;descarregam&#8221; sua frustra\u00e7\u00e3o\/raiva\/f\u00faria nos corpos das mulheres.<\/p>\n<p>Segundo o F\u00f3rum Brasileiro de Seguran\u00e7a P\u00fablica (2025),\u00a0 a viol\u00eancia aumenta entre 21 a 26% nesses dias. E o que deveria ser festa e comemora\u00e7\u00e3o se torna horror e risco de vida.<\/p>\n<p>Enquanto isso&#8230;<\/p>\n<p>Na sexta-feira, 26\/06, foi oficializada em Bras\u00edlia a Rede Brasileira de Pesquisa em Cuidados (RBPC). A Rede, baseada na busca de evid\u00eancias, vai incluir pesquisas\u00a0 individuais e em grupos realizadas pela academia e\/ou pelos movimentos sociais.<\/p>\n<p>A Rede leva em considera\u00e7\u00e3o as desigualdades sociais relacionadas a g\u00eanero, ra\u00e7a, classe,\u00a0 idade, defici\u00eancia e territ\u00f3rios, assim como as desigualdades regionais no acesso, financiamento, produ\u00e7\u00e3o e circula\u00e7\u00e3o das pesquisas.<\/p>\n<p>A RBPC toma como base a Pol\u00edtica Nacional de Cuidados aprovada em dezembro de 2024, assim como seus p\u00fablicos priorit\u00e1rios e espec\u00edficos. Mais informa\u00e7\u00f5es sobre os p\u00fablicos no site Brasil que Cuida.<\/p>\n<p>Siga a Rede Brasileira de Pesquisa em Cuidados @redepesquisacuidados.<\/p>\n<p>&nbsp;<\/p>\n","protected":false},"excerpt":{"rendered":"<p>Cosette Castro Bras\u00edlia &#8211; Hoje a Capital a Federal acordou com aten\u00e7\u00e3o voltada para a Copa do Mundo. Os bancos alteraram o hor\u00e1rio (9 \u00e0s 12h) e a reparti\u00e7\u00f5es p\u00fablicas do Distrito Federal aproveitam o ponto facultativo. Mas nem todos t\u00eam\u00a0\u00a0direito ao lazer, a assistir futebol e a estar com a fam\u00edlia, com amigos ou vizinhos para torcer pelo Brasil. [&hellip;]<\/p>\n","protected":false},"author":126,"featured_media":0,"comment_status":"open","ping_status":"open","sticky":false,"template":"","format":"standard","meta":{"footnotes":""},"categories":[1958],"tags":[1954,1959,1955,1956,1957,1023],"class_list":["post-4092","post","type-post","status-publish","format-standard","hentry","category-copa-do-mundo","tag-copa-do-mundo-2026","tag-cuidados","tag-futebol","tag-rbpc","tag-rede-brasileira-de-pesquisa-em-cuidados","tag-violencia-contra-as-mulheres"],"_links":{"self":[{"href":"https:\/\/blogs.correiobraziliense.com.br\/coletivo-filhas-da-mae\/wp-json\/wp\/v2\/posts\/4092","targetHints":{"allow":["GET"]}}],"collection":[{"href":"https:\/\/blogs.correiobraziliense.com.br\/coletivo-filhas-da-mae\/wp-json\/wp\/v2\/posts"}],"about":[{"href":"https:\/\/blogs.correiobraziliense.com.br\/coletivo-filhas-da-mae\/wp-json\/wp\/v2\/types\/post"}],"author":[{"embeddable":true,"href":"https:\/\/blogs.correiobraziliense.com.br\/coletivo-filhas-da-mae\/wp-json\/wp\/v2\/users\/126"}],"replies":[{"embeddable":true,"href":"https:\/\/blogs.correiobraziliense.com.br\/coletivo-filhas-da-mae\/wp-json\/wp\/v2\/comments?post=4092"}],"version-history":[{"count":3,"href":"https:\/\/blogs.correiobraziliense.com.br\/coletivo-filhas-da-mae\/wp-json\/wp\/v2\/posts\/4092\/revisions"}],"predecessor-version":[{"id":4095,"href":"https:\/\/blogs.correiobraziliense.com.br\/coletivo-filhas-da-mae\/wp-json\/wp\/v2\/posts\/4092\/revisions\/4095"}],"wp:attachment":[{"href":"https:\/\/blogs.correiobraziliense.com.br\/coletivo-filhas-da-mae\/wp-json\/wp\/v2\/media?parent=4092"}],"wp:term":[{"taxonomy":"category","embeddable":true,"href":"https:\/\/blogs.correiobraziliense.com.br\/coletivo-filhas-da-mae\/wp-json\/wp\/v2\/categories?post=4092"},{"taxonomy":"post_tag","embeddable":true,"href":"https:\/\/blogs.correiobraziliense.com.br\/coletivo-filhas-da-mae\/wp-json\/wp\/v2\/tags?post=4092"}],"curies":[{"name":"wp","href":"https:\/\/api.w.org\/{rel}","templated":true}]}}