{"id":4074,"date":"2026-06-15T08:05:20","date_gmt":"2026-06-15T11:05:20","guid":{"rendered":"https:\/\/blogs.correiobraziliense.com.br\/coletivo-filhas-da-mae\/?p=4074"},"modified":"2026-06-15T08:05:20","modified_gmt":"2026-06-15T11:05:20","slug":"todo-dia-e-dia-de-acolher-as-pessoas-idosas","status":"publish","type":"post","link":"https:\/\/blogs.correiobraziliense.com.br\/coletivo-filhas-da-mae\/2026\/06\/15\/todo-dia-e-dia-de-acolher-as-pessoas-idosas\/","title":{"rendered":"Todo Dia \u00c9 Dia de Acolher as Pessoas Idosas"},"content":{"rendered":"<p>Cosette Castro &amp; Daniele Cupertino<\/p>\n<p>Bras\u00edlia &#8211; Hoje n\u00e3o \u00e9 um dia qualquer. 15\/06 \u00e9 o dia mundial contra a viol\u00eancia sobre as pessoas idosas e o pa\u00eds precisa falar e escrever muito sobre o tema.<\/p>\n<p>No Brasil, haver\u00e1 diferentes manifesta\u00e7\u00f5es espalhadas pelo pa\u00eds. Entre elas, caminhada em S\u00e3o Paulo, lives, entrevistas, Pr\u00e9-Confer\u00eancia Livre dos Direitos das Pessoas Idosas na Associa\u00e7\u00e3o de Idosos de Taguatinga\/DF. E a noite o Congresso Nacional ser\u00e1 iluminado chamando aten\u00e7\u00e3o contra a viol\u00eancia e o preconceito.<\/p>\n<p>Todas essas manifesta\u00e7\u00f5es n\u00e3o ocorrem por acaso. Junto com o r\u00e1pido processo de envelhecimento da popula\u00e7\u00e3o &#8211; somos 36 milh\u00f5es segundo o IBGE (2026) &#8211; crescem as den\u00fancias de viol\u00eancia contra as pessoas 60+.<\/p>\n<p>Segundo o Atlas da Viol\u00eancia (IPEA\/FBSP, 2026) houve um aumento de 226,3% na \u00faltima d\u00e9cada. E essa viol\u00eancia ocorre na maior parte dos casos dentro de casa, no n\u00facleo familiar atingindo com mais for\u00e7a as mulheres. Ou seja, as mulheres brasileiras seguem sofrendo viol\u00eancias e amea\u00e7as, mesmo aos 60, 70 e 80 anos ou mais.<\/p>\n<p>Hoje o Blog abre espa\u00e7o para mais uma convidada especial no Junho Violeta: a m\u00e9dica Daniele Cupertino. Ela \u00e9 vice-presidente da Sociedade Brasileira de Geriatria e Gerontologia (SBGG) no Distrito Federal.<\/p>\n<p>Daniele Cupertino &#8211; &#8220;Envelhecer precisa ser sin\u00f4nimo de respeito e seguran\u00e7a, mas, infelizmente, a realidade no Brasil ainda mostra milhares de pessoas idosas que sofrem caladas, quase sempre dentro da pr\u00f3pria casa.<\/p>\n<p>Embora o tema tenha ganhado maior visibilidade nos \u00faltimos anos, a viol\u00eancia sempre foi motivo de preocupa\u00e7\u00e3o devido \u00e0s diversas formas pelas quais ela se manifesta e ao seu impacto na sa\u00fade, na dignidade e na qualidade de vida.<\/p>\n<p>A viol\u00eancia nem sempre deixa marcas vis\u00edveis. Ela pode se manifestar no sil\u00eancio, na neglig\u00eancia, no abandono, na exclus\u00e3o social, no controle financeiro, na infantiliza\u00e7\u00e3o e tamb\u00e9m na desvaloriza\u00e7\u00e3o da autonomia e das decis\u00f5es da pessoa idosa. Muitas vezes, esses comportamentos s\u00e3o naturalizados no cotidiano, tornando a viol\u00eancia ainda mais dif\u00edcil de ser identificada e enfrentada.<\/p>\n<p>Envelhecer \u00e9 uma conquista. Garantir a dignidade de quem envelhece \u00e9 obriga\u00e7\u00e3o de todos n\u00f3s. Precisamos mudar isso juntos e \u00e9 poss\u00edvel come\u00e7ar com atitudes bem simples:<\/p>\n<p>1.Ou\u00e7a de verdade e respeite as opini\u00f5es das pessoas idosas<\/p>\n<p>2.Incentive a autonomia. Deixe que a pessoa idosa fa\u00e7a o que ainda consegue fazer<\/p>\n<p>3.Preste aten\u00e7\u00e3o em sinais de isolamento ou tristeza<\/p>\n<p>4.Acolha em vez de julgar<\/p>\n<p>A prote\u00e7\u00e3o familiar, social e do Estado precisam que caminhar juntas. Caso voc\u00ea tenha visto ou suspeite de alguma coisa que possa caracterizar viol\u00eancia contra uma pessoa idosa, n\u00e3o feche os olhos e n\u00e3o se cale.<\/p>\n<p>Ligue para o Disque 100. \u00c9 um servi\u00e7o do Minist\u00e9rio dos Direitos Humanos e da Cidadania (MDHC) dedicado a receber, analisar e encaminhar den\u00fancias de viola\u00e7\u00f5es de Direitos Humanos. O Disque 100 tem funcionamento gratuito e an\u00f4nimo, 24 horas por dia.<\/p>\n<p>Conviver com respeito, sem discrimina\u00e7\u00e3o, e cuidar das pessoas idosas \u00e9 fundamental para construir uma sociedade que estimule a dignidade, que acolha, proteja e valorize as pessoas idosas em todos espa\u00e7os de conviv\u00eancia.<\/p>\n<p>Uma sociedade que respeita suas pessoas idosas \u00e9 uma sociedade que valoriza sua pr\u00f3pria hist\u00f3ria, fortalece seus v\u00ednculos e constr\u00f3i um futuro mais humano para todas as idades.&#8221;<\/p>\n<p><strong>Para Marcar na Agenda\u00a0<\/strong><\/p>\n<p>Esta semana em Bras\u00edlia acontecer\u00e1 a <strong>6a. Confer\u00eancia Livre dos Direitos das Pessoas Idosas<\/strong> no dia 19\/06, pela manh\u00e3, na sede do Cofen, localizado na Entrequadra 208 Sul. L\u00e1 ser\u00e3o aprovadas as propostas oriundas de quatro regi\u00f5es administrativas do Distrito Federal. A organiza\u00e7\u00e3o \u00e9 do F\u00f3rum Distrital em Defesa dos Direitos das Pessoas Idosas e parceiros, entre eles o Coletivo Filhas da M\u00e3e.<\/p>\n<p>E no domingo, 21\/06, acontecer\u00e1 a <strong>4a. Caminhada em Defesa das Pessoas Idosas<\/strong>. A 4a. Caminhada vai acontecer no Eix\u00e3o Norte, a partir das 8h30, saindo da 205 Norte em frente da Delegacia da Crian\u00e7a e do Adolescente. A 4a. Caminhada \u00e9 organizada pelo Coletivo Filhas da M\u00e3e e parceiros. Esperamos voc\u00ea!<\/p>\n","protected":false},"excerpt":{"rendered":"<p>Cosette Castro &amp; Daniele Cupertino Bras\u00edlia &#8211; Hoje n\u00e3o \u00e9 um dia qualquer. 15\/06 \u00e9 o dia mundial contra a viol\u00eancia sobre as pessoas idosas e o pa\u00eds precisa falar e escrever muito sobre o tema. No Brasil, haver\u00e1 diferentes manifesta\u00e7\u00f5es espalhadas pelo pa\u00eds. Entre elas, caminhada em S\u00e3o Paulo, lives, entrevistas, Pr\u00e9-Confer\u00eancia Livre dos Direitos das Pessoas Idosas na [&hellip;]<\/p>\n","protected":false},"author":126,"featured_media":0,"comment_status":"open","ping_status":"open","sticky":false,"template":"","format":"standard","meta":{"footnotes":""},"categories":[1946],"tags":[924,1597,5,300,852],"class_list":["post-4074","post","type-post","status-publish","format-standard","hentry","category-dia-mundial-de-conscientizacao-sobre-a-violencia-contra-pessoas-idosas","tag-cuidado-coletivo","tag-dia-mundial-de-conscientizacao-da-violencia-contra-a-pessoa-idosa","tag-envelhecimento","tag-pessoas-idosas","tag-violencia-contra-pessoas-idosas"],"_links":{"self":[{"href":"https:\/\/blogs.correiobraziliense.com.br\/coletivo-filhas-da-mae\/wp-json\/wp\/v2\/posts\/4074","targetHints":{"allow":["GET"]}}],"collection":[{"href":"https:\/\/blogs.correiobraziliense.com.br\/coletivo-filhas-da-mae\/wp-json\/wp\/v2\/posts"}],"about":[{"href":"https:\/\/blogs.correiobraziliense.com.br\/coletivo-filhas-da-mae\/wp-json\/wp\/v2\/types\/post"}],"author":[{"embeddable":true,"href":"https:\/\/blogs.correiobraziliense.com.br\/coletivo-filhas-da-mae\/wp-json\/wp\/v2\/users\/126"}],"replies":[{"embeddable":true,"href":"https:\/\/blogs.correiobraziliense.com.br\/coletivo-filhas-da-mae\/wp-json\/wp\/v2\/comments?post=4074"}],"version-history":[{"count":2,"href":"https:\/\/blogs.correiobraziliense.com.br\/coletivo-filhas-da-mae\/wp-json\/wp\/v2\/posts\/4074\/revisions"}],"predecessor-version":[{"id":4076,"href":"https:\/\/blogs.correiobraziliense.com.br\/coletivo-filhas-da-mae\/wp-json\/wp\/v2\/posts\/4074\/revisions\/4076"}],"wp:attachment":[{"href":"https:\/\/blogs.correiobraziliense.com.br\/coletivo-filhas-da-mae\/wp-json\/wp\/v2\/media?parent=4074"}],"wp:term":[{"taxonomy":"category","embeddable":true,"href":"https:\/\/blogs.correiobraziliense.com.br\/coletivo-filhas-da-mae\/wp-json\/wp\/v2\/categories?post=4074"},{"taxonomy":"post_tag","embeddable":true,"href":"https:\/\/blogs.correiobraziliense.com.br\/coletivo-filhas-da-mae\/wp-json\/wp\/v2\/tags?post=4074"}],"curies":[{"name":"wp","href":"https:\/\/api.w.org\/{rel}","templated":true}]}}